{"id":380276,"date":"2018-06-11T00:09:43","date_gmt":"2018-06-11T05:09:43","guid":{"rendered":"http:\/\/www.diarioimagen.net\/?p=380276"},"modified":"2018-06-11T02:01:28","modified_gmt":"2018-06-11T07:01:28","slug":"panistas-se-suman-a-la-campana-del-priista-arturo-martinez-alfaro","status":"publish","type":"post","link":"https:\/\/www.diarioimagen.net\/?p=380276","title":{"rendered":"Panistas se suman a la campa\u00f1a del pri\u00edsta Arturo Mart\u00ednez Alfaro"},"content":{"rendered":"<ul>\n<li><strong><em>Candidato a Huixquilucan<\/em><\/strong><\/li>\n<\/ul>\n<p>&nbsp;<\/p>\n<div id=\"attachment_380367\" style=\"width: 470px\" class=\"wp-caption aligncenter\"><a href=\"http:\/\/www.diarioimagen.net\/?attachment_id=380367\" rel=\"attachment wp-att-380367\"><img loading=\"lazy\" decoding=\"async\" aria-describedby=\"caption-attachment-380367\" class=\"size-large wp-image-380367\" src=\"http:\/\/www.diarioimagen.net\/wp-content\/uploads\/2018\/06\/HUIXQUILUCAB-3386-460x259.jpg\" alt=\"\" width=\"460\" height=\"259\" srcset=\"https:\/\/www.diarioimagen.net\/wp-content\/uploads\/2018\/06\/HUIXQUILUCAB-3386-460x259.jpg 460w, https:\/\/www.diarioimagen.net\/wp-content\/uploads\/2018\/06\/HUIXQUILUCAB-3386-240x135.jpg 240w, https:\/\/www.diarioimagen.net\/wp-content\/uploads\/2018\/06\/HUIXQUILUCAB-3386-235x132.jpg 235w, https:\/\/www.diarioimagen.net\/wp-content\/uploads\/2018\/06\/HUIXQUILUCAB-3386-202x114.jpg 202w, https:\/\/www.diarioimagen.net\/wp-content\/uploads\/2018\/06\/HUIXQUILUCAB-3386-350x196.jpg 350w, https:\/\/www.diarioimagen.net\/wp-content\/uploads\/2018\/06\/HUIXQUILUCAB-3386-220x123.jpg 220w, https:\/\/www.diarioimagen.net\/wp-content\/uploads\/2018\/06\/HUIXQUILUCAB-3386-237x132.jpg 237w, https:\/\/www.diarioimagen.net\/wp-content\/uploads\/2018\/06\/HUIXQUILUCAB-3386.jpg 480w\" sizes=\"auto, (max-width: 460px) 100vw, 460px\" \/><\/a><p id=\"caption-attachment-380367\" class=\"wp-caption-text\">El pri\u00edsta Arturo Mart\u00ednez Alfaro dio la bienvenida a militantes panistas del municipio, encabezados por el ex alcalde Guillermo Espinosa.<\/p><\/div>\n<p>&nbsp;<\/p>\n<p><strong>Huixquilucan, Estado de M\u00e9xico.<\/strong>&#8211; El candidato del PRI a la alcald\u00eda de Huixquilucan Arturo Mart\u00ednez Alfaro, dio la bienvenida a militantes panistas del municipio, encabezados por Guillermo Espinosa ex alcalde.<\/p>\n<p>Durante la recepci\u00f3n de los ahora ex panistas, Mart\u00ednez Alfaro, destac\u00f3 que la guerra est\u00e1 presente, sin embargo, para el aspirante a la alcald\u00eda de Huixquilucan, lo importante es ir casa por casa para convencer de viva voz al electorado.<\/p>\n<p>Por su parte, el ex presidente municipal, Guillermo Espinosa destac\u00f3 que\u00a0 el adherirse a la campa\u00f1a de Arturo Mart\u00ednez Alfaro, fue por decisi\u00f3n propia de los panistas, adem\u00e1s de estar convencidos de que el pri\u00edsta tiene las mejores propuestas y el mejor proyecto de gobierno.<\/p>\n<p>\u201cEl cambio que anhela la sociedad es uno verdadero y los panistas est\u00e1n convencidos que ese cambio,\u00a0 est\u00e1 en el maestro Arturo Mart\u00ednez Alfaro, por eso al ver que en el PAN postularon a una persona no grata decidimos estar con qui\u00e9n como servidor p\u00fablico utiliza las 24 horas del d\u00eda\u201d.<\/p>\n<p>A\u00f1adi\u00f3 que los simpatizantes libres de acci\u00f3n nacional, hemos decidido apoyarlo en su camino a la presidencia municipal, y acompa\u00f1arlo todos los d\u00edas, y no descansaremos hasta que llegue a la presidencia municipal, mencion\u00f3.<\/p>\n<p>En el evento, Guillermo Espinosa ex alcalde de Huixquilucan, a\u00f1adi\u00f3 que la presidencia municipal exige estar preocupado por todo los problemas que se viven en el lugar y velar por el desarrollo del municipio de manera permanente.<\/p>\n<p>Indic\u00f3 que, se debe ser el facilitador de creaci\u00f3n de empleos con transparencia y rendici\u00f3n de cuentas.<\/p>\n<p>Juntos buscar\u00e1n la creaci\u00f3n de impulsar la educaci\u00f3n media superior y superior para el bien del municipio.<\/p>\n<p>Record\u00f3 que en las diversas zonas del municipio de padecen grandes problemas\u00a0 todos los habitantes desde la zona residencial hasta cabecera.<\/p>\n<p>Por ello, conf\u00edo que Mart\u00ednez Alfaro, como servidor p\u00fablico a\u00a0 destacado y ahora como presidente municipal, dar\u00e1 soluci\u00f3n a las carencias de la Poblaci\u00f3n.<\/p>\n<p>Este domingo, luego de la adhesi\u00f3n de los panistas, contin\u00fao con su campa\u00f1a por las rancher\u00edas , colonias y poblados de Huixquilucan<\/p>\n<p>Magdalena Chichicaspa, es una de las zonas que recorri\u00f3 este domingo, casa por casa , adem\u00e1s de Palo Solo, federal Burocr\u00e1tica, El Bosque, San Fernando, Jes\u00fas del Monte y la Melchor.<\/p>\n<p>Adem\u00e1s recibi\u00f3 el apoyo de David Korenfed ex director de Conagua, y destacado huixquiluquense.<\/p>\n<p>En cada uno de estos lugares la demanda mayor es seguridad de donde dijo ser\u00e1 lo primero que atender\u00e1 una vez que llegue a la presidencia municipal dado que no hay rinc\u00f3n del municipio que no le hayan manifestado la necesidad de mayor seguridad p\u00fablica.<\/p>\n<p>Insisti\u00f3 en los cuatro ejes que mantiene si llega al\u00a0 gobierno de Huixquilucan entre ellos prioridad a seguridad p\u00fablica.<\/p>\n","protected":false},"excerpt":{"rendered":"<p>El candidato del PRI a la alcald\u00eda de Huixquilucan Arturo Mart\u00ednez Alfaro, dio la bienvenida a militantes panistas del municipio, encabezados por Guillermo Espinosa ex alcalde.<\/p>\n","protected":false},"author":3,"featured_media":380367,"comment_status":"open","ping_status":"open","sticky":false,"template":"","format":"standard","meta":{"_monsterinsights_skip_tracking":false,"_monsterinsights_sitenote_active":false,"_monsterinsights_sitenote_note":"","_monsterinsights_sitenote_category":0,"footnotes":""},"categories":[35155],"tags":[6185,43675,50797,63040],"class_list":["post-380276","post","type-post","status-publish","format-standard","has-post-thumbnail","hentry","category-estado-de-mexico-estado-de-mexico","tag-campana","tag-estado-de-mexico","tag-huizquilucan","tag-suman"],"_links":{"self":[{"href":"https:\/\/www.diarioimagen.net\/index.php?rest_route=\/wp\/v2\/posts\/380276","targetHints":{"allow":["GET"]}}],"collection":[{"href":"https:\/\/www.diarioimagen.net\/index.php?rest_route=\/wp\/v2\/posts"}],"about":[{"href":"https:\/\/www.diarioimagen.net\/index.php?rest_route=\/wp\/v2\/types\/post"}],"author":[{"embeddable":true,"href":"https:\/\/www.diarioimagen.net\/index.php?rest_route=\/wp\/v2\/users\/3"}],"replies":[{"embeddable":true,"href":"https:\/\/www.diarioimagen.net\/index.php?rest_route=%2Fwp%2Fv2%2Fcomments&post=380276"}],"version-history":[{"count":0,"href":"https:\/\/www.diarioimagen.net\/index.php?rest_route=\/wp\/v2\/posts\/380276\/revisions"}],"wp:featuredmedia":[{"embeddable":true,"href":"https:\/\/www.diarioimagen.net\/index.php?rest_route=\/wp\/v2\/media\/380367"}],"wp:attachment":[{"href":"https:\/\/www.diarioimagen.net\/index.php?rest_route=%2Fwp%2Fv2%2Fmedia&parent=380276"}],"wp:term":[{"taxonomy":"category","embeddable":true,"href":"https:\/\/www.diarioimagen.net\/index.php?rest_route=%2Fwp%2Fv2%2Fcategories&post=380276"},{"taxonomy":"post_tag","embeddable":true,"href":"https:\/\/www.diarioimagen.net\/index.php?rest_route=%2Fwp%2Fv2%2Ftags&post=380276"}],"curies":[{"name":"wp","href":"https:\/\/api.w.org\/{rel}","templated":true}]}}