{"id":380278,"date":"2018-06-11T00:03:05","date_gmt":"2018-06-11T05:03:05","guid":{"rendered":"http:\/\/www.diarioimagen.net\/?p=380278"},"modified":"2018-06-11T02:35:32","modified_gmt":"2018-06-11T07:35:32","slug":"denuncia-pedro-rodriguez-aspirante-del-pvem-a-alcalde-intento-de-atentado","status":"publish","type":"post","link":"https:\/\/www.diarioimagen.net\/?p=380278","title":{"rendered":"Denuncia Pedro Rodr\u00edguez, aspirante del PVEM a alcalde, intento de atentado"},"content":{"rendered":"<ul>\n<li><strong><em>Busca la alcald\u00eda de Atizap\u00e1n<\/em><\/strong><\/li>\n<\/ul>\n<p>&nbsp;<\/p>\n<div id=\"attachment_380373\" style=\"width: 470px\" class=\"wp-caption aligncenter\"><a href=\"http:\/\/www.diarioimagen.net\/?attachment_id=380373\" rel=\"attachment wp-att-380373\"><img loading=\"lazy\" decoding=\"async\" aria-describedby=\"caption-attachment-380373\" class=\"size-large wp-image-380373\" src=\"http:\/\/www.diarioimagen.net\/wp-content\/uploads\/2018\/06\/ATIZAPAN-3386-460x259.jpg\" alt=\"\" width=\"460\" height=\"259\" srcset=\"https:\/\/www.diarioimagen.net\/wp-content\/uploads\/2018\/06\/ATIZAPAN-3386-460x259.jpg 460w, https:\/\/www.diarioimagen.net\/wp-content\/uploads\/2018\/06\/ATIZAPAN-3386-240x135.jpg 240w, https:\/\/www.diarioimagen.net\/wp-content\/uploads\/2018\/06\/ATIZAPAN-3386-235x132.jpg 235w, https:\/\/www.diarioimagen.net\/wp-content\/uploads\/2018\/06\/ATIZAPAN-3386-202x114.jpg 202w, https:\/\/www.diarioimagen.net\/wp-content\/uploads\/2018\/06\/ATIZAPAN-3386-350x196.jpg 350w, https:\/\/www.diarioimagen.net\/wp-content\/uploads\/2018\/06\/ATIZAPAN-3386-220x123.jpg 220w, https:\/\/www.diarioimagen.net\/wp-content\/uploads\/2018\/06\/ATIZAPAN-3386-237x132.jpg 237w, https:\/\/www.diarioimagen.net\/wp-content\/uploads\/2018\/06\/ATIZAPAN-3386.jpg 480w\" sizes=\"auto, (max-width: 460px) 100vw, 460px\" \/><\/a><p id=\"caption-attachment-380373\" class=\"wp-caption-text\">Pedro Rodr\u00edguez Villegas denunci\u00f3 que el lunes pasado dos personas cortaron cartucho y se dirigieron a \u00e9l, con la finalidad de atentar contra su vida.<\/p><\/div>\n<p>&nbsp;<\/p>\n<p><strong>Atizap\u00e1n, Estado de M\u00e9xico<\/strong>.- El candidato del Partido Verde Ecologista de M\u00e9xico (PVEM) a la alcald\u00eda de Atizap\u00e1n de Zaragoza, Pedro Rodr\u00edguez Villegas, present\u00f3 una denuncia ante el agente del Ministerio P\u00fablico por el intento -el lunes 4 de junio- de un fallido atentado en su contra.<\/p>\n<p>En conferencia de prensa, Rodr\u00edguez Villegas asegur\u00f3 estar en pl\u00e1ticas con el gobierno del estado para reforzar su seguridad y la de su equipo de campa\u00f1a.<\/p>\n<p>Dio a conocer que el pasado lunes 4 de junio sobre la avenida ayuntamiento en el municipio de referencia una motocicleta con dos personas a bordo cortaron cartucho y se dirigieron a \u00e9l con la finalidad de atentar contra su vida, testigos presenciales informaron al equipo de seguridad del candidato que los dos sujetos armados ya esperaban al candidato refiri\u00e9ndose a \u00e9l como \u201cel objetivo\u201d\u00a0 y diciendo \u201cde hoy no pasa\u201d.<\/p>\n<p>En la conferencia de prensa Pedro Rodr\u00edguez estuvo acompa\u00f1ado por Fabi\u00e1n Enr\u00edquez G\u00e1miz, de la Secretar\u00eda de Procesos Electorales del Comit\u00e9 Estatal del PVEM, Estado de M\u00e9xico y Mart\u00edn Fernando Alfaro, representante del Partido Verde ante el Consejo General del IEEM.<\/p>\n","protected":false},"excerpt":{"rendered":"<p>El candidato del Partido Verde Ecologista de M\u00e9xico (PVEM) a la alcald\u00eda de Atizap\u00e1n de Zaragoza, Pedro Rodr\u00edguez Villegas, present\u00f3 una denuncia ante el agente del Ministerio P\u00fablico por el intento -el lunes 4 de junio- de un fallido atentado en su contra.<\/p>\n","protected":false},"author":3,"featured_media":380373,"comment_status":"open","ping_status":"open","sticky":false,"template":"","format":"standard","meta":{"_monsterinsights_skip_tracking":false,"_monsterinsights_sitenote_active":false,"_monsterinsights_sitenote_note":"","_monsterinsights_sitenote_category":0,"footnotes":""},"categories":[35155],"tags":[969,43675,1416],"class_list":["post-380278","post","type-post","status-publish","format-standard","has-post-thumbnail","hentry","category-estado-de-mexico-estado-de-mexico","tag-atizapan","tag-estado-de-mexico","tag-pvem"],"_links":{"self":[{"href":"https:\/\/www.diarioimagen.net\/index.php?rest_route=\/wp\/v2\/posts\/380278","targetHints":{"allow":["GET"]}}],"collection":[{"href":"https:\/\/www.diarioimagen.net\/index.php?rest_route=\/wp\/v2\/posts"}],"about":[{"href":"https:\/\/www.diarioimagen.net\/index.php?rest_route=\/wp\/v2\/types\/post"}],"author":[{"embeddable":true,"href":"https:\/\/www.diarioimagen.net\/index.php?rest_route=\/wp\/v2\/users\/3"}],"replies":[{"embeddable":true,"href":"https:\/\/www.diarioimagen.net\/index.php?rest_route=%2Fwp%2Fv2%2Fcomments&post=380278"}],"version-history":[{"count":0,"href":"https:\/\/www.diarioimagen.net\/index.php?rest_route=\/wp\/v2\/posts\/380278\/revisions"}],"wp:featuredmedia":[{"embeddable":true,"href":"https:\/\/www.diarioimagen.net\/index.php?rest_route=\/wp\/v2\/media\/380373"}],"wp:attachment":[{"href":"https:\/\/www.diarioimagen.net\/index.php?rest_route=%2Fwp%2Fv2%2Fmedia&parent=380278"}],"wp:term":[{"taxonomy":"category","embeddable":true,"href":"https:\/\/www.diarioimagen.net\/index.php?rest_route=%2Fwp%2Fv2%2Fcategories&post=380278"},{"taxonomy":"post_tag","embeddable":true,"href":"https:\/\/www.diarioimagen.net\/index.php?rest_route=%2Fwp%2Fv2%2Ftags&post=380278"}],"curies":[{"name":"wp","href":"https:\/\/api.w.org\/{rel}","templated":true}]}}