{"id":380280,"date":"2018-06-11T00:07:03","date_gmt":"2018-06-11T05:07:03","guid":{"rendered":"http:\/\/www.diarioimagen.net\/?p=380280"},"modified":"2018-06-11T02:09:31","modified_gmt":"2018-06-11T07:09:31","slug":"el-1-de-julio-con-la-fuerza-de-la-militancia-priista-nadie-nos-detendra-cesar-camacho","status":"publish","type":"post","link":"https:\/\/www.diarioimagen.net\/?p=380280","title":{"rendered":"El 1 de julio, con la fuerza de la militancia pri\u00edsta, nadie nos detendr\u00e1:  C\u00e9sar Camacho"},"content":{"rendered":"<ul>\n<li><strong><em>\u201cEn su momento vamos a cosechar todos\u201d<\/em><\/strong><\/li>\n<\/ul>\n<p>&nbsp;<\/p>\n<div id=\"attachment_380376\" style=\"width: 470px\" class=\"wp-caption aligncenter\"><a href=\"http:\/\/www.diarioimagen.net\/?attachment_id=380376\" rel=\"attachment wp-att-380376\"><img loading=\"lazy\" decoding=\"async\" aria-describedby=\"caption-attachment-380376\" class=\"size-large wp-image-380376\" src=\"http:\/\/www.diarioimagen.net\/wp-content\/uploads\/2018\/06\/VALLE-3386-460x259.jpg\" alt=\"\" width=\"460\" height=\"259\" srcset=\"https:\/\/www.diarioimagen.net\/wp-content\/uploads\/2018\/06\/VALLE-3386-460x259.jpg 460w, https:\/\/www.diarioimagen.net\/wp-content\/uploads\/2018\/06\/VALLE-3386-240x135.jpg 240w, https:\/\/www.diarioimagen.net\/wp-content\/uploads\/2018\/06\/VALLE-3386-235x132.jpg 235w, https:\/\/www.diarioimagen.net\/wp-content\/uploads\/2018\/06\/VALLE-3386-202x114.jpg 202w, https:\/\/www.diarioimagen.net\/wp-content\/uploads\/2018\/06\/VALLE-3386-350x196.jpg 350w, https:\/\/www.diarioimagen.net\/wp-content\/uploads\/2018\/06\/VALLE-3386-220x123.jpg 220w, https:\/\/www.diarioimagen.net\/wp-content\/uploads\/2018\/06\/VALLE-3386-237x132.jpg 237w, https:\/\/www.diarioimagen.net\/wp-content\/uploads\/2018\/06\/VALLE-3386.jpg 480w\" sizes=\"auto, (max-width: 460px) 100vw, 460px\" \/><\/a><p id=\"caption-attachment-380376\" class=\"wp-caption-text\">C\u00e9sar Camacho reiter\u00f3 que \u00e9ste es el tiempo para que las oportunidades de hombres y mujeres sean id\u00e9nticas.<\/p><\/div>\n<p>&nbsp;<\/p>\n<p><strong>Villa de Allende, Estado de M\u00e9xico<\/strong>.- El candidato del PRI al Senado por el Estado de M\u00e9xico, C\u00e9sar Camacho, llam\u00f3 a los pri\u00edstas para que, de aqu\u00ed al 1 de julio, \u201ccada quien siembre y cuide su parcela, porque en su momento vamos a cosechar todos\u201d.<\/p>\n<p>De gira proselitista por la regi\u00f3n sur de la entidad, que inici\u00f3 en los municipios de Zacazonapan y Otzoloapan, el abanderado tricolor pidi\u00f3 a sus compa\u00f1eros de partido llevar a los hechos la presencia f\u00edsica \u201cy con argumentos convencer a los indecisos\u201d.<\/p>\n<p>En medio de nutridas muestras de reconocimiento por parte de los centenares de asistentes, Camacho asegur\u00f3 que \u201ccon la fuerza de la militancia nada ni nadie nos detiene por lo que les faltar\u00e1n manos y dedos para contarnos porque somos m\u00e1s los que estamos a favor del mejor proyecto de naci\u00f3n\u201d.<\/p>\n<p>M\u00e1s tarde, en Santo Tom\u00e1s de los Pl\u00e1tanos, y ante un vigoroso grupo de lugare\u00f1os, el ex gobernador mexiquense record\u00f3 que, de cara a la elecci\u00f3n del 1 de julio, \u201cel beneficio central de este trato debe ser para la gente, lograr que todos los mexicanos seamos iguales no s\u00f3lo en la ley, sino tambi\u00e9n en los hechos\u201d. Agreg\u00f3 que \u201cM\u00e9xico necesita un presidente que sepa lo que hace y que sienta pasi\u00f3n por los que menos tienen y por eso debemos votar por Pepe Meade\u201d.<\/p>\n<p>Posteriormente, en Villa de Allende, C\u00e9sar Camacho reiter\u00f3 que este es el tiempo para que las oportunidades de hombres y mujeres sean id\u00e9nticas, por lo que ofreci\u00f3 legislar para que en el art\u00edculo cuarto de la Constituci\u00f3n se adicione el principio de igualdad sustantiva. Adem\u00e1s, se comprometi\u00f3 a legislar para combatir el feminicidio llevando el tipo penal a una Ley General correspondiente, a fin de castigar con la misma severidad este flagelo en todo el pa\u00eds.<\/p>\n<p>Invit\u00f3 a los pri\u00edstas de la localidad a \u201cjug\u00e1rnosla y responder con resultados\u201d el 1 de julio, de la mano del candidato presidencial de la coalici\u00f3n \u201cTodos por M\u00e9xico\u201d, Jos\u00e9 Antonio Meade, porque \u201csi la causa es correcta, el efecto ser\u00e1 mejor por el bien de la patria toda\u201d, concluy\u00f3.<\/p>\n","protected":false},"excerpt":{"rendered":"<p>El candidato del PRI al Senado por el Estado de M\u00e9xico, C\u00e9sar Camacho, llam\u00f3 a los pri\u00edstas para que, de aqu\u00ed al 1 de julio, \u201ccada quien siembre y cuide su parcela, porque en su momento vamos a cosechar todos\u201d.<\/p>\n","protected":false},"author":3,"featured_media":380376,"comment_status":"open","ping_status":"open","sticky":false,"template":"","format":"standard","meta":{"_monsterinsights_skip_tracking":false,"_monsterinsights_sitenote_active":false,"_monsterinsights_sitenote_note":"","_monsterinsights_sitenote_category":0,"footnotes":""},"categories":[35155],"tags":[3184,43675,74738],"class_list":["post-380280","post","type-post","status-publish","format-standard","has-post-thumbnail","hentry","category-estado-de-mexico-estado-de-mexico","tag-cesar-camacho-quiroz","tag-estado-de-mexico","tag-villa-de-allene"],"_links":{"self":[{"href":"https:\/\/www.diarioimagen.net\/index.php?rest_route=\/wp\/v2\/posts\/380280","targetHints":{"allow":["GET"]}}],"collection":[{"href":"https:\/\/www.diarioimagen.net\/index.php?rest_route=\/wp\/v2\/posts"}],"about":[{"href":"https:\/\/www.diarioimagen.net\/index.php?rest_route=\/wp\/v2\/types\/post"}],"author":[{"embeddable":true,"href":"https:\/\/www.diarioimagen.net\/index.php?rest_route=\/wp\/v2\/users\/3"}],"replies":[{"embeddable":true,"href":"https:\/\/www.diarioimagen.net\/index.php?rest_route=%2Fwp%2Fv2%2Fcomments&post=380280"}],"version-history":[{"count":0,"href":"https:\/\/www.diarioimagen.net\/index.php?rest_route=\/wp\/v2\/posts\/380280\/revisions"}],"wp:featuredmedia":[{"embeddable":true,"href":"https:\/\/www.diarioimagen.net\/index.php?rest_route=\/wp\/v2\/media\/380376"}],"wp:attachment":[{"href":"https:\/\/www.diarioimagen.net\/index.php?rest_route=%2Fwp%2Fv2%2Fmedia&parent=380280"}],"wp:term":[{"taxonomy":"category","embeddable":true,"href":"https:\/\/www.diarioimagen.net\/index.php?rest_route=%2Fwp%2Fv2%2Fcategories&post=380280"},{"taxonomy":"post_tag","embeddable":true,"href":"https:\/\/www.diarioimagen.net\/index.php?rest_route=%2Fwp%2Fv2%2Ftags&post=380280"}],"curies":[{"name":"wp","href":"https:\/\/api.w.org\/{rel}","templated":true}]}}