{"id":380282,"date":"2018-06-11T00:01:37","date_gmt":"2018-06-11T05:01:37","guid":{"rendered":"http:\/\/www.diarioimagen.net\/?p=380282"},"modified":"2018-06-11T04:18:23","modified_gmt":"2018-06-11T09:18:23","slug":"gira-de-proselitismo-de-sandra-mendez-en-tultitlan","status":"publish","type":"post","link":"https:\/\/www.diarioimagen.net\/?p=380282","title":{"rendered":"Gira de proselitismo de Sandra M\u00e9ndez, en Tultitl\u00e1n"},"content":{"rendered":"<p><a href=\"http:\/\/www.diarioimagen.net\/?attachment_id=380402\" rel=\"attachment wp-att-380402\"><img loading=\"lazy\" decoding=\"async\" class=\"aligncenter size-large wp-image-380402\" src=\"http:\/\/www.diarioimagen.net\/wp-content\/uploads\/2018\/06\/TULTITLAN-3386-460x259.jpg\" alt=\"\" width=\"460\" height=\"259\" srcset=\"https:\/\/www.diarioimagen.net\/wp-content\/uploads\/2018\/06\/TULTITLAN-3386-460x259.jpg 460w, https:\/\/www.diarioimagen.net\/wp-content\/uploads\/2018\/06\/TULTITLAN-3386-240x135.jpg 240w, https:\/\/www.diarioimagen.net\/wp-content\/uploads\/2018\/06\/TULTITLAN-3386-235x132.jpg 235w, https:\/\/www.diarioimagen.net\/wp-content\/uploads\/2018\/06\/TULTITLAN-3386-202x114.jpg 202w, https:\/\/www.diarioimagen.net\/wp-content\/uploads\/2018\/06\/TULTITLAN-3386-350x196.jpg 350w, https:\/\/www.diarioimagen.net\/wp-content\/uploads\/2018\/06\/TULTITLAN-3386-220x123.jpg 220w, https:\/\/www.diarioimagen.net\/wp-content\/uploads\/2018\/06\/TULTITLAN-3386-237x132.jpg 237w, https:\/\/www.diarioimagen.net\/wp-content\/uploads\/2018\/06\/TULTITLAN-3386.jpg 480w\" sizes=\"auto, (max-width: 460px) 100vw, 460px\" \/><\/a><\/p>\n<p>&nbsp;<\/p>\n<p><strong>Tultitl\u00e1n, Estado de M\u00e9xico<\/strong><strong>.- <\/strong>Durante recorrido de proselitismo en busca del voto que la lleve a ser nuevamente alcaldesa de esta demarcaci\u00f3n, Sandra M\u00e9ndez Hern\u00e1ndez, se reuni\u00f3 con sus amigos de la fundaci\u00f3n Bety Lagunes, quienes le brindaron su respaldo y les coment\u00f3 que cumplir\u00e1 con cada uno de sus compromisos para seguir avanzando y tener un Tultitl\u00e1n con mayor seguridad; tambi\u00e9n agradeci\u00f3 la invitaci\u00f3n de vecinos del Barrio San Juan, con quienes platic\u00f3 de los proyectos integrales de seguridad, pavimentaci\u00f3n, desarrollo econ\u00f3mico, abasto de agua, empleos, desarrollo social, educaci\u00f3n, cultura y deporte.<\/p>\n","protected":false},"excerpt":{"rendered":"<p>Durante recorrido de proselitismo en busca del voto que la lleve a ser nuevamente alcaldesa de esta demarcaci\u00f3n, Sandra M\u00e9ndez Hern\u00e1ndez, se reuni\u00f3 con sus amigos de la fundaci\u00f3n Bety Lagunes.<\/p>\n","protected":false},"author":3,"featured_media":380402,"comment_status":"open","ping_status":"open","sticky":false,"template":"","format":"standard","meta":{"_monsterinsights_skip_tracking":false,"_monsterinsights_sitenote_active":false,"_monsterinsights_sitenote_note":"","_monsterinsights_sitenote_category":0,"footnotes":""},"categories":[35155],"tags":[43675,578],"class_list":["post-380282","post","type-post","status-publish","format-standard","has-post-thumbnail","hentry","category-estado-de-mexico-estado-de-mexico","tag-estado-de-mexico","tag-tultitlan"],"_links":{"self":[{"href":"https:\/\/www.diarioimagen.net\/index.php?rest_route=\/wp\/v2\/posts\/380282","targetHints":{"allow":["GET"]}}],"collection":[{"href":"https:\/\/www.diarioimagen.net\/index.php?rest_route=\/wp\/v2\/posts"}],"about":[{"href":"https:\/\/www.diarioimagen.net\/index.php?rest_route=\/wp\/v2\/types\/post"}],"author":[{"embeddable":true,"href":"https:\/\/www.diarioimagen.net\/index.php?rest_route=\/wp\/v2\/users\/3"}],"replies":[{"embeddable":true,"href":"https:\/\/www.diarioimagen.net\/index.php?rest_route=%2Fwp%2Fv2%2Fcomments&post=380282"}],"version-history":[{"count":0,"href":"https:\/\/www.diarioimagen.net\/index.php?rest_route=\/wp\/v2\/posts\/380282\/revisions"}],"wp:featuredmedia":[{"embeddable":true,"href":"https:\/\/www.diarioimagen.net\/index.php?rest_route=\/wp\/v2\/media\/380402"}],"wp:attachment":[{"href":"https:\/\/www.diarioimagen.net\/index.php?rest_route=%2Fwp%2Fv2%2Fmedia&parent=380282"}],"wp:term":[{"taxonomy":"category","embeddable":true,"href":"https:\/\/www.diarioimagen.net\/index.php?rest_route=%2Fwp%2Fv2%2Fcategories&post=380282"},{"taxonomy":"post_tag","embeddable":true,"href":"https:\/\/www.diarioimagen.net\/index.php?rest_route=%2Fwp%2Fv2%2Ftags&post=380282"}],"curies":[{"name":"wp","href":"https:\/\/api.w.org\/{rel}","templated":true}]}}