{"id":380286,"date":"2018-06-11T00:05:44","date_gmt":"2018-06-11T05:05:44","guid":{"rendered":"http:\/\/www.diarioimagen.net\/?p=380286"},"modified":"2018-06-11T02:14:06","modified_gmt":"2018-06-11T07:14:06","slug":"simpatizantes-de-morena-agreden-a-la-candidata-ana-balderas-en-atizapan","status":"publish","type":"post","link":"https:\/\/www.diarioimagen.net\/?p=380286","title":{"rendered":"Simpatizantes de Morena agreden a la candidata Ana Balderas, en Atizap\u00e1n"},"content":{"rendered":"<ul>\n<li><strong><em>Acusan a gente de Miguel \u00c1ngel Ord\u00f3\u00f1ez y Ruth Olvera<\/em><\/strong><\/li>\n<\/ul>\n<p>&nbsp;<\/p>\n<div id=\"attachment_380381\" style=\"width: 470px\" class=\"wp-caption aligncenter\"><a href=\"http:\/\/www.diarioimagen.net\/?attachment_id=380381\" rel=\"attachment wp-att-380381\"><img loading=\"lazy\" decoding=\"async\" aria-describedby=\"caption-attachment-380381\" class=\"size-large wp-image-380381\" src=\"http:\/\/www.diarioimagen.net\/wp-content\/uploads\/2018\/06\/ana-balderas-3386-460x259.jpg\" alt=\"\" width=\"460\" height=\"259\" srcset=\"https:\/\/www.diarioimagen.net\/wp-content\/uploads\/2018\/06\/ana-balderas-3386-460x259.jpg 460w, https:\/\/www.diarioimagen.net\/wp-content\/uploads\/2018\/06\/ana-balderas-3386-240x135.jpg 240w, https:\/\/www.diarioimagen.net\/wp-content\/uploads\/2018\/06\/ana-balderas-3386-235x132.jpg 235w, https:\/\/www.diarioimagen.net\/wp-content\/uploads\/2018\/06\/ana-balderas-3386-202x114.jpg 202w, https:\/\/www.diarioimagen.net\/wp-content\/uploads\/2018\/06\/ana-balderas-3386-350x196.jpg 350w, https:\/\/www.diarioimagen.net\/wp-content\/uploads\/2018\/06\/ana-balderas-3386-220x123.jpg 220w, https:\/\/www.diarioimagen.net\/wp-content\/uploads\/2018\/06\/ana-balderas-3386-237x132.jpg 237w, https:\/\/www.diarioimagen.net\/wp-content\/uploads\/2018\/06\/ana-balderas-3386.jpg 480w\" sizes=\"auto, (max-width: 460px) 100vw, 460px\" \/><\/a><p id=\"caption-attachment-380381\" class=\"wp-caption-text\">Ana Balderas manifest\u00f3 que no caer\u00e1 en provocaciones, pues nada ni nadie detendr\u00e1 el triunfo de la coalici\u00f3n Por el Estado de M\u00e9xico, en Atizap\u00e1n.<\/p><\/div>\n<p>&nbsp;<\/p>\n<p><strong>Atizap\u00e1n, Estado de M\u00e9xico<\/strong>.-\u00a0 Los malos juegos y artima\u00f1as que comprenden la encarnizada guerra sucia que Morena ha emprendido en contra de los candidatos de la coalici\u00f3n Por el Estado de M\u00e9xico al Frente, parecen no tener fin, pues la candidata Ana Balderas Trejo fue agredida verbalmente por gente de Miguel \u00c1ngel Ord\u00f3\u00f1ez y Ruth Olvera.<\/p>\n<p>Resulta que al estar realizado un recorrido por la calle Flor de Loto en la colonia Villa de Las Palmas, la candidata de la coalici\u00f3n PAN, PRD y MC fue agredida verbalmente por dos mujeres pertenecientes a Morena, quienes a todo grito de pulm\u00f3n, no paraban de expresar ofensas e injurias en su contra.<\/p>\n<p>Ante la exaltaci\u00f3n de las mujeres, Balderas Trejo intent\u00f3 tranquilizarlas, explic\u00e1ndoles que esta es una campa\u00f1a de propuestas y el ganador de la contienda ser\u00e1 aquel que recorra las calles y se comprometa a dar respuesta a las necesidades ciudadanas. Sin embargo, la raz\u00f3n y el di\u00e1logo no tuvieron efecto en esta ocasi\u00f3n, pues por el contrario, las mujeres arremetieron con m\u00e1s odio y coraje en contra de la candidata.<\/p>\n<p>Posteriormente, al ser entrevistada sobre dicho percance, Ana Balderas manifest\u00f3 que no caer\u00e1 en provocaciones, pues nada ni nadie detendr\u00e1 el triunfo de la coalici\u00f3n en Atizap\u00e1n. \u201cEn Morena est\u00e1n desesperados y ya no saben qu\u00e9 hacer, nosotros estamos acostumbrados a jugar limpio, a tocar puerta por puerta, dar a conocer nuestras propuestas y convencer a la gente de que la mejor opci\u00f3n somos los candidatos de la coalici\u00f3n al Por el Estado de M\u00e9xico Al Frente\u201d, concluy\u00f3.<\/p>\n","protected":false},"excerpt":{"rendered":"<p>Los malos juegos y artima\u00f1as que comprenden la encarnizada guerra sucia que Morena ha emprendido en contra de los candidatos de la coalici\u00f3n Por el Estado de M\u00e9xico al Frente, parecen no tener fin, pues la candidata Ana Balderas Trejo fue agredida verbalmente por gente de Miguel \u00c1ngel Ord\u00f3\u00f1ez y Ruth Olvera.<\/p>\n","protected":false},"author":3,"featured_media":380381,"comment_status":"open","ping_status":"open","sticky":false,"template":"","format":"standard","meta":{"_monsterinsights_skip_tracking":false,"_monsterinsights_sitenote_active":false,"_monsterinsights_sitenote_note":"","_monsterinsights_sitenote_category":0,"footnotes":""},"categories":[35155],"tags":[74232,969,43675],"class_list":["post-380286","post","type-post","status-publish","format-standard","has-post-thumbnail","hentry","category-estado-de-mexico-estado-de-mexico","tag-ana-balderas","tag-atizapan","tag-estado-de-mexico"],"_links":{"self":[{"href":"https:\/\/www.diarioimagen.net\/index.php?rest_route=\/wp\/v2\/posts\/380286","targetHints":{"allow":["GET"]}}],"collection":[{"href":"https:\/\/www.diarioimagen.net\/index.php?rest_route=\/wp\/v2\/posts"}],"about":[{"href":"https:\/\/www.diarioimagen.net\/index.php?rest_route=\/wp\/v2\/types\/post"}],"author":[{"embeddable":true,"href":"https:\/\/www.diarioimagen.net\/index.php?rest_route=\/wp\/v2\/users\/3"}],"replies":[{"embeddable":true,"href":"https:\/\/www.diarioimagen.net\/index.php?rest_route=%2Fwp%2Fv2%2Fcomments&post=380286"}],"version-history":[{"count":0,"href":"https:\/\/www.diarioimagen.net\/index.php?rest_route=\/wp\/v2\/posts\/380286\/revisions"}],"wp:featuredmedia":[{"embeddable":true,"href":"https:\/\/www.diarioimagen.net\/index.php?rest_route=\/wp\/v2\/media\/380381"}],"wp:attachment":[{"href":"https:\/\/www.diarioimagen.net\/index.php?rest_route=%2Fwp%2Fv2%2Fmedia&parent=380286"}],"wp:term":[{"taxonomy":"category","embeddable":true,"href":"https:\/\/www.diarioimagen.net\/index.php?rest_route=%2Fwp%2Fv2%2Fcategories&post=380286"},{"taxonomy":"post_tag","embeddable":true,"href":"https:\/\/www.diarioimagen.net\/index.php?rest_route=%2Fwp%2Fv2%2Ftags&post=380286"}],"curies":[{"name":"wp","href":"https:\/\/api.w.org\/{rel}","templated":true}]}}