{"id":380293,"date":"2018-06-11T00:05:50","date_gmt":"2018-06-11T05:05:50","guid":{"rendered":"http:\/\/www.diarioimagen.net\/?p=380293"},"modified":"2018-06-11T02:15:45","modified_gmt":"2018-06-11T07:15:45","slug":"inauguran-de-lo-figurativo-a-lo-abstracto-en-tultepec","status":"publish","type":"post","link":"https:\/\/www.diarioimagen.net\/?p=380293","title":{"rendered":"Inauguran de lo figurativo a lo abstracto, en Tultepec"},"content":{"rendered":"<div id=\"attachment_380385\" style=\"width: 470px\" class=\"wp-caption aligncenter\"><a href=\"http:\/\/www.diarioimagen.net\/?attachment_id=380385\" rel=\"attachment wp-att-380385\"><img loading=\"lazy\" decoding=\"async\" aria-describedby=\"caption-attachment-380385\" class=\"size-large wp-image-380385\" src=\"http:\/\/www.diarioimagen.net\/wp-content\/uploads\/2018\/06\/TULTEPEC-3386-460x259.jpg\" alt=\"\" width=\"460\" height=\"259\" srcset=\"https:\/\/www.diarioimagen.net\/wp-content\/uploads\/2018\/06\/TULTEPEC-3386-460x259.jpg 460w, https:\/\/www.diarioimagen.net\/wp-content\/uploads\/2018\/06\/TULTEPEC-3386-240x135.jpg 240w, https:\/\/www.diarioimagen.net\/wp-content\/uploads\/2018\/06\/TULTEPEC-3386-235x132.jpg 235w, https:\/\/www.diarioimagen.net\/wp-content\/uploads\/2018\/06\/TULTEPEC-3386-202x114.jpg 202w, https:\/\/www.diarioimagen.net\/wp-content\/uploads\/2018\/06\/TULTEPEC-3386-350x196.jpg 350w, https:\/\/www.diarioimagen.net\/wp-content\/uploads\/2018\/06\/TULTEPEC-3386-220x123.jpg 220w, https:\/\/www.diarioimagen.net\/wp-content\/uploads\/2018\/06\/TULTEPEC-3386-237x132.jpg 237w, https:\/\/www.diarioimagen.net\/wp-content\/uploads\/2018\/06\/TULTEPEC-3386.jpg 480w\" sizes=\"auto, (max-width: 460px) 100vw, 460px\" \/><\/a><p id=\"caption-attachment-380385\" class=\"wp-caption-text\">Ana Balderas manifest\u00f3 que no caer\u00e1 en provocaciones, pues nada ni nadie detendr\u00e1 el triunfo de la coalici\u00f3n Por el Estado de M\u00e9xico, en Atizap\u00e1n.<\/p><\/div>\n<p>&nbsp;<\/p>\n<p><strong>Tultepec, Estado de M\u00e9xico<\/strong><strong>.- <\/strong>Autoridades municipales encabezados por Ana Mar\u00eda Mazzoco Galv\u00e1n, s\u00edndico municipal, en representaci\u00f3n de la alcaldesa Mar\u00eda de Lourdes Nieto S\u00e1nchez, inauguraron la exposici\u00f3n\u00a0De lo Figurativo a lo Abstracto, del pintor mexicano Miguel Alarc\u00f3n Molina que durar\u00e1 hasta el 30 de junio.<\/p>\n<p>Ante la necesidad humana de expresar las emociones y sentimientos que nos produce nuestro el entorno y nuestros afectos, este creador mexicano encontr\u00f3 una amplia gama de posibilidades de plasmar mediante el uso de texturas, contrastante variedad de colores, trazos y formas abstractas en un lienzo o una escultura, el medio ideal para transformarlos en obra de arte.<\/p>\n","protected":false},"excerpt":{"rendered":"<p>Autoridades municipales encabezados por Ana Mar\u00eda Mazzoco Galv\u00e1n, s\u00edndico municipal, en representaci\u00f3n de la alcaldesa Mar\u00eda de Lourdes Nieto S\u00e1nchez, inauguraron la exposici\u00f3n De lo Figurativo a lo Abstracto, del pintor mexicano Miguel Alarc\u00f3n Molina que durar\u00e1 hasta el 30 de junio.<\/p>\n","protected":false},"author":3,"featured_media":380385,"comment_status":"open","ping_status":"open","sticky":false,"template":"","format":"standard","meta":{"_monsterinsights_skip_tracking":false,"_monsterinsights_sitenote_active":false,"_monsterinsights_sitenote_note":"","_monsterinsights_sitenote_category":0,"footnotes":""},"categories":[35155],"tags":[74739,43675,3802],"class_list":["post-380293","post","type-post","status-publish","format-standard","has-post-thumbnail","hentry","category-estado-de-mexico-estado-de-mexico","tag-abstracto","tag-estado-de-mexico","tag-tultepec"],"_links":{"self":[{"href":"https:\/\/www.diarioimagen.net\/index.php?rest_route=\/wp\/v2\/posts\/380293","targetHints":{"allow":["GET"]}}],"collection":[{"href":"https:\/\/www.diarioimagen.net\/index.php?rest_route=\/wp\/v2\/posts"}],"about":[{"href":"https:\/\/www.diarioimagen.net\/index.php?rest_route=\/wp\/v2\/types\/post"}],"author":[{"embeddable":true,"href":"https:\/\/www.diarioimagen.net\/index.php?rest_route=\/wp\/v2\/users\/3"}],"replies":[{"embeddable":true,"href":"https:\/\/www.diarioimagen.net\/index.php?rest_route=%2Fwp%2Fv2%2Fcomments&post=380293"}],"version-history":[{"count":0,"href":"https:\/\/www.diarioimagen.net\/index.php?rest_route=\/wp\/v2\/posts\/380293\/revisions"}],"wp:featuredmedia":[{"embeddable":true,"href":"https:\/\/www.diarioimagen.net\/index.php?rest_route=\/wp\/v2\/media\/380385"}],"wp:attachment":[{"href":"https:\/\/www.diarioimagen.net\/index.php?rest_route=%2Fwp%2Fv2%2Fmedia&parent=380293"}],"wp:term":[{"taxonomy":"category","embeddable":true,"href":"https:\/\/www.diarioimagen.net\/index.php?rest_route=%2Fwp%2Fv2%2Fcategories&post=380293"},{"taxonomy":"post_tag","embeddable":true,"href":"https:\/\/www.diarioimagen.net\/index.php?rest_route=%2Fwp%2Fv2%2Ftags&post=380293"}],"curies":[{"name":"wp","href":"https:\/\/api.w.org\/{rel}","templated":true}]}}