{"id":380322,"date":"2018-06-11T00:01:43","date_gmt":"2018-06-11T05:01:43","guid":{"rendered":"http:\/\/www.diarioimagen.net\/?p=380322"},"modified":"2018-06-11T01:25:45","modified_gmt":"2018-06-11T06:25:45","slug":"la-licitacion-de-uniformes-escolares-en-tiempo-y-total-transparencia-gobierno-estatal","status":"publish","type":"post","link":"https:\/\/www.diarioimagen.net\/?p=380322","title":{"rendered":"La licitaci\u00f3n de uniformes escolares, en tiempo y total transparencia: gobierno estatal"},"content":{"rendered":"<h2>Derecho de r\u00e9plica<\/h2>\n<p>&nbsp;<\/p>\n<p>Para garantizar que los procedimientos de adquisici\u00f3n de bienes y servicios no respondan a intereses particulares, la Oficial\u00eda Mayor realiz\u00f3 de manera abierta, transparente y en apego a las disposiciones legales en materia de adquisiciones, el proceso de licitaci\u00f3n para la adquisici\u00f3n de uniformes del ciclo escolar 2018-2019, que al final el fallo favoreci\u00f3 a una empresa chetumale\u00f1a.<\/p>\n<p>El gobierno del estado ratific\u00f3 el compromiso que tiene con la sociedad quintanarroense de garantizar que los procesos se realicen dentro del marco legal, para lograr un gobierno innovador que reduzca los m\u00e1rgenes de discrecionalidad y evite la corrupci\u00f3n, por lo que procesos claros, como el realizado en el caso de la confecci\u00f3n de uniformes, garantiza que no se permitir\u00e1n presiones o actos de intimidaci\u00f3n contra las autoridades a cargo de \u00e9stos.<\/p>\n<p>Previamente, el proceso de la Licitaci\u00f3n P\u00fablica Nacional LPN1\/SEQ-2018 fue declarado desierto mediante un fallo emitido el 21 de mayo de 2018.<\/p>\n<p>Las propuestas presentadas no cumplieron con los requisitos dispuestos en las bases correspondientes.<\/p>\n<p>El 24 de mayo de 2018 se emiti\u00f3 la convocatoria para un segundo proceso, cuyo seguimiento y resultados de cada una de sus etapas (consistentes en junta de aclaraciones, presentaci\u00f3n de muestras, presentaci\u00f3n y apertura de propuestas y fallo) fueron difundidos en tiempo real.<\/p>\n<p>Las propuestas evaluadas, de manera objetiva e imparcial de acuerdo con las bases emitidas, tuvieron como resultado final la adjudicaci\u00f3n del contrato a la persona f\u00edsica Ana Josefa Peralta Alonzo, con domicilio fiscal en el municipio de Oth\u00f3n P. Blanco, Quintana Roo, mediante fallo dado a conocer el pasado 8 de junio.<\/p>\n<p>El mismo d\u00eda del fallo se recibi\u00f3 un escrito de queja e inconformidad para la reposici\u00f3n de la evaluaci\u00f3n t\u00e9cnica, el dictamen t\u00e9cnico y la suspensi\u00f3n de fallo, interpuesto por la empresa Logotipo de Precisi\u00f3n S.A. de C.V., cuyo domicilio fiscal registrado en el padr\u00f3n de proveedores se ubica en la ciudad de Puebla, Puebla.<\/p>\n<p>Esta inconformidad ser\u00e1 turnada a la instancia competente, se\u00f1alada en la base decimos\u00e9ptima de las Bases de Licitaci\u00f3n P\u00fablica Nacional No. LPN3\/SEQ-2018, para su sustanciaci\u00f3n de acuerdo con los procedimientos y en los t\u00e9rminos dispuestos por la Ley de Adquisiciones, Arrendamientos y Prestaci\u00f3n de Servicios relacionados con Bienes Muebles del Estado de Quintana Roo.<\/p>\n<p>La autoridad competente determinar\u00e1 la legalidad del fallo emitido y, con ello, se garantizar\u00e1 el compromiso de esta administraci\u00f3n de que nada ni nadie est\u00e9 por encima de la ley.<\/p>\n<p>Ante las amenazas recibidas por parte de una persona que no fue favorecida con el resultado de este proceso, se ha iniciado una carpeta de investigaci\u00f3n ante la Fiscal\u00eda General.<\/p>\n<p style=\"text-align: center;\"><strong>Fuera de peligro la candidata pri\u00edsta a regidora en Isla Mujeres<\/strong><\/p>\n<p>Est\u00e1n fuera de peligro, pero todav\u00eda en terapia intensiva,\u00a0 Rosely Danil\u00fa Maga\u00f1a Mart\u00ednez, candidata a segunda regidora del PRI en la planilla de Juan Carrillo, y una de sus activistas, Lizbeth Noem\u00ed Pasos Sarabia, despu\u00e9s de que fueran atacadas a balazos por dos presuntos sicarios, cuando se encontraban en una reuni\u00f3n en un domicilio de la colonia San Antonio, en Isla Mujeres.<\/p>\n<p>De acuerdo a un reporte preliminar de los hechos,\u00a0 el ataque a balazos se registr\u00f3 el s\u00e1bado sobre la avenida Gast\u00f3n Alegre, donde se realizaba una reuni\u00f3n pol\u00edtica, hasta donde llegaron dos hombres a bordo de una motocicleta, para disparar directamente contra la candidata pri\u00edsta.<\/p>\n<p>Algunos testigos mencionaron que se escucharon por lo menos cuatro disparos, y los presuntos agresores se dieron a la fuga con direcci\u00f3n al municipio de Benito Ju\u00e1rez.<\/p>\n<p>Llama la atenci\u00f3n que a\u00a0 escasos 150 metros de donde ocurrieron los hechos se encuentra una caseta de la polic\u00eda, donde los agentes dijeron que no escucharon nada.<\/p>\n<p>Rosely Danil\u00fa Maga\u00f1a, conocida como \u201cChely\u201d, presenta dos heridas de bala, una en la pelvis y una en el pecho. La pri\u00edsta fue llevada por familiares y amigos al Hospital General de Canc\u00fan para su atenci\u00f3n m\u00e9dica.<\/p>\n<p style=\"text-align: center;\"><strong>Exhiben secretos de Perla Tun<\/strong><\/p>\n<p>Propietario de una p\u00e1gina en internet revel\u00f3 secretos de la presidenta municipal de Cozumel, Perla Tun, debido que la alcaldesa perdi\u00f3 su libreta personal que utiliz\u00f3 en la pasada campa\u00f1a electoral. El diario de apuntes lleg\u00f3 al poder del cr\u00edtico de noticias, quien revel\u00f3 los apuntes y el plan maquiav\u00e9lico que utilizar\u00eda para obtener la alcald\u00eda.<\/p>\n<p>El personaje de la p\u00e1gina de <em>Facebook<\/em> \u201cno te miento\u201d, mostr\u00f3 en un video las p\u00e1ginas del diario que utilizaba Perla Tun, donde se dice que desde un principio puso como no negociable con los partidos de alianza los puestos claves donde ingresa dinero y recursos, como la Secretar\u00eda General, Tesorer\u00eda, Desarrollo Urbano y Obras P\u00fablicas.<\/p>\n<p>Tambi\u00e9n se revel\u00f3 que \u00fanicamente pagar\u00eda a medios nacionales y que ten\u00eda en mente acabar con sus enemigos al pedir la cabeza de \u201cChucho\u201d, supuestamente refiri\u00e9ndose al diputado Jes\u00fas Zetina, con quien hasta ahora tiene diferencias.<\/p>\n<p>Adem\u00e1s, se supo que la edil est\u00e1 enferma, porque en muchas p\u00e1ginas escribe en repetidas ocasiones que \u201cdebo tomar mi pastilla\u201d, entre otros escritos de autoadulaci\u00f3n, que se comprometi\u00f3 en revelar el propietario de la p\u00e1gina de noticias, quien ret\u00f3 a la mun\u00edcipe de contactarlo para que le haga entrega de su diario personal y libreta de apuntes.<\/p>\n<p style=\"text-align: center;\"><strong>Taxistas y transportistas luchan jur\u00eddicamente para que no entre Uber<\/strong><\/p>\n<p>Ante\u00a0 la presi\u00f3n que entre Uber, los dirigentes del\u00a0\u00a0transporte de Quintana Roo quieren una Ley de Movilidad incluyente, con concesi\u00f3n del gobierno estatal, motivo por el\u00a0cual van a entregar al Congreso del estado sus\u00a0\u00a0propuestas, porque los diputados de la XV Legislatura,\u00a0\u00a0en su momento,\u00a0\u00a0no supieron\u00a0\u00a0analizar una ley que debe ser reformada<\/p>\n<p>El pliego petitorio de cada organizaci\u00f3n se har\u00e1 llegar a la XV Legislatura, a trav\u00e9s del cuerpo de abogados del Frente \u00danico de Trabajadores del Volante (FUTV)\u00a0\u00a0tras reconocer su lucha jur\u00eddica, desde hace m\u00e1s de a\u00f1o y medio, contra Uber.<\/p>\n<p>As\u00ed lo consensuaron: Julio Rubio, secretario general de la Uni\u00f3n Nacional de Transportistas Campesinos (UNTRAC); Melchor N\u00fa\u00f1ez, representante legal de TURICUN; Osman Corona, representante legal de AUTOCAR; M\u00e1ximo Calder\u00f3n, secretario general de Volqueteros (CROC), Ariel Mena, secretario de Transportistas en General (CNOP), Rub\u00e9n Aguilar, secretario del Frente \u00danico de Trabajadores del Volante (FUTV), M\u00e1ximo Calder\u00f3n (CROC), Enrique Rosado L\u00f3pez, secretario de la Coalici\u00f3n de Sindicatos del Transporte de Carga; Daniel Le\u00f3n de Gr\u00faas Figueroa, Adelfo Castillo de la CROM,\u00a0 entre otros.<\/p>\n<p>El Sindicato de Taxistas \u201cAndr\u00e9s Quintana Roo\u201d y 50 representantes de transporte urbano, de carga, volqueteros, pipas, gr\u00faas, turismo y otras muchas\u00a0 secciones afiliadas a la UNTRAC, AUTOCAR, CTM, TURICUN, CROC, MAYA CARIBE, FUTV, CNOP, CROM y dem\u00e1s organizaciones del estado, son un\u00a0\u00a0frente com\u00fan contra la Ley de Movilidad que\u00a0\u00a0afecta a ciudadanos, municipios y a la entidad.<\/p>\n","protected":false},"excerpt":{"rendered":"<p><span style=\"color: #005497;\"><strong>Derecho de r\u00e9plica<\/strong><\/span><\/p>\n","protected":false},"author":3,"featured_media":0,"comment_status":"open","ping_status":"open","sticky":false,"template":"","format":"standard","meta":{"_monsterinsights_skip_tracking":false,"_monsterinsights_sitenote_active":false,"_monsterinsights_sitenote_note":"","_monsterinsights_sitenote_category":0,"footnotes":""},"categories":[62907],"tags":[47840,43674],"class_list":["post-380322","post","type-post","status-publish","format-standard","hentry","category-derecho-de-replica","tag-derecho-de-replica","tag-opinion"],"_links":{"self":[{"href":"https:\/\/www.diarioimagen.net\/index.php?rest_route=\/wp\/v2\/posts\/380322","targetHints":{"allow":["GET"]}}],"collection":[{"href":"https:\/\/www.diarioimagen.net\/index.php?rest_route=\/wp\/v2\/posts"}],"about":[{"href":"https:\/\/www.diarioimagen.net\/index.php?rest_route=\/wp\/v2\/types\/post"}],"author":[{"embeddable":true,"href":"https:\/\/www.diarioimagen.net\/index.php?rest_route=\/wp\/v2\/users\/3"}],"replies":[{"embeddable":true,"href":"https:\/\/www.diarioimagen.net\/index.php?rest_route=%2Fwp%2Fv2%2Fcomments&post=380322"}],"version-history":[{"count":0,"href":"https:\/\/www.diarioimagen.net\/index.php?rest_route=\/wp\/v2\/posts\/380322\/revisions"}],"wp:attachment":[{"href":"https:\/\/www.diarioimagen.net\/index.php?rest_route=%2Fwp%2Fv2%2Fmedia&parent=380322"}],"wp:term":[{"taxonomy":"category","embeddable":true,"href":"https:\/\/www.diarioimagen.net\/index.php?rest_route=%2Fwp%2Fv2%2Fcategories&post=380322"},{"taxonomy":"post_tag","embeddable":true,"href":"https:\/\/www.diarioimagen.net\/index.php?rest_route=%2Fwp%2Fv2%2Ftags&post=380322"}],"curies":[{"name":"wp","href":"https:\/\/api.w.org\/{rel}","templated":true}]}}