{"id":380366,"date":"2018-06-11T00:10:56","date_gmt":"2018-06-11T05:10:56","guid":{"rendered":"http:\/\/www.diarioimagen.net\/?p=380366"},"modified":"2018-06-12T03:45:10","modified_gmt":"2018-06-12T08:45:10","slug":"anaya-un-vulgar-ladron-meade","status":"publish","type":"post","link":"https:\/\/www.diarioimagen.net\/?p=380366","title":{"rendered":"\u201c\u00bfAnaya?&#8230; un vulgar ladr\u00f3n\u201d: Meade"},"content":{"rendered":"<h2>Tras la puerta del poder<\/h2>\n<h5>Roberto Vizca\u00edno<\/h5>\n<p>&nbsp;<\/p>\n<div id=\"attachment_380407\" style=\"width: 470px\" class=\"wp-caption aligncenter\"><a href=\"http:\/\/www.diarioimagen.net\/?attachment_id=380407\" rel=\"attachment wp-att-380407\"><img loading=\"lazy\" decoding=\"async\" aria-describedby=\"caption-attachment-380407\" class=\"size-large wp-image-380407\" src=\"http:\/\/www.diarioimagen.net\/wp-content\/uploads\/2018\/06\/el-interes-tiene-pies-LUIS-XAVIER-3386-460x358.jpg\" alt=\"\" width=\"460\" height=\"358\" srcset=\"https:\/\/www.diarioimagen.net\/wp-content\/uploads\/2018\/06\/el-interes-tiene-pies-LUIS-XAVIER-3386-460x358.jpg 460w, https:\/\/www.diarioimagen.net\/wp-content\/uploads\/2018\/06\/el-interes-tiene-pies-LUIS-XAVIER-3386-240x187.jpg 240w, https:\/\/www.diarioimagen.net\/wp-content\/uploads\/2018\/06\/el-interes-tiene-pies-LUIS-XAVIER-3386-768x598.jpg 768w, https:\/\/www.diarioimagen.net\/wp-content\/uploads\/2018\/06\/el-interes-tiene-pies-LUIS-XAVIER-3386.jpg 1200w\" sizes=\"auto, (max-width: 460px) 100vw, 460px\" \/><\/a><p id=\"caption-attachment-380407\" class=\"wp-caption-text\">El inter\u00e9s tiene pies&#8230; | Luis Xavier<\/p><\/div>\n<p>&nbsp;<\/p>\n<p>A 20 d\u00edas de la elecci\u00f3n, el proceso presidencial hierve:<\/p>\n<p><strong>Jos\u00e9 Antonio Meade <\/strong>se le fue ayer a la yugular a <strong>Ricardo Anaya<\/strong> al indicar que el panista \u201ces un vulgar ladr\u00f3n\u201d.<\/p>\n<p>Y agreg\u00f3:<\/p>\n<p>\u201cDesde el poder se rob\u00f3 dinero, lo cacharon\u2026 y debe pagar las consecuencias\u201d.<\/p>\n<p>Interrogado por reporteros al llegar a M\u00e9rida sobre si la PGR debe o no intervenir ya, ahora mismo en este caso, el candidato presidencial del PRI, PVEM subray\u00f3:<\/p>\n<p>\u201c\u00a1Pero por supuesto!&#8230; hay una exigencia para que act\u00fae \u00a1ya!&#8230; No queda absolutamente ninguna duda: se clav\u00f3 una lana, lo cacharon, y tiene que ser sancionado\u201d.<\/p>\n<p><strong>Anaya est\u00e1 <em>\u201cquemado\u201d:<\/em> Zamora<\/strong><\/p>\n<p>A su vez, desde Michoac\u00e1n, <strong>Arturo Zamora<\/strong>, l\u00edder de la CNOP, afirm\u00f3 ayer que en el PRI tienen la confirmaci\u00f3n de que, a tres semanas de la elecci\u00f3n, <strong>Jos\u00e9 Antonio Meade<\/strong> ya est\u00e1 en segundo lugar dentro de la contienda presidencial, y con tendencia a subir.<\/p>\n<p>De <strong>Ricardo Anaya<\/strong> dijo que \u201cest\u00e1 quemado\u201d y que tienen reportes en el tricolor que \u201cen los \u00faltimos diez d\u00edas ha cancelado cerca de 25 eventos en diversos estados de la Rep\u00fablica, como Chiapas y Oaxaca, entidades en las que definitivamente cancel\u00f3 sus giras\u201d, indic\u00f3.<\/p>\n<p>Y agreg\u00f3:<\/p>\n<p>\u201cEn momentos de reto como este, con crecientes disputas comerciales internacionales, los mexicanos sin duda optar\u00e1n por el m\u00e1s preparado, no por el m\u00e1s ocurrente o dicharachero. Veremos la elecci\u00f3n del voto razonado, y Meade es la \u00fanica opci\u00f3n de voto \u00fatil\u201d.<\/p>\n<p>Adelant\u00f3 que en el debate de M\u00e9rida de ma\u00f1ana martes <strong>Meade<\/strong> demostrar\u00e1 definitivamente que es el m\u00e1s preparado para conducir al pa\u00eds.<\/p>\n<p>\u201cEs el mejor para la Presidencia de M\u00e9xico\u2026 el de mayor conocimiento, experiencia e integridad\u2026\u201d, subray\u00f3<\/p>\n<p>Y acu\u00e9rdense, concluy\u00f3, \u201ccaballo que alcanza, gana\u201d \u2026<\/p>\n<p style=\"text-align: center;\"><strong>Estructura mara encuesta<\/strong><\/p>\n<p>La frase del ex gobernador mexiquense <strong>Eruviel \u00c1vila <\/strong>del fin de la semana no es una ocurrencia o balandronada electorera, es un aviso de que est\u00e1 en marcha la operaci\u00f3n de captaci\u00f3n m\u00e1s grande de votos que haya echado a andar nunca antes el PRI.<\/p>\n<p>Ante caras de incredulidad, <strong>Eruviel,<\/strong> vicecoordinador de la campa\u00f1a electoral de <strong>Jos\u00e9 Antonio Meade<\/strong>, subray\u00f3: \u201cS\u00ed, a\u00fan hay tiempo para remontar y ganar\u2026 yo les puedo confirmar sin ninguna duda que estructura mata encuesta\u2026 y que la mejor encuesta es la que vamos a tener el primero de julio\u201d.<\/p>\n<p>No hay que olvidar que <strong>Eruviel <\/strong>era gobernador del Estado de M\u00e9xico durante las elecciones de junio de 2017 en que las encuestas daban por perdida la gubernatura para <strong>Alfredo del Mazo.<\/strong><\/p>\n<p>Es m\u00e1s, si lo que dijo <strong>Eruviel<\/strong> ahora va acompa\u00f1ado por otro pronunciamiento similar del l\u00edder nacional del tricolor, pues hay que poner el ojo en lo que viene.<\/p>\n<p>Y es que el ex gobernador guerrerense y senador con licencia <strong>Ren\u00e9 Ju\u00e1rez<\/strong>, hoy dirigente nacional del PRI por la gracia divina de Los Pinos, se lanz\u00f3 el pasado fin de semana desde San Luis Potos\u00ed a afirmar que su partido \u201ctiene todo para que <strong>Pepe Meade <\/strong>gane la Presidencia de M\u00e9xico\u201d.<\/p>\n<p>\u00bfY c\u00f3mo lograr\u00e1 tal cosa?, preguntar\u00eda con las cejas levantadas el ingenuo.<\/p>\n<p>Pues porque el PRI es el partido \u201cque tiene las estructuras, unidad e ideolog\u00eda\u201d como para obtener la victoria el pr\u00f3ximo primero de julio, explic\u00f3 <strong>Ju\u00e1rez.<\/strong><\/p>\n<p>Es m\u00e1s, agreg\u00f3 ante un nutrido grupo de pri\u00edstas: <strong>\u201cJos\u00e9 Antonio Meade <\/strong>ser\u00e1 presidente de la Rep\u00fablica, porque\u2026 <em>ustedes saben ganar elecciones<\/em>, son el cimiento del triunfo\u201d.<\/p>\n<p>\u00bfPues no que ya no alcanzaba s\u00f3lo la estructura -y el voto duro- para ganar?, pregunta sin convencimiento el incr\u00e9dulo.<\/p>\n<p style=\"text-align: center;\"><strong>Videos<\/strong><\/p>\n<p>Este, que parece es un nuevo aire en la campa\u00f1a de <strong>Jos\u00e9 Antonio Meade, <\/strong>cobr\u00f3 fuerza luego de que Univisi\u00f3n difundi\u00f3 a fines de la semana anterior un video que luego se viraliz\u00f3 en redes sociales porque en \u00e9l se ve y escucha a un sujeto que fue identificado como <strong>Juan Barreiro<\/strong>, hermano de <strong>Manuel Barreiro,<\/strong> a quien se se\u00f1ala haber cometido lavado de dinero para encubrir una compra fraudulenta de una nave industrial con el \u00fanico fin de transferirle 65 millones de pesos de origen no claro a <strong>Ricardo Anaya.<\/strong><\/p>\n<p><strong>Juan Barreiro<\/strong> relata en el video a un par de empresarios argentinos que <strong>Ricardo Anaya <\/strong>se les acerc\u00f3 por dinero, que el ahora candidato de M\u00e9xico al Frente le daba informaci\u00f3n privilegiada a su hermano <strong>Manuel<\/strong> para adquirir terrenos en lugares proyectados para grandes negocios y convertirlos en parques industriales, lo que permit\u00eda comprar a 1 peso y convertir eso en 30 pesos en poco tiempo, afirma\u2026<\/p>\n<p>El abierto tr\u00e1fico de influencias ejercido por <strong>Anaya<\/strong> llev\u00f3 a su amigo y \u201csocio de piller\u00edas\u201d, <strong>Miguel Barreiro<\/strong>, hoy en fuga en Canad\u00e1, a poder ser due\u00f1o de 13 parques industriales y del penthouse del Corporativo Blanco el edificio m\u00e1s codiciado en Quer\u00e9taro.<\/p>\n<p>Por ello <strong>Juan Barreiro <\/strong>concluye: \u201csi queda este candidato (Anaya en la Presidencia) se nos abren las puertas para lo que queramos, con eso nos vamos al cielo\u201d.<\/p>\n<p>En respuesta Anaya culpa a Enrique Pe\u00f1a Nieto de iniciar una nueva campa\u00f1a sucia en su contra y lo responsabiliza de lo que les pueda ocurrir a \u00e9l y a su familia.<\/p>\n<p>Y asegura que no va a caer en el esquema de estar respondiendo por este nuevo video.<\/p>\n<p>Sin embargo <strong>Anaya<\/strong> es obligado a tener que responder cada d\u00eda por este asunto.Insiste en no aclarar lo que <strong>Juan Barreiro<\/strong> afirma en el video: que \u00e9l, <strong>Anaya,<\/strong> le entregaba informaci\u00f3n privilegiada a su hermano <strong>Manuel <\/strong>para que, en un abierto esquema de \u201ctr\u00e1fico de influencias\u201d el empresario creara parques industriales que luego le eran compensados al panista con dinero en efectivo para su campa\u00f1a a la Presidencia.<\/p>\n<p>Por eso hoy <strong>Meade <\/strong>lo califica como un \u201cvulgar ladr\u00f3n\u201d. Y seguro eso se lo va a repetir en su cara ma\u00f1ana durante el tercer debate.<\/p>\n<p style=\"text-align: center;\"><strong>Falta la Permanente<\/strong><\/p>\n<p>La obviedad indica que este tema ser\u00e1 el eje de la pr\u00f3xima sesi\u00f3n de pasado ma\u00f1ana mi\u00e9rcoles de la Comisi\u00f3n Permanente, donde los coordinadores <strong>Emilio Gamboa, Carlos Puente, Fernando Herrera, Luis S\u00e1nchez y Manuel Bartlett <\/strong>van a lanzarse a fondo con sus grupos para atraer los reflectores en beneficio de sus respectivos candidatos y partidos.<\/p>\n<p>Para entonces ya se sabr\u00e1 lo ocurrido en el tercer debate realizado en M\u00e9rida, y adem\u00e1s estar\u00e1n frescos los temas que seguramente cobrar\u00e1n mayor fuerza al ser retomados en la tribuna del Senado, convertido en sede de la Comisi\u00f3n Permanente.<\/p>\n<p><em><a href=\"mailto:rvizcainoa@gmail.com\" target=\"_blank\" rel=\"noopener\">vizcainoa@gmail.com<\/a><\/em><br \/>\n<em><a href=\"http:\/\/www.endirecto.com.mx\/\" target=\"_blank\" rel=\"noopener\">www.endirecto.com.mx<\/a><\/em><br \/>\n<em><a href=\"https:\/\/twitter.com\/_rvizcaino\" target=\"_blank\" rel=\"noopener\">@_RVizcaino<\/a><\/em><br \/>\n<a href=\"https:\/\/www.facebook.com\/rvizcainoa\" target=\"_blank\" rel=\"noopener\">f<em>acebook.com\/rvizcainoa<\/em><\/a><\/p>\n","protected":false},"excerpt":{"rendered":"<p><span style=\"color: #005497;\"><strong>Roberto Vizca\u00edno<\/strong><\/span><br \/>\n<br \/>\nA 20 d\u00edas de la elecci\u00f3n, el proceso presidencial hierve: <strong>Jos\u00e9 Antonio Meade <\/strong>se le fue ayer a la yugular a <strong>Ricardo Anaya<\/strong> al indicar que el panista \u201ces un vulgar ladr\u00f3n\u201d.<\/p>\n","protected":false},"author":3,"featured_media":380407,"comment_status":"open","ping_status":"open","sticky":false,"template":"","format":"standard","meta":{"_monsterinsights_skip_tracking":false,"_monsterinsights_sitenote_active":false,"_monsterinsights_sitenote_note":"","_monsterinsights_sitenote_category":0,"footnotes":""},"categories":[136],"tags":[43674,93,94],"class_list":["post-380366","post","type-post","status-publish","format-standard","has-post-thumbnail","hentry","category-roberto-vizcaino-opinion","tag-opinion","tag-roberto-vizcaino","tag-tras-la-puerta-del-poder"],"_links":{"self":[{"href":"https:\/\/www.diarioimagen.net\/index.php?rest_route=\/wp\/v2\/posts\/380366","targetHints":{"allow":["GET"]}}],"collection":[{"href":"https:\/\/www.diarioimagen.net\/index.php?rest_route=\/wp\/v2\/posts"}],"about":[{"href":"https:\/\/www.diarioimagen.net\/index.php?rest_route=\/wp\/v2\/types\/post"}],"author":[{"embeddable":true,"href":"https:\/\/www.diarioimagen.net\/index.php?rest_route=\/wp\/v2\/users\/3"}],"replies":[{"embeddable":true,"href":"https:\/\/www.diarioimagen.net\/index.php?rest_route=%2Fwp%2Fv2%2Fcomments&post=380366"}],"version-history":[{"count":0,"href":"https:\/\/www.diarioimagen.net\/index.php?rest_route=\/wp\/v2\/posts\/380366\/revisions"}],"wp:featuredmedia":[{"embeddable":true,"href":"https:\/\/www.diarioimagen.net\/index.php?rest_route=\/wp\/v2\/media\/380407"}],"wp:attachment":[{"href":"https:\/\/www.diarioimagen.net\/index.php?rest_route=%2Fwp%2Fv2%2Fmedia&parent=380366"}],"wp:term":[{"taxonomy":"category","embeddable":true,"href":"https:\/\/www.diarioimagen.net\/index.php?rest_route=%2Fwp%2Fv2%2Fcategories&post=380366"},{"taxonomy":"post_tag","embeddable":true,"href":"https:\/\/www.diarioimagen.net\/index.php?rest_route=%2Fwp%2Fv2%2Ftags&post=380366"}],"curies":[{"name":"wp","href":"https:\/\/api.w.org\/{rel}","templated":true}]}}