{"id":380469,"date":"2018-06-12T00:09:55","date_gmt":"2018-06-12T05:09:55","guid":{"rendered":"http:\/\/www.diarioimagen.net\/?p=380469"},"modified":"2018-06-12T22:59:34","modified_gmt":"2018-06-13T03:59:34","slug":"cordero-denuncia-ante-pgr-a-anaya-por-lavado-de-dinero","status":"publish","type":"post","link":"https:\/\/www.diarioimagen.net\/?p=380469","title":{"rendered":"Cordero denuncia ante PGR a Anaya por <em>lavado<\/em> de dinero"},"content":{"rendered":"<h2>Derecho de r\u00e9plica<\/h2>\n<p>&nbsp;<\/p>\n<div id=\"attachment_380621\" style=\"width: 470px\" class=\"wp-caption aligncenter\"><a href=\"http:\/\/www.diarioimagen.net\/?attachment_id=380621\" rel=\"attachment wp-att-380621\"><img loading=\"lazy\" decoding=\"async\" aria-describedby=\"caption-attachment-380621\" class=\"size-large wp-image-380621\" src=\"http:\/\/www.diarioimagen.net\/wp-content\/uploads\/2018\/06\/Derecho-3387-460x315.jpg\" alt=\"\" width=\"460\" height=\"315\" srcset=\"https:\/\/www.diarioimagen.net\/wp-content\/uploads\/2018\/06\/Derecho-3387-460x315.jpg 460w, https:\/\/www.diarioimagen.net\/wp-content\/uploads\/2018\/06\/Derecho-3387-240x165.jpg 240w, https:\/\/www.diarioimagen.net\/wp-content\/uploads\/2018\/06\/Derecho-3387.jpg 700w\" sizes=\"auto, (max-width: 460px) 100vw, 460px\" \/><\/a><p id=\"caption-attachment-380621\" class=\"wp-caption-text\">Seg\u00fan el senador Ernesto Cordero Arroyo, ni Ricardo Anaya ni las personas que lo rodean actualmente son gente honrada.<\/p><\/div>\n<p>&nbsp;<\/p>\n<p>Ernesto Cordero Arroyo, presidente de la Mesa Directiva del Senado, present\u00f3 una denuncia ante la PGR contra el candidato presidencial Ricardo Anaya, por presunto <em>lavado<\/em> de dinero.<\/p>\n<p>Entrevistado al salir de la Procuradur\u00eda General de la Rep\u00fablica (PGR), el legislador explic\u00f3 que lo que solicita en su queja es que se tome en consideraci\u00f3n el nuevo video en el que se vincula al aspirante presidencial de la coalici\u00f3n Por M\u00e9xico al Frente con actividades il\u00edcitas.<\/p>\n<p>Asimismo, que se llame a declarar a los hermanos Barreiro y a Anaya Cort\u00e9s, adem\u00e1s de que la autoridad financiera revise los estados de cuenta del aspirante presidencial y su familia.<\/p>\n<p>Cordero Arroyo dijo no tener preocupaci\u00f3n alguna por una posible expulsi\u00f3n del Partido Acci\u00f3n Nacional (PAN), y sostuvo que \u201cnuestro candidato no es una persona honesta, a quien deber\u00edan expulsar es a Anaya y no a los panistas honestos\u201d.<\/p>\n<p>Seg\u00fan el legislador, ni Anaya ni las personas que lo rodean actualmente son personas honradas, por lo que llam\u00f3 a la autoridad a actuar en apego a Derecho en este caso, pues asegur\u00f3 que las nuevas evidencias contra los hermanos Barreiro hacen evidente los negocios y delitos en qu\u00e9 estar\u00eda implicado el candidato presidencial.<\/p>\n<p style=\"text-align: center;\"><strong>Pide el senador que tomen en cuenta el video de Juan Barreiro<\/strong><\/p>\n<p>El senador panista pidi\u00f3 al encargado de Despacho de la PGR, Alberto El\u00edas Beltr\u00e1n, que tome en cuenta en esta nueva denuncia el video donde aparece un integrante de la familia Barreiro, que vincula a Anaya con delitos de <em>lavado<\/em> de dinero y tr\u00e1fico de influencias.<\/p>\n<p>Que pida a la autoridad financiera correspondiente una investigaci\u00f3n entre los bienes de la familia Anaya y lo que han reportado al fisco.<\/p>\n<p>\u201cLe pido a la PGR que haga su trabajo\u201d, agreg\u00f3 Cordero Arroyo, quien subray\u00f3 que hay much\u00edsimas evidencias respecto a la participaci\u00f3n del candidato presidencial de una red de <em>lavado<\/em> de dinero y tr\u00e1fico de influencias.<\/p>\n<p>El legislador insisti\u00f3 en que la PGR debe aclarar y definir si Anaya Cort\u00e9s es un <em>lavador<\/em> de dinero, un delincuente, o no lo es.<\/p>\n<p>Tambi\u00e9n, exhort\u00f3 al encargado de despacho de la PGR a citar a declarar ante esa instancia a Ricardo Anaya y a los hermanos Barreiro como posibles responsables de los delitos mencionados, ello ante las nuevas evidencias y videos que se han hecho p\u00fablicos respecto a la compra de una nave industrial.<\/p>\n<p>El senador, cercano al ex presidente Felipe Calder\u00f3n Hinojosa, es uno de los panistas que critican la forma en que su correligionario Anaya Cort\u00e9s se hizo de la candidatura presidencial de Acci\u00f3n Nacional.<\/p>\n<p style=\"text-align: center;\"><strong>Barreiro confiesa en video <em>lavado<\/em> de Anaya<\/strong><\/p>\n<p>En un video que circul\u00f3 en d\u00edas pasados en redes sociales, Juan Barreiro, hermano menor del empresario queretano, Manuel Barreiro, quien le compr\u00f3 la nave industrial a Ricardo Anaya en 54 millones de pesos, describe el <em>modus operandi<\/em> para que el candidato presidencial panista se hiciera de recursos para su campa\u00f1a, presuntamente a trav\u00e9s de acciones de <em>lavado<\/em> de dinero.<\/p>\n<p>Esto, de acuerdo con el video, a trav\u00e9s de triangulaciones de dinero e informaci\u00f3n estrat\u00e9gica que ten\u00eda Anaya para comprar lotes que, una vez que aumentaban su valor, eran revendidos.<\/p>\n<p>En las im\u00e1genes aparecen extractos en audio y video de tres presuntas reuniones entre una empresaria argentina y Juan Barreiro, en las cuales cerrar\u00edan un negocio inmobiliario.<\/p>\n<p>Se observa a Juan Barreiro describir c\u00f3mo Anaya pidi\u00f3 a un grupo de empresarios queretanos apoyo econ\u00f3mico para financiar su campa\u00f1a presidencial, para obtener 80 millones de pesos.<\/p>\n<p>Con duraci\u00f3n de 5 minutos 23 segundos, la videograbaci\u00f3n relata que Anaya les compart\u00eda informaci\u00f3n para la adquisici\u00f3n de tierras a bajos costos para que despu\u00e9s costar\u00e1n mucho m\u00e1s, \u201ca trav\u00e9s de \u00e9l (Anaya) se hicieron muchos parques industriales\u201d.<\/p>\n<p>Inicia con la leyenda: \u201cRicardo Anaya no s\u00f3lo <em>lav\u00f3<\/em> dinero para enriquecerse, sino tambi\u00e9n para financiar su campa\u00f1a pol\u00edtica. Lleva a\u00f1os traficando influencias con un grupo de empresarios\u201d. Agrega que Manuel Barreiro es due\u00f1o de 13 parques industriales, \u201c\u00e9l trae fondos de otros lados y desarroll\u00f3 aqu\u00ed en Quer\u00e9taro. \u00c9l vive en Canad\u00e1, bueno, vive en Miami, realmente, ahorita est\u00e1 en Canad\u00e1 y viaja\u201d.<\/p>\n<p>La empresaria argentina le cuestiona si el candidato a Presidente es uno de sus amigos, refiri\u00e9ndose a Ricardo Anaya. Juan responde que s\u00ed, \u201cse le meti\u00f3 much\u00edsimo dinero ahorita para que gane\u201d en la campa\u00f1a.<\/p>\n<p>Se escucha c\u00f3mo mov\u00edan dinero por diferentes empresas para evitar ser detectados, pero Juan Barreiro acepta que en este momento est\u00e1n vigilados.<\/p>\n<p>La mujer consulta si no es muy tarde para invertir en Anaya, y Juan responde que nunca es tarde para hacer algo, aunque en este momento es complicado hacerlo porque est\u00e1 todo muy revisado, pero \u201csiempre hay formas de hacerle llegar el dinero\u201d.<\/p>\n<p>El video finaliza con la interrogante: \u00bfQu\u00e9 pasar\u00eda s\u00ed Ricardo Anaya gana la Presidencia? \u201cY s\u00ed queda, pues \u00e9ste candidato, se nos abren las puertas, pero para lo que queramos, entonces con eso, nos vamos al cielo\u201d, revira Barreiro.<\/p>\n<p style=\"text-align: center;\"><strong>El panista responsabiliza al Presidente<\/strong><\/p>\n<p>Ricardo Anaya Cort\u00e9s respondi\u00f3 y responsabiliz\u00f3 en otro video al presidente Enrique Pe\u00f1a Nieto de lo que llam\u00f3 un nuevo \u201cataque\u201d en su contra por haber denunciado el pacto entre el Ejecutivo y Andr\u00e9s Manuel L\u00f3pez Obrador para que el tabasque\u00f1o gane la elecci\u00f3n.<\/p>\n<p>Dijo que la informaci\u00f3n del video es \u201ctotalmente falsa\u201d y forma parte de una estrategia del gobierno federal para da\u00f1ar su candidatura.<\/p>\n<p>El panista anot\u00f3 que la guerra sucia en su contra \u201cya no va a parar\u201d hasta el d\u00eda de la elecci\u00f3n.<\/p>\n<p>Al respecto, el secretario de Gobernaci\u00f3n, Alfonso Navarrete Prida, rechaz\u00f3 en <em>Twitter<\/em> que el gobierno federal intervenga en el proceso electoral \u201cm\u00e1s all\u00e1 de sus obligaciones constitucionales y exige respeto a los actores pol\u00edticos que participan en esta contienda al hacer se\u00f1alamientos sin fundamento que enrarecen el clima de civilidad que debe imperar\u201d.<\/p>\n","protected":false},"excerpt":{"rendered":"<p><span style=\"color: #005497;\">Derecho de r\u00e9plica<\/span><br \/>\n<br \/>\nErnesto Cordero Arroyo, presidente de la Mesa Directiva del Senado, present\u00f3 una denuncia ante la PGR contra el candidato presidencial Ricardo Anaya, por presunto lavado de dinero.<\/p>\n","protected":false},"author":3,"featured_media":380621,"comment_status":"open","ping_status":"open","sticky":false,"template":"","format":"standard","meta":{"_monsterinsights_skip_tracking":false,"_monsterinsights_sitenote_active":false,"_monsterinsights_sitenote_note":"","_monsterinsights_sitenote_category":0,"footnotes":""},"categories":[3],"tags":[54579,57256,43674],"class_list":["post-380469","post","type-post","status-publish","format-standard","has-post-thumbnail","hentry","category-nacional","tag-jose-luis-montanez","tag-la-ley-de-herodes","tag-opinion"],"_links":{"self":[{"href":"https:\/\/www.diarioimagen.net\/index.php?rest_route=\/wp\/v2\/posts\/380469","targetHints":{"allow":["GET"]}}],"collection":[{"href":"https:\/\/www.diarioimagen.net\/index.php?rest_route=\/wp\/v2\/posts"}],"about":[{"href":"https:\/\/www.diarioimagen.net\/index.php?rest_route=\/wp\/v2\/types\/post"}],"author":[{"embeddable":true,"href":"https:\/\/www.diarioimagen.net\/index.php?rest_route=\/wp\/v2\/users\/3"}],"replies":[{"embeddable":true,"href":"https:\/\/www.diarioimagen.net\/index.php?rest_route=%2Fwp%2Fv2%2Fcomments&post=380469"}],"version-history":[{"count":0,"href":"https:\/\/www.diarioimagen.net\/index.php?rest_route=\/wp\/v2\/posts\/380469\/revisions"}],"wp:featuredmedia":[{"embeddable":true,"href":"https:\/\/www.diarioimagen.net\/index.php?rest_route=\/wp\/v2\/media\/380621"}],"wp:attachment":[{"href":"https:\/\/www.diarioimagen.net\/index.php?rest_route=%2Fwp%2Fv2%2Fmedia&parent=380469"}],"wp:term":[{"taxonomy":"category","embeddable":true,"href":"https:\/\/www.diarioimagen.net\/index.php?rest_route=%2Fwp%2Fv2%2Fcategories&post=380469"},{"taxonomy":"post_tag","embeddable":true,"href":"https:\/\/www.diarioimagen.net\/index.php?rest_route=%2Fwp%2Fv2%2Ftags&post=380469"}],"curies":[{"name":"wp","href":"https:\/\/api.w.org\/{rel}","templated":true}]}}