{"id":380480,"date":"2018-06-12T00:11:16","date_gmt":"2018-06-12T05:11:16","guid":{"rendered":"http:\/\/www.diarioimagen.net\/?p=380480"},"modified":"2018-06-12T04:26:15","modified_gmt":"2018-06-12T09:26:15","slug":"candidato-del-pri-es-un-cinico-mosca-muerta-dice-anaya","status":"publish","type":"post","link":"https:\/\/www.diarioimagen.net\/?p=380480","title":{"rendered":"Candidato del PRI es un c\u00ednico mosca muerta, dice Anaya"},"content":{"rendered":"<ul>\n<li><strong><em>Respuesta al calificativo de \u201cvulgar ladr\u00f3n\u201d<\/em><\/strong><\/li>\n<\/ul>\n<p>&nbsp;<\/p>\n<div id=\"attachment_380577\" style=\"width: 470px\" class=\"wp-caption aligncenter\"><a href=\"http:\/\/www.diarioimagen.net\/?attachment_id=380577\" rel=\"attachment wp-att-380577\"><img loading=\"lazy\" decoding=\"async\" aria-describedby=\"caption-attachment-380577\" class=\"size-large wp-image-380577\" src=\"http:\/\/www.diarioimagen.net\/wp-content\/uploads\/2018\/06\/ANAYA-3387-460x259.jpg\" alt=\"\" width=\"460\" height=\"259\" srcset=\"https:\/\/www.diarioimagen.net\/wp-content\/uploads\/2018\/06\/ANAYA-3387-460x259.jpg 460w, https:\/\/www.diarioimagen.net\/wp-content\/uploads\/2018\/06\/ANAYA-3387-240x135.jpg 240w, https:\/\/www.diarioimagen.net\/wp-content\/uploads\/2018\/06\/ANAYA-3387-235x132.jpg 235w, https:\/\/www.diarioimagen.net\/wp-content\/uploads\/2018\/06\/ANAYA-3387-202x114.jpg 202w, https:\/\/www.diarioimagen.net\/wp-content\/uploads\/2018\/06\/ANAYA-3387-350x196.jpg 350w, https:\/\/www.diarioimagen.net\/wp-content\/uploads\/2018\/06\/ANAYA-3387-220x123.jpg 220w, https:\/\/www.diarioimagen.net\/wp-content\/uploads\/2018\/06\/ANAYA-3387-237x132.jpg 237w, https:\/\/www.diarioimagen.net\/wp-content\/uploads\/2018\/06\/ANAYA-3387.jpg 480w\" sizes=\"auto, (max-width: 460px) 100vw, 460px\" \/><\/a><p id=\"caption-attachment-380577\" class=\"wp-caption-text\">Ricardo Anaya Cort\u00e9s calific\u00f3 a Jos\u00e9 Antonio Meade Kuribre\u00f1a como \u201cc\u00ednico, corrupto y mosca muerta\u201d.<\/p><\/div>\n<p>&nbsp;<\/p>\n<p>Ricardo Anaya Cort\u00e9s, candidato presidencial de la coalici\u00f3n \u201cPor M\u00e9xico al Frente\u201d, calific\u00f3 a Jos\u00e9 Antonio Meade Kuribre\u00f1a como c\u00ednico, corrupto y mosca muerta, tras ser calificado de \u201cvulgar ladr\u00f3n\u201d.<\/p>\n<p>Justific\u00f3 la agresi\u00f3n verbal del aspirante del tricolor por lo mal que va su campa\u00f1a, lo que ha generado, que tanto el PRI y Morena se al\u00eden para generar la coalici\u00f3n \u201cPrimor\u201d.<\/p>\n<p>El domingo pasado, el abanderado del PRI-PVEM-PANAL llam\u00f3 a Anaya Cort\u00e9s \u201cvulgar ladr\u00f3n\u201d, luego de las acusaciones que surgieron hace unos d\u00edas, tras hacerse viral un video, donde se le acusa de supuestos actos de lavado de dinero.<\/p>\n<p>Anaya Cort\u00e9s se\u00f1al\u00f3 que Meade Kuribre\u00f1a est\u00e1 enojado y que se comporta de manera grosera \u201cporque ya se enter\u00f3 que perder\u00e1 las elecciones\u201d.<\/p>\n<p>\u201cYa la dieron la noticia de que le est\u00e1 yendo muy mal. Le explicaron que va a perder, y en su coraje dijo todo tipo de descalificaciones. As\u00ed como lo ven con su carita de mosquita muerta, es un c\u00ednico y corrupto, igual que todos los del PRI\u201d, dijo el panista.<\/p>\n<p>Ante militantes y simpatizantes del PAN, reunidos en la plaza principal Valladolid, asegur\u00f3 que el pueblo expulsar\u00e1 al tricolor del gobierno a punta del voto. \u201cLos vamos a poner en su lugar y los vamos a gobernar\u201d.<\/p>\n<p>Recalc\u00f3 que Jos\u00e9 Antonio Meade es muy ingenuo, \u201cporque no se ha enterado que su partido ya lo abandon\u00f3 y que incluso pact\u00f3 con Andr\u00e9s Manuel L\u00f3pez Obrador\u201d.<\/p>\n<p>Todos sabemos que con los gobiernos del PRI hay corrupci\u00f3n, que se roban el dinero de la gente, habiendo necesidades, van al hospital y no les dan los medicamentos que necesitan, porque s\u00ed hay presupuesto, s\u00f3lo que se roban el dinero.<\/p>\n","protected":false},"excerpt":{"rendered":"<p>Ricardo Anaya Cort\u00e9s, candidato presidencial de la coalici\u00f3n \u201cPor M\u00e9xico al Frente\u201d, calific\u00f3 a Jos\u00e9 Antonio Meade Kuribre\u00f1a como c\u00ednico, corrupto y mosca muerta, tras ser calificado de \u201cvulgar ladr\u00f3n\u201d.<\/p>\n","protected":false},"author":3,"featured_media":380577,"comment_status":"open","ping_status":"open","sticky":false,"template":"","format":"standard","meta":{"_monsterinsights_skip_tracking":false,"_monsterinsights_sitenote_active":false,"_monsterinsights_sitenote_note":"","_monsterinsights_sitenote_category":0,"footnotes":""},"categories":[3],"tags":[74792,362,7347],"class_list":["post-380480","post","type-post","status-publish","format-standard","has-post-thumbnail","hentry","category-nacional","tag-mosca","tag-pri","tag-ricardo-anaya-cortes"],"_links":{"self":[{"href":"https:\/\/www.diarioimagen.net\/index.php?rest_route=\/wp\/v2\/posts\/380480","targetHints":{"allow":["GET"]}}],"collection":[{"href":"https:\/\/www.diarioimagen.net\/index.php?rest_route=\/wp\/v2\/posts"}],"about":[{"href":"https:\/\/www.diarioimagen.net\/index.php?rest_route=\/wp\/v2\/types\/post"}],"author":[{"embeddable":true,"href":"https:\/\/www.diarioimagen.net\/index.php?rest_route=\/wp\/v2\/users\/3"}],"replies":[{"embeddable":true,"href":"https:\/\/www.diarioimagen.net\/index.php?rest_route=%2Fwp%2Fv2%2Fcomments&post=380480"}],"version-history":[{"count":0,"href":"https:\/\/www.diarioimagen.net\/index.php?rest_route=\/wp\/v2\/posts\/380480\/revisions"}],"wp:featuredmedia":[{"embeddable":true,"href":"https:\/\/www.diarioimagen.net\/index.php?rest_route=\/wp\/v2\/media\/380577"}],"wp:attachment":[{"href":"https:\/\/www.diarioimagen.net\/index.php?rest_route=%2Fwp%2Fv2%2Fmedia&parent=380480"}],"wp:term":[{"taxonomy":"category","embeddable":true,"href":"https:\/\/www.diarioimagen.net\/index.php?rest_route=%2Fwp%2Fv2%2Fcategories&post=380480"},{"taxonomy":"post_tag","embeddable":true,"href":"https:\/\/www.diarioimagen.net\/index.php?rest_route=%2Fwp%2Fv2%2Ftags&post=380480"}],"curies":[{"name":"wp","href":"https:\/\/api.w.org\/{rel}","templated":true}]}}