{"id":380482,"date":"2018-06-12T00:09:50","date_gmt":"2018-06-12T05:09:50","guid":{"rendered":"http:\/\/www.diarioimagen.net\/?p=380482"},"modified":"2018-06-12T04:43:38","modified_gmt":"2018-06-12T09:43:38","slug":"sheinbaum-modernizara-el-esquema-de-verificacion","status":"publish","type":"post","link":"https:\/\/www.diarioimagen.net\/?p=380482","title":{"rendered":"Sheinbaum modernizar\u00e1 el esquema de verificaci\u00f3n"},"content":{"rendered":"<ul>\n<li><strong><em>Ser\u00eda revisado<\/em><\/strong><\/li>\n<\/ul>\n<p>&nbsp;<\/p>\n<p><a href=\"http:\/\/www.diarioimagen.net\/?attachment_id=380580\" rel=\"attachment wp-att-380580\"><img loading=\"lazy\" decoding=\"async\" class=\"aligncenter size-large wp-image-380580\" src=\"http:\/\/www.diarioimagen.net\/wp-content\/uploads\/2018\/06\/sheibaum-3387-460x259.jpg\" alt=\"\" width=\"460\" height=\"259\" srcset=\"https:\/\/www.diarioimagen.net\/wp-content\/uploads\/2018\/06\/sheibaum-3387-460x259.jpg 460w, https:\/\/www.diarioimagen.net\/wp-content\/uploads\/2018\/06\/sheibaum-3387-240x135.jpg 240w, https:\/\/www.diarioimagen.net\/wp-content\/uploads\/2018\/06\/sheibaum-3387-235x132.jpg 235w, https:\/\/www.diarioimagen.net\/wp-content\/uploads\/2018\/06\/sheibaum-3387-202x114.jpg 202w, https:\/\/www.diarioimagen.net\/wp-content\/uploads\/2018\/06\/sheibaum-3387-350x196.jpg 350w, https:\/\/www.diarioimagen.net\/wp-content\/uploads\/2018\/06\/sheibaum-3387-220x123.jpg 220w, https:\/\/www.diarioimagen.net\/wp-content\/uploads\/2018\/06\/sheibaum-3387-237x132.jpg 237w, https:\/\/www.diarioimagen.net\/wp-content\/uploads\/2018\/06\/sheibaum-3387.jpg 480w\" sizes=\"auto, (max-width: 460px) 100vw, 460px\" \/><\/a><\/p>\n<p>&nbsp;<\/p>\n<p>La candidata de la coalici\u00f3n Juntos Haremos Historia al gobierno capitalino, Claudia Sheinbaum Pardo, asegur\u00f3 que de ganar las elecciones, revisar\u00e1 y modernizar\u00e1 el esquema de verificaci\u00f3n vehicular, porque a su parecer no fue el adecuado, aunque aclar\u00f3 que no desaparecer\u00e1 porque es un asunto ambiental.<\/p>\n<p>Al reunirse con empresarios de la Canacintra, manifest\u00f3 su desacuerdo en que para empezar se haya reducido el n\u00famero de verificentros y se concentren en menos manos, lo que adem\u00e1s provocar\u00e1 m\u00e1s aglomeraciones y filas para cumplir con ese tr\u00e1mite.<\/p>\n<p>Lo que pasa, abund\u00f3, es que en lugar de realizar acciones para reducir la contaminaci\u00f3n, lo \u00fanico que se hace es promover un negocio en unas cuantas manos.<\/p>\n<p>Mencion\u00f3 que lo que se sabe es que los 50 verificentros que empezar\u00e1n a operar dentro de poco tiempo, est\u00e1n concentrados en unas cuantas empresas.<\/p>\n<p>De acuerdo con la abanderada de los partidos Morena, del Trabajo y Encuentro Social, hay muchas revisiones que pretende hacer obligatorios el actual gobierno, pero no tienen sentido, como es el caso de la revisi\u00f3n de la suspensi\u00f3n.<\/p>\n<p>\u201cVamos a revisar la tecnolog\u00eda que quieren utilizar e incluso que no est\u00e1 homologada con el Estado de M\u00e9xico, lo que provocar\u00e1 que ante lo estricto de la verificaci\u00f3n, los automovilistas se van a ir a emplacar a otra parte\u201d, coment\u00f3.<\/p>\n<p>Sheinbaum Pardo sostuvo que de mantenerse el esquema que implementar\u00e1 el actual gobierno capitalino, habr\u00e1 una baja en el pago de derechos y la p\u00e9rdida de informaci\u00f3n sobre las unidades que circulan en la capital del pa\u00eds.<\/p>\n<p>As\u00ed mismo, se pronunci\u00f3 por terminar la competencia desleal entre los taxistas y los servicios de transporte p\u00fablico por aplicaci\u00f3n telef\u00f3nica.<\/p>\n","protected":false},"excerpt":{"rendered":"<p>La candidata de la coalici\u00f3n Juntos Haremos Historia al gobierno capitalino, Claudia Sheinbaum Pardo, asegur\u00f3 que de ganar las elecciones, revisar\u00e1 y modernizar\u00e1 el esquema de verificaci\u00f3n vehicular, porque a su parecer no fue el adecuado, aunque aclar\u00f3 que no desaparecer\u00e1 porque es un asunto ambiental.<\/p>\n","protected":false},"author":3,"featured_media":380580,"comment_status":"open","ping_status":"open","sticky":false,"template":"","format":"standard","meta":{"_monsterinsights_skip_tracking":false,"_monsterinsights_sitenote_active":false,"_monsterinsights_sitenote_note":"","_monsterinsights_sitenote_category":0,"footnotes":""},"categories":[6],"tags":[204,72207,17846],"class_list":["post-380482","post","type-post","status-publish","format-standard","has-post-thumbnail","hentry","category-cd-de-mexico","tag-ciudad-de-mexico","tag-claudia-sheinbaum-pardo","tag-verificacion"],"_links":{"self":[{"href":"https:\/\/www.diarioimagen.net\/index.php?rest_route=\/wp\/v2\/posts\/380482","targetHints":{"allow":["GET"]}}],"collection":[{"href":"https:\/\/www.diarioimagen.net\/index.php?rest_route=\/wp\/v2\/posts"}],"about":[{"href":"https:\/\/www.diarioimagen.net\/index.php?rest_route=\/wp\/v2\/types\/post"}],"author":[{"embeddable":true,"href":"https:\/\/www.diarioimagen.net\/index.php?rest_route=\/wp\/v2\/users\/3"}],"replies":[{"embeddable":true,"href":"https:\/\/www.diarioimagen.net\/index.php?rest_route=%2Fwp%2Fv2%2Fcomments&post=380482"}],"version-history":[{"count":0,"href":"https:\/\/www.diarioimagen.net\/index.php?rest_route=\/wp\/v2\/posts\/380482\/revisions"}],"wp:featuredmedia":[{"embeddable":true,"href":"https:\/\/www.diarioimagen.net\/index.php?rest_route=\/wp\/v2\/media\/380580"}],"wp:attachment":[{"href":"https:\/\/www.diarioimagen.net\/index.php?rest_route=%2Fwp%2Fv2%2Fmedia&parent=380482"}],"wp:term":[{"taxonomy":"category","embeddable":true,"href":"https:\/\/www.diarioimagen.net\/index.php?rest_route=%2Fwp%2Fv2%2Fcategories&post=380482"},{"taxonomy":"post_tag","embeddable":true,"href":"https:\/\/www.diarioimagen.net\/index.php?rest_route=%2Fwp%2Fv2%2Ftags&post=380482"}],"curies":[{"name":"wp","href":"https:\/\/api.w.org\/{rel}","templated":true}]}}