{"id":380497,"date":"2018-06-12T00:06:52","date_gmt":"2018-06-12T05:06:52","guid":{"rendered":"http:\/\/www.diarioimagen.net\/?p=380497"},"modified":"2018-06-12T04:39:56","modified_gmt":"2018-06-12T09:39:56","slug":"pide-cesar-camacho-a-priistas-dar-el-sprint-final-para-alcanzar-la-victoria-este-1-de-julio","status":"publish","type":"post","link":"https:\/\/www.diarioimagen.net\/?p=380497","title":{"rendered":"Pide C\u00e9sar Camacho a pri\u00edstas dar el sprint final para alcanzar la victoria este 1 de julio"},"content":{"rendered":"<ul>\n<li><strong><em>La estructura del tricolor se cubrir\u00e1 de gloria<\/em><\/strong><\/li>\n<\/ul>\n<p>&nbsp;<\/p>\n<div id=\"attachment_380597\" style=\"width: 470px\" class=\"wp-caption aligncenter\"><a href=\"http:\/\/www.diarioimagen.net\/?attachment_id=380597\" rel=\"attachment wp-att-380597\"><img loading=\"lazy\" decoding=\"async\" aria-describedby=\"caption-attachment-380597\" class=\"size-large wp-image-380597\" src=\"http:\/\/www.diarioimagen.net\/wp-content\/uploads\/2018\/06\/ZINACANTEPEC-3387-460x259.jpg\" alt=\"\" width=\"460\" height=\"259\" srcset=\"https:\/\/www.diarioimagen.net\/wp-content\/uploads\/2018\/06\/ZINACANTEPEC-3387-460x259.jpg 460w, https:\/\/www.diarioimagen.net\/wp-content\/uploads\/2018\/06\/ZINACANTEPEC-3387-240x135.jpg 240w, https:\/\/www.diarioimagen.net\/wp-content\/uploads\/2018\/06\/ZINACANTEPEC-3387-235x132.jpg 235w, https:\/\/www.diarioimagen.net\/wp-content\/uploads\/2018\/06\/ZINACANTEPEC-3387-202x114.jpg 202w, https:\/\/www.diarioimagen.net\/wp-content\/uploads\/2018\/06\/ZINACANTEPEC-3387-350x196.jpg 350w, https:\/\/www.diarioimagen.net\/wp-content\/uploads\/2018\/06\/ZINACANTEPEC-3387-220x123.jpg 220w, https:\/\/www.diarioimagen.net\/wp-content\/uploads\/2018\/06\/ZINACANTEPEC-3387-237x132.jpg 237w, https:\/\/www.diarioimagen.net\/wp-content\/uploads\/2018\/06\/ZINACANTEPEC-3387.jpg 480w\" sizes=\"auto, (max-width: 460px) 100vw, 460px\" \/><\/a><p id=\"caption-attachment-380597\" class=\"wp-caption-text\">C\u00e9sar Camacho dijo que \u201cvamos a ganar, merecernos el triunfo, porque \u00e9ste no se regala, hay que trabajar con las personas.<\/p><\/div>\n<p>&nbsp;<\/p>\n<p><strong>Zinacantepec, Estado de M\u00e9xico<\/strong>.- C\u00e9sar Camacho, candidato del PRI al Senado por el Estado de M\u00e9xico, afirm\u00f3 en Zinacantepec que el Revolucionario Institucional es un instrumento que le sirve a M\u00e9xico \u201cy as\u00ed seguir\u00e1 siendo despu\u00e9s de lograr la victoria el 1 de julio\u201d<\/p>\n<p>Luego de compartir sus propuestas con locatarios de las pescader\u00edas de San Luis Mextepec y despu\u00e9s de un toque de puertas a vecinos, como parte de sus actividades proselitistas, el abanderado tricolor encabez\u00f3 un evento en el gimnasio deportivo de la comunidad donde asegur\u00f3 que \u201c\u00e9ste no es tiempo para satisfacer caprichos, es el tiempo de la responsabilidad con M\u00e9xico\u201d.<\/p>\n<p>Pidi\u00f3 a los centenares de simpatizantes ah\u00ed presentes, votar en favor de Jos\u00e9 Antonio Meade, candidato presidencial de la coalici\u00f3n \u201cTodos por M\u00e9xico\u201d, \u201cuna persona de bien, un patriota al que necesitamos hacer nuestro presidente\u201d, indic\u00f3.<\/p>\n<p>Acompa\u00f1ado por los candidatos a diputada local por el distrito XXXVI, Olga Esquivel Hern\u00e1ndez, y a presidente municipal de Zinacantepec, Manuel Castrej\u00f3n Morales, el ex gobernador mexiquense dej\u00f3 en claro que \u201cdebemos mantenernos en la l\u00ednea de la inclusi\u00f3n, en la suma de articular la fuerza ciudadana y no arriesgarnos con cambios o giros peligrosos\u201d.<\/p>\n<p>\u201cVamos a ganar y vamos a merecernos el triunfo, porque el triunfo no se regala, por eso hay que trabajar con las personas que lo hacen con eficacia, ustedes los priistas, \u201cporque Pepe Meade y nuestros dem\u00e1s candidatos abanderan el mejor proyecto de naci\u00f3n para todos los mexicanos\u201d, recalc\u00f3 apoyado con porras y aplausos.<\/p>\n<p>Previamente, C\u00e9sar Camacho particip\u00f3 en una carrera de cinco kil\u00f3metros por calles y avenidas del primer cuadro de Zinacantepec, donde llam\u00f3 a mantener la perseverancia en las tres semanas que faltan para el d\u00eda de la elecci\u00f3n \u201cy con un sprint final\u201d hacer que gane la mejor causa por M\u00e9xico, \u201cla que encabeza Pepe Meade\u201d.<\/p>\n<p>\u201cEl primero de julio quien tiene que ganar debe ser M\u00e9xico, este pa\u00eds enorme, este pa\u00eds de oportunidad, este pa\u00eds donde la gente no se doblega, este pa\u00eds que todo lo que tiene es resultado del trabajo y la perseverancia\u201d, destac\u00f3 el abanderado tricolor a su llegada a la meta.<\/p>\n","protected":false},"excerpt":{"rendered":"<p>C\u00e9sar Camacho, candidato del PRI al Senado por el Estado de M\u00e9xico, afirm\u00f3 en Zinacantepec que el Revolucionario Institucional es un instrumento que le sirve a M\u00e9xico \u201cy as\u00ed seguir\u00e1 siendo despu\u00e9s de lograr la victoria el 1 de julio\u201d<\/p>\n","protected":false},"author":3,"featured_media":380597,"comment_status":"open","ping_status":"open","sticky":false,"template":"","format":"standard","meta":{"_monsterinsights_skip_tracking":false,"_monsterinsights_sitenote_active":false,"_monsterinsights_sitenote_note":"","_monsterinsights_sitenote_category":0,"footnotes":""},"categories":[35155],"tags":[3184,43675,8478,184],"class_list":["post-380497","post","type-post","status-publish","format-standard","has-post-thumbnail","hentry","category-estado-de-mexico-estado-de-mexico","tag-cesar-camacho-quiroz","tag-estado-de-mexico","tag-victoria","tag-zinacantepec"],"_links":{"self":[{"href":"https:\/\/www.diarioimagen.net\/index.php?rest_route=\/wp\/v2\/posts\/380497","targetHints":{"allow":["GET"]}}],"collection":[{"href":"https:\/\/www.diarioimagen.net\/index.php?rest_route=\/wp\/v2\/posts"}],"about":[{"href":"https:\/\/www.diarioimagen.net\/index.php?rest_route=\/wp\/v2\/types\/post"}],"author":[{"embeddable":true,"href":"https:\/\/www.diarioimagen.net\/index.php?rest_route=\/wp\/v2\/users\/3"}],"replies":[{"embeddable":true,"href":"https:\/\/www.diarioimagen.net\/index.php?rest_route=%2Fwp%2Fv2%2Fcomments&post=380497"}],"version-history":[{"count":0,"href":"https:\/\/www.diarioimagen.net\/index.php?rest_route=\/wp\/v2\/posts\/380497\/revisions"}],"wp:featuredmedia":[{"embeddable":true,"href":"https:\/\/www.diarioimagen.net\/index.php?rest_route=\/wp\/v2\/media\/380597"}],"wp:attachment":[{"href":"https:\/\/www.diarioimagen.net\/index.php?rest_route=%2Fwp%2Fv2%2Fmedia&parent=380497"}],"wp:term":[{"taxonomy":"category","embeddable":true,"href":"https:\/\/www.diarioimagen.net\/index.php?rest_route=%2Fwp%2Fv2%2Fcategories&post=380497"},{"taxonomy":"post_tag","embeddable":true,"href":"https:\/\/www.diarioimagen.net\/index.php?rest_route=%2Fwp%2Fv2%2Ftags&post=380497"}],"curies":[{"name":"wp","href":"https:\/\/api.w.org\/{rel}","templated":true}]}}