{"id":380499,"date":"2018-06-12T00:05:14","date_gmt":"2018-06-12T05:05:14","guid":{"rendered":"http:\/\/www.diarioimagen.net\/?p=380499"},"modified":"2018-06-12T04:42:09","modified_gmt":"2018-06-12T09:42:09","slug":"encuestas-ponen-arriba-a-oropeza-del-frente-en-naucalpan","status":"publish","type":"post","link":"https:\/\/www.diarioimagen.net\/?p=380499","title":{"rendered":"Encuestas ponen arriba a Oropeza, del Frente, en Naucalpan"},"content":{"rendered":"<p><a href=\"http:\/\/www.diarioimagen.net\/?attachment_id=380601\" rel=\"attachment wp-att-380601\"><img loading=\"lazy\" decoding=\"async\" class=\"aligncenter size-large wp-image-380601\" src=\"http:\/\/www.diarioimagen.net\/wp-content\/uploads\/2018\/06\/NAUCALPAN-3387-460x259.jpg\" alt=\"\" width=\"460\" height=\"259\" srcset=\"https:\/\/www.diarioimagen.net\/wp-content\/uploads\/2018\/06\/NAUCALPAN-3387-460x259.jpg 460w, https:\/\/www.diarioimagen.net\/wp-content\/uploads\/2018\/06\/NAUCALPAN-3387-240x135.jpg 240w, https:\/\/www.diarioimagen.net\/wp-content\/uploads\/2018\/06\/NAUCALPAN-3387-235x132.jpg 235w, https:\/\/www.diarioimagen.net\/wp-content\/uploads\/2018\/06\/NAUCALPAN-3387-202x114.jpg 202w, https:\/\/www.diarioimagen.net\/wp-content\/uploads\/2018\/06\/NAUCALPAN-3387-350x196.jpg 350w, https:\/\/www.diarioimagen.net\/wp-content\/uploads\/2018\/06\/NAUCALPAN-3387-220x123.jpg 220w, https:\/\/www.diarioimagen.net\/wp-content\/uploads\/2018\/06\/NAUCALPAN-3387-237x132.jpg 237w, https:\/\/www.diarioimagen.net\/wp-content\/uploads\/2018\/06\/NAUCALPAN-3387.jpg 480w\" sizes=\"auto, (max-width: 460px) 100vw, 460px\" \/><\/a><\/p>\n<p>&nbsp;<\/p>\n<p><strong>Naucalpan, Estado de M\u00e9xico<\/strong><strong>.- <\/strong>El candidato\u00a0\u00a0a\u00a0\u00a0la presidencia municipal de Naucalpan por\u00a0\u00a0la coalici\u00f3n Por el Estado de M\u00e9xico al Frente, Alfredo Oropeza M\u00e9ndez, tiene una ventaja de cuatro puntos sobre la abanderada de Morena, Patricia Dur\u00e1n, seg\u00fan lo establece la encuesta realizada por la empresa IQ , en el periodo que comprende del 31 de mayo al 2 de junio.<\/p>\n<p>Los dirigentes municipales de los partidos\u00a0\u00a0PAN y PRD,\u00a0\u00a0Luis Marr\u00f3n y\u00a0\u00a0Paz Ochoa,\u00a0\u00a0respectivamente, dieron a conocer los resultados de la encuesta que dan a Alfredo Oropeza, el 35.8 por ciento de la preferencia electoral, seguido de Morena con un 31.3% y el PRI con el 18.9%.<\/p>\n","protected":false},"excerpt":{"rendered":"<p>El candidato  a  la presidencia municipal de Naucalpan por  la coalici\u00f3n Por el Estado de M\u00e9xico al Frente, Alfredo Oropeza M\u00e9ndez, tiene una ventaja de cuatro puntos sobre la abanderada de Morena, Patricia Dur\u00e1n, seg\u00fan lo establece la encuesta realizada por la empresa IQ , en el periodo que comprende del 31 de mayo al 2 de junio.<\/p>\n","protected":false},"author":3,"featured_media":380601,"comment_status":"open","ping_status":"open","sticky":false,"template":"","format":"standard","meta":{"_monsterinsights_skip_tracking":false,"_monsterinsights_sitenote_active":false,"_monsterinsights_sitenote_note":"","_monsterinsights_sitenote_category":0,"footnotes":""},"categories":[35155],"tags":[74796,67990,43675,970],"class_list":["post-380499","post","type-post","status-publish","format-standard","has-post-thumbnail","hentry","category-estado-de-mexico-estado-de-mexico","tag-arriba","tag-encuesta","tag-estado-de-mexico","tag-naucalpan"],"_links":{"self":[{"href":"https:\/\/www.diarioimagen.net\/index.php?rest_route=\/wp\/v2\/posts\/380499","targetHints":{"allow":["GET"]}}],"collection":[{"href":"https:\/\/www.diarioimagen.net\/index.php?rest_route=\/wp\/v2\/posts"}],"about":[{"href":"https:\/\/www.diarioimagen.net\/index.php?rest_route=\/wp\/v2\/types\/post"}],"author":[{"embeddable":true,"href":"https:\/\/www.diarioimagen.net\/index.php?rest_route=\/wp\/v2\/users\/3"}],"replies":[{"embeddable":true,"href":"https:\/\/www.diarioimagen.net\/index.php?rest_route=%2Fwp%2Fv2%2Fcomments&post=380499"}],"version-history":[{"count":0,"href":"https:\/\/www.diarioimagen.net\/index.php?rest_route=\/wp\/v2\/posts\/380499\/revisions"}],"wp:featuredmedia":[{"embeddable":true,"href":"https:\/\/www.diarioimagen.net\/index.php?rest_route=\/wp\/v2\/media\/380601"}],"wp:attachment":[{"href":"https:\/\/www.diarioimagen.net\/index.php?rest_route=%2Fwp%2Fv2%2Fmedia&parent=380499"}],"wp:term":[{"taxonomy":"category","embeddable":true,"href":"https:\/\/www.diarioimagen.net\/index.php?rest_route=%2Fwp%2Fv2%2Fcategories&post=380499"},{"taxonomy":"post_tag","embeddable":true,"href":"https:\/\/www.diarioimagen.net\/index.php?rest_route=%2Fwp%2Fv2%2Ftags&post=380499"}],"curies":[{"name":"wp","href":"https:\/\/api.w.org\/{rel}","templated":true}]}}