{"id":380501,"date":"2018-06-12T00:04:45","date_gmt":"2018-06-12T05:04:45","guid":{"rendered":"http:\/\/www.diarioimagen.net\/?p=380501"},"modified":"2018-06-12T04:45:42","modified_gmt":"2018-06-12T09:45:42","slug":"sere-un-alcalde-que-ayudara-a-ampliar-educacion-y-empleo-a-atizapenses-geyne","status":"publish","type":"post","link":"https:\/\/www.diarioimagen.net\/?p=380501","title":{"rendered":"Ser\u00e9 un alcalde que ayudar\u00e1 a ampliar educaci\u00f3n y empleo a atizapenses: Geyne"},"content":{"rendered":"<ul>\n<li><strong><em>Abanderado del tricolor<\/em><\/strong><\/li>\n<\/ul>\n<p>&nbsp;<\/p>\n<div id=\"attachment_380604\" style=\"width: 470px\" class=\"wp-caption aligncenter\"><a href=\"http:\/\/www.diarioimagen.net\/?attachment_id=380604\" rel=\"attachment wp-att-380604\"><img loading=\"lazy\" decoding=\"async\" aria-describedby=\"caption-attachment-380604\" class=\"size-large wp-image-380604\" src=\"http:\/\/www.diarioimagen.net\/wp-content\/uploads\/2018\/06\/ATIZAPAN-3387-460x259.jpg\" alt=\"\" width=\"460\" height=\"259\" srcset=\"https:\/\/www.diarioimagen.net\/wp-content\/uploads\/2018\/06\/ATIZAPAN-3387-460x259.jpg 460w, https:\/\/www.diarioimagen.net\/wp-content\/uploads\/2018\/06\/ATIZAPAN-3387-240x135.jpg 240w, https:\/\/www.diarioimagen.net\/wp-content\/uploads\/2018\/06\/ATIZAPAN-3387-235x132.jpg 235w, https:\/\/www.diarioimagen.net\/wp-content\/uploads\/2018\/06\/ATIZAPAN-3387-202x114.jpg 202w, https:\/\/www.diarioimagen.net\/wp-content\/uploads\/2018\/06\/ATIZAPAN-3387-350x196.jpg 350w, https:\/\/www.diarioimagen.net\/wp-content\/uploads\/2018\/06\/ATIZAPAN-3387-220x123.jpg 220w, https:\/\/www.diarioimagen.net\/wp-content\/uploads\/2018\/06\/ATIZAPAN-3387-237x132.jpg 237w, https:\/\/www.diarioimagen.net\/wp-content\/uploads\/2018\/06\/ATIZAPAN-3387.jpg 480w\" sizes=\"auto, (max-width: 460px) 100vw, 460px\" \/><\/a><p id=\"caption-attachment-380604\" class=\"wp-caption-text\">Enrique Geyne realiz\u00f3 un recorrido con toque de puertas por las colonias San Juan Bosco y Crist\u00f3bal Higuera, donde advirti\u00f3 que no se permitir\u00e1 que esta elecci\u00f3n sea robada por la alcaldesa con licencia, Ana Balderas.<\/p><\/div>\n<p>&nbsp;<\/p>\n<p><strong>Atizap\u00e1n, Estado de M\u00e9xico<\/strong>.- El candidato pri\u00edsta a la presidencia municipal, Enrique Geyne, se comprometi\u00f3 a que en su administraci\u00f3n, habr\u00e1 m\u00e1s oportunidades para los j\u00f3venes, ya que actualmente \u00e9stos carecen de suficientes opciones de estudio y trabajo.<\/p>\n<p>As\u00ed lo afirm\u00f3 el abanderado del tricolor durante un encuentro ciudadano con dirigentes y afiliados de la secci\u00f3n local de la Confederaci\u00f3n de Trabajadores y Campesinos (CTC), donde el joven Miguel \u00c1ngel, le pidi\u00f3 que como presidente municipal, contribuya a que la poblaci\u00f3n de menor edad, cuente con mayores oportunidades de desarrollo.<\/p>\n<p>En respuesta, Enrique Geyne ratific\u00f3 su voluntad de que al frente del gobierno de Atizap\u00e1n, se establecer\u00e1n programas espec\u00edficos para que los j\u00f3venes tengan acceso a la educaci\u00f3n media y media superior, as\u00ed como a oportunidades laborales.<\/p>\n<p>Y record\u00f3 que la juventud requiere de mucho apoyo, porque es precisamente la parte de la poblaci\u00f3n que actualmente m\u00e1s padece por la falta de empleo y de un espacio para estudiar, por lo que afirm\u00f3: \u201cyo voy a ser un presidente joven y tengan la certeza de que comprendo la situaci\u00f3n que est\u00e1n enfrentando; no los voy a dejar solos\u201d, detall\u00f3.<\/p>\n<p>Del mismo modo, tambi\u00e9n escuch\u00f3 con atenci\u00f3n las inquietudes y planteamientos de los hombres y mujeres que acudieron a dicha reuni\u00f3n, mismos que le solicitaron mejores servicios p\u00fablicos y condiciones de mayor seguridad en las calles.<\/p>\n<p>Posteriormente, Enrique Geyne realiz\u00f3 un recorrido con toque de puertas por las colonias San Juan Bosco y Crist\u00f3bal Higuera, donde advirti\u00f3 que no se permitir\u00e1 que esta elecci\u00f3n sea robada por la alcaldesa con licencia Ana Balderas, \u201cque es capaz de todo con tal de no perder,\u201d ni que llegue a la presidencia alguien que est\u00e1 cegada por la ambici\u00f3n del poder, pero que no es de Atizap\u00e1n, ni un pol\u00edtico que busca llamar la atenci\u00f3n con supuestos atentados en su contra, en vez de presentar sus propuestas a la ciudadan\u00eda.\u201d<\/p>\n","protected":false},"excerpt":{"rendered":"<p>El candidato pri\u00edsta a la presidencia municipal, Enrique Geyne, se comprometi\u00f3 a que en su administraci\u00f3n, habr\u00e1 m\u00e1s oportunidades para los j\u00f3venes, ya que actualmente \u00e9stos carecen de suficientes opciones de estudio y trabajo.<\/p>\n","protected":false},"author":3,"featured_media":380604,"comment_status":"open","ping_status":"open","sticky":false,"template":"","format":"standard","meta":{"_monsterinsights_skip_tracking":false,"_monsterinsights_sitenote_active":false,"_monsterinsights_sitenote_note":"","_monsterinsights_sitenote_category":0,"footnotes":""},"categories":[35155],"tags":[51958,969,74797,481,43675],"class_list":["post-380501","post","type-post","status-publish","format-standard","has-post-thumbnail","hentry","category-estado-de-mexico-estado-de-mexico","tag-ampliar","tag-atizapan","tag-educacio","tag-empleo","tag-estado-de-mexico"],"_links":{"self":[{"href":"https:\/\/www.diarioimagen.net\/index.php?rest_route=\/wp\/v2\/posts\/380501","targetHints":{"allow":["GET"]}}],"collection":[{"href":"https:\/\/www.diarioimagen.net\/index.php?rest_route=\/wp\/v2\/posts"}],"about":[{"href":"https:\/\/www.diarioimagen.net\/index.php?rest_route=\/wp\/v2\/types\/post"}],"author":[{"embeddable":true,"href":"https:\/\/www.diarioimagen.net\/index.php?rest_route=\/wp\/v2\/users\/3"}],"replies":[{"embeddable":true,"href":"https:\/\/www.diarioimagen.net\/index.php?rest_route=%2Fwp%2Fv2%2Fcomments&post=380501"}],"version-history":[{"count":0,"href":"https:\/\/www.diarioimagen.net\/index.php?rest_route=\/wp\/v2\/posts\/380501\/revisions"}],"wp:featuredmedia":[{"embeddable":true,"href":"https:\/\/www.diarioimagen.net\/index.php?rest_route=\/wp\/v2\/media\/380604"}],"wp:attachment":[{"href":"https:\/\/www.diarioimagen.net\/index.php?rest_route=%2Fwp%2Fv2%2Fmedia&parent=380501"}],"wp:term":[{"taxonomy":"category","embeddable":true,"href":"https:\/\/www.diarioimagen.net\/index.php?rest_route=%2Fwp%2Fv2%2Fcategories&post=380501"},{"taxonomy":"post_tag","embeddable":true,"href":"https:\/\/www.diarioimagen.net\/index.php?rest_route=%2Fwp%2Fv2%2Ftags&post=380501"}],"curies":[{"name":"wp","href":"https:\/\/api.w.org\/{rel}","templated":true}]}}