{"id":380503,"date":"2018-06-12T00:03:48","date_gmt":"2018-06-12T05:03:48","guid":{"rendered":"http:\/\/www.diarioimagen.net\/?p=380503"},"modified":"2018-06-12T04:49:36","modified_gmt":"2018-06-12T09:49:36","slug":"integrantes-de-morena-denuncian-actos-de-provocacion-sin-sustento-en-atizapan","status":"publish","type":"post","link":"https:\/\/www.diarioimagen.net\/?p=380503","title":{"rendered":"Integrantes de Morena denuncian actos de provocaci\u00f3n sin sustento en Atizap\u00e1n"},"content":{"rendered":"<ul>\n<li><strong><em>Que lo demuestren, dicen albiazules<\/em><\/strong><\/li>\n<\/ul>\n<p>&nbsp;<\/p>\n<div id=\"attachment_380607\" style=\"width: 470px\" class=\"wp-caption aligncenter\"><a href=\"http:\/\/www.diarioimagen.net\/?attachment_id=380607\" rel=\"attachment wp-att-380607\"><img loading=\"lazy\" decoding=\"async\" aria-describedby=\"caption-attachment-380607\" class=\"size-large wp-image-380607\" src=\"http:\/\/www.diarioimagen.net\/wp-content\/uploads\/2018\/06\/ATIZAPAN-1-3387-460x259.jpg\" alt=\"\" width=\"460\" height=\"259\" srcset=\"https:\/\/www.diarioimagen.net\/wp-content\/uploads\/2018\/06\/ATIZAPAN-1-3387-460x259.jpg 460w, https:\/\/www.diarioimagen.net\/wp-content\/uploads\/2018\/06\/ATIZAPAN-1-3387-240x135.jpg 240w, https:\/\/www.diarioimagen.net\/wp-content\/uploads\/2018\/06\/ATIZAPAN-1-3387-235x132.jpg 235w, https:\/\/www.diarioimagen.net\/wp-content\/uploads\/2018\/06\/ATIZAPAN-1-3387-202x114.jpg 202w, https:\/\/www.diarioimagen.net\/wp-content\/uploads\/2018\/06\/ATIZAPAN-1-3387-350x196.jpg 350w, https:\/\/www.diarioimagen.net\/wp-content\/uploads\/2018\/06\/ATIZAPAN-1-3387-220x123.jpg 220w, https:\/\/www.diarioimagen.net\/wp-content\/uploads\/2018\/06\/ATIZAPAN-1-3387-237x132.jpg 237w, https:\/\/www.diarioimagen.net\/wp-content\/uploads\/2018\/06\/ATIZAPAN-1-3387.jpg 480w\" sizes=\"auto, (max-width: 460px) 100vw, 460px\" \/><\/a><p id=\"caption-attachment-380607\" class=\"wp-caption-text\">El vocero de la campa\u00f1a panista, Miguel \u00c1ngel Ord\u00f3\u00f1ez: Morena no denuncia por falta de pruebas.<\/p><\/div>\n<p>&nbsp;<\/p>\n<p><strong>Atizap\u00e1n, Estado de M\u00e9xico<\/strong>.- La candidata a la presidencia municipal de Atizap\u00e1n de Zaragoza, Ana Balderas Trejo, contin\u00faa recorriendo todos los d\u00edas\u00a0 diferentes colonias del municipio, a fin de dar a conocer entre\u00a0 los ciudadanos sus propuestas\u00a0 en mejora municipal.<\/p>\n<p>Dejando de lado la guerra sucia que Morena ha emprendido en contra de los candidatos del Frente, Balderas Trejo contin\u00faa realizando una campa\u00f1a limpia, transparente y de propuestas, convenciendo a los atizapenses con hechos y palabras que la mejor opci\u00f3n son los candidatos de la Coalici\u00f3n Por el Estado de M\u00e9xico al Frente.<\/p>\n<p>Lejos de todo esto y terminar con la guerra sucia, la ma\u00f1ana del d\u00eda de hoy, Miguel \u00c1ngel Ord\u00f3\u00f1ez, declar\u00f3 ante los medios de comunicaci\u00f3n que ha recibido informaci\u00f3n en la que se le dijo que se mandar\u00e1n golpeadores y provocadores para evitar que siga\u00a0 realizando ruedas de prensa, esto con todo el dolo y la intenci\u00f3n de desacreditar a la candidata Ana Balderas Trejo.<\/p>\n<p>A lo cual, Oscar Cuevas Corona, vocero del Partido Acci\u00f3n Nacional\u00a0 en Atizap\u00e1n, refiri\u00f3 que\u00a0 los acusados en los tribunales, en los \u00f3rganos electorales y en la Fepade son Miguel \u00c1ngel Ord\u00f3\u00f1ez y Ruth Olvera.<\/p>\n<p>Y agreg\u00f3 que \u201cAna Balderas, est\u00e1 ocupada en hacer propuestas a la ciudadan\u00eda, esta denuncia del se\u00f1or Ordo\u00f1ez no es otra cosa que curarse en salud de la estrepitosa derrota que sufrir\u00e1n el pr\u00f3ximo 1 de Julio\u201d.<\/p>\n<p>\u201cNosotros con pruebas y evidencias,\u00a0 en contra de Morena estamos acudiendo ante las autoridades a denunciar, ya es un h\u00e1bito el del vocero de Morena en lanzar acusaciones al aire sin pruebas\u201d.<\/p>\n<p>Oscar Cuevas abund\u00f3 que \u201cSabemos que Ordo\u00f1ez no denuncia ante las autoridades porque sabe que mentir ante las autoridades es un delito, \u00e9l acusa medi\u00e1ticamente en los medios de comunicaci\u00f3n con mentiras pero sabe que no tiene consecuencias\u201d.<\/p>\n<p>Expres\u00f3 que \u201cPero el ir a denunciar falsedades, corre el riesgo de ser descubierto e imputado por rendir falso testimonio y ser detenido en flagrancia<\/p>\n<p>Nosotros retamos p\u00fablicamente al se\u00f1or Ordo\u00f1ez, a que presente pruebas de sus imputaciones y lo exhortamos a que en los restos de los d\u00edas que quedan de campa\u00f1a se dediquen a hacer proselitismo dentro del \u00e1mbito de la ley<\/p>\n<p>\u201cBasta de que siga lanzando acusaciones inveros\u00edmiles y con el \u00fanico prop\u00f3sito de desprestigiar a nuestra candidata Ana Balderas. Ya basta de tanta guerra sucia por parte de Morena, referente a lo que menciona\u00a0 que en su conferencia de prensa se presentar\u00e1n inspectores de la Secretar\u00eda de Salud donde \u00e9l trabaj\u00f3, solo nos resta decir que eso es producto de las irregularidades que dej\u00f3 y por las que es investigado.<\/p>\n<p>Acci\u00f3n Nacional, cree en las instituciones y conf\u00eda que en todo caso, las acusaciones que pesen sobre \u00e9l se\u00f1or Ordo\u00f1ez sean atendidas dentro del \u00e1mbito del derecho, Ana Balderas, no necesita valerse de maniobras electoreras para ganar, ella est\u00e1 recorriendo Atizap\u00e1n y dando las mejores propuestas\u201d, reiter\u00f3 Oscar Cuevas.<\/p>\n","protected":false},"excerpt":{"rendered":"<p>La candidata a la presidencia municipal de Atizap\u00e1n de Zaragoza, Ana Balderas Trejo, contin\u00faa recorriendo todos los d\u00edas  diferentes colonias del municipio, a fin de dar a conocer entre  los ciudadanos sus propuestas  en mejora municipal.  <\/p>\n","protected":false},"author":3,"featured_media":380607,"comment_status":"open","ping_status":"open","sticky":false,"template":"","format":"standard","meta":{"_monsterinsights_skip_tracking":false,"_monsterinsights_sitenote_active":false,"_monsterinsights_sitenote_note":"","_monsterinsights_sitenote_category":0,"footnotes":""},"categories":[35155],"tags":[74799,969,43675,74798],"class_list":["post-380503","post","type-post","status-publish","format-standard","has-post-thumbnail","hentry","category-estado-de-mexico-estado-de-mexico","tag-actos","tag-atizapan","tag-estado-de-mexico","tag-provocacion"],"_links":{"self":[{"href":"https:\/\/www.diarioimagen.net\/index.php?rest_route=\/wp\/v2\/posts\/380503","targetHints":{"allow":["GET"]}}],"collection":[{"href":"https:\/\/www.diarioimagen.net\/index.php?rest_route=\/wp\/v2\/posts"}],"about":[{"href":"https:\/\/www.diarioimagen.net\/index.php?rest_route=\/wp\/v2\/types\/post"}],"author":[{"embeddable":true,"href":"https:\/\/www.diarioimagen.net\/index.php?rest_route=\/wp\/v2\/users\/3"}],"replies":[{"embeddable":true,"href":"https:\/\/www.diarioimagen.net\/index.php?rest_route=%2Fwp%2Fv2%2Fcomments&post=380503"}],"version-history":[{"count":0,"href":"https:\/\/www.diarioimagen.net\/index.php?rest_route=\/wp\/v2\/posts\/380503\/revisions"}],"wp:featuredmedia":[{"embeddable":true,"href":"https:\/\/www.diarioimagen.net\/index.php?rest_route=\/wp\/v2\/media\/380607"}],"wp:attachment":[{"href":"https:\/\/www.diarioimagen.net\/index.php?rest_route=%2Fwp%2Fv2%2Fmedia&parent=380503"}],"wp:term":[{"taxonomy":"category","embeddable":true,"href":"https:\/\/www.diarioimagen.net\/index.php?rest_route=%2Fwp%2Fv2%2Fcategories&post=380503"},{"taxonomy":"post_tag","embeddable":true,"href":"https:\/\/www.diarioimagen.net\/index.php?rest_route=%2Fwp%2Fv2%2Ftags&post=380503"}],"curies":[{"name":"wp","href":"https:\/\/api.w.org\/{rel}","templated":true}]}}