{"id":380543,"date":"2018-06-12T00:09:55","date_gmt":"2018-06-12T05:09:55","guid":{"rendered":"http:\/\/www.diarioimagen.net\/?p=380543"},"modified":"2018-06-12T05:05:07","modified_gmt":"2018-06-12T10:05:07","slug":"anaya-y-meade-se-veran-las-caras","status":"publish","type":"post","link":"https:\/\/www.diarioimagen.net\/?p=380543","title":{"rendered":"Anaya y Meade se ver\u00e1n las caras"},"content":{"rendered":"<h2>Punto por punto<\/h2>\n<h5>Augusto Corro<\/h5>\n<p>&nbsp;<\/p>\n<div id=\"attachment_380623\" style=\"width: 470px\" class=\"wp-caption aligncenter\"><a href=\"http:\/\/www.diarioimagen.net\/?attachment_id=380623\" rel=\"attachment wp-att-380623\"><img loading=\"lazy\" decoding=\"async\" aria-describedby=\"caption-attachment-380623\" class=\"size-large wp-image-380623\" src=\"http:\/\/www.diarioimagen.net\/wp-content\/uploads\/2018\/06\/SIN-MaS-QUE-DECIR-jose-luis-3387-460x356.jpg\" alt=\"\" width=\"460\" height=\"356\" srcset=\"https:\/\/www.diarioimagen.net\/wp-content\/uploads\/2018\/06\/SIN-MaS-QUE-DECIR-jose-luis-3387-460x356.jpg 460w, https:\/\/www.diarioimagen.net\/wp-content\/uploads\/2018\/06\/SIN-MaS-QUE-DECIR-jose-luis-3387-240x186.jpg 240w, https:\/\/www.diarioimagen.net\/wp-content\/uploads\/2018\/06\/SIN-MaS-QUE-DECIR-jose-luis-3387-768x594.jpg 768w, https:\/\/www.diarioimagen.net\/wp-content\/uploads\/2018\/06\/SIN-MaS-QUE-DECIR-jose-luis-3387.jpg 1200w\" sizes=\"auto, (max-width: 460px) 100vw, 460px\" \/><\/a><p id=\"caption-attachment-380623\" class=\"wp-caption-text\">Sin m\u00e1s qu\u00e9 decir&#8230; | Jos\u00e9 Luis<\/p><\/div>\n<p>&nbsp;<\/p>\n<p>Los esc\u00e1ndalos de los pol\u00edticos son el eje principal de la guerra sucia, que se encuentra en su apogeo.<\/p>\n<p>Los insultos se usan ahora para sustituir los discursos de los candidatos presidenciales.<\/p>\n<p>Ricardo Anaya de <em>Por M\u00e9xico al Frente<\/em> y Jos\u00e9 Antonio Meade Kuribre\u00f1a de <em>Todos por M\u00e9xico,<\/em> decidieron irse por la v\u00eda de los insultos.<\/p>\n<p>En los \u00faltimos d\u00edas se lanzaron acusaciones y descalificaciones personales. Se intercambiaron ep\u00edtetos como hip\u00f3crita y ladr\u00f3n.<\/p>\n<p>Lo anterior es reflejo de la presi\u00f3n que sienten Anaya y Meade Kuribre\u00f1a en la lucha electoral que se les va de las manos.<\/p>\n<p>Ambos candidatos presidenciales se encuentran lejos del puntero de la competencia, Andr\u00e9s Manuel L\u00f3pez Obrador, de <em>Juntos Haremos Historia<\/em>. Los insultos entre el panista y el pri\u00edsta, de seguir en el mismo tono, terminar\u00e1n, seguramente, ante el Ministerio P\u00fablico.<\/p>\n<p>No se puede lanzar una acusaci\u00f3n de ladr\u00f3n a alguien si no se cuentan con las pruebas suficientes para comprobarlo.\u00a0 Si Meade Kuribre\u00f1a tiene la informaci\u00f3n verdadera de que el \u201cchico maravilla\u201d es un delincuente, \u00bfqu\u00e9 espera para solicitar la intervenci\u00f3n de las autoridades?<\/p>\n<p>En caso contrario, Anaya tendr\u00e1 que recurrir al auxilio de la ley en caso de que contemple las acusaciones de Meade como falsas.<\/p>\n<p>En la noche de hoy martes, los dos candidatos presidenciales tendr\u00e1n la oportunidad de verse las caras en el tercer debate. Ser\u00e1 muy interesante observar el desempe\u00f1o de quienes se ofendieron mutuamente con adjetivos graves.<\/p>\n<p>El aspirante morenista, L\u00f3pez Obrador, estar\u00e1 pendiente del posible enfrentamiento entre Anaya y Meade Kuribre\u00f1a. Seguramente, al tabasque\u00f1o sus asesores lo mandar\u00e1n a llevarse muy tranquila la jornada.<\/p>\n<p style=\"text-align: center;\"><strong>POBREZA, EL DEDO DEL RENGL\u00d3N<\/strong><\/p>\n<p>En otra ocasi\u00f3n se\u00f1alamos que los problemas que ahogan a M\u00e9xico son pobreza, corrupci\u00f3n, violencia, impunidad, inseguridad, etc.<\/p>\n<p>Estos jinetes del Apocalipsis tienen presencia en todo el territorio nacional. En unos sitios m\u00e1s que en otros, pero muy pocos se escapan de sus efectos da\u00f1inos. \u00bfY qu\u00e9 hacen las autoridades para erradicarlos? Nada o muy poco. Por ejemplo, la pobreza es alarmante. Cada a\u00f1o crece el n\u00famero de pobres. En M\u00e9xico suman m\u00e1s de 53 millones de gente sin recursos econ\u00f3micos para vivir dignamente.<\/p>\n<p>Las ayudas oficiales llegan muy mermadas a sus destinatarios. En su origen, como es el caso de las oficinas encargadas de brindar recursos a los pobres, las desviaciones ilegales del dinero son may\u00fasculas.<\/p>\n<p>De la corrupci\u00f3n, ser\u00eda muy interesante saber qu\u00e9 pol\u00edtico no se dej\u00f3 tentar por la idea de saquear el tesoro p\u00fablico. Tendr\u00edamos que empezar por investigar a los exgobernadores, para quienes el delito de peculado no existi\u00f3.<\/p>\n<p>Fue tan gigantesco el robo al erario que por eso no hubo forma de perdonar a los ex mandatarios Javier Duarte, de Veracruz; Roberto Borge, de Quintana Roo, y Andr\u00e9s Granier, de Tabasco.\u00a0 De la impunidad, las leyes laxas permiten la libertad de delincuentes. Por otra parte, es tan elevado el n\u00famero de asesinatos que la las autoridades se ven rebasadas por la ola de violencia.<\/p>\n<p>La ola de cr\u00edmenes contra pol\u00edticos quedar\u00e1 en la impunidad. Una vez que termine la campa\u00f1a electoral, los representantes de la ley archivar\u00e1n los expedientes de los homicidios. S\u00f3lo quedar\u00e1 el esp\u00edritu de venganza.<\/p>\n<p>En inseguridad, sabemos que hay que extremar precauciones. Los delincuentes no tienen l\u00edmites para sus acciones. En fin, hoy en la noche, los candidatos presidenciales asistir\u00e1n al tercer y \u00faltimo debate. Uno de los temas a tratar ser\u00e1 el de la pobreza. Ojal\u00e1 y traten el asunto con seriedad y responsabilidad. El que llegue al poder podr\u00eda resolver el problema de la pobreza, una maldici\u00f3n que M\u00e9xico no puede sacudirse.<\/p>\n<p style=\"text-align: center;\"><strong>LA SELECCI\u00d3N MEXICANA<\/strong><\/p>\n<p>Cada temporada de Campeonato Mundial de Futbol me permito exponer unos puntos de vista sobre los equipos y la competencia deportiva. Me gusta ese deporte, a pesar de los sinsabores de nuestra Selecci\u00f3n Mexicana, la de los \u201cratoncitos verdes\u201d.<\/p>\n<p>Por a\u00f1os, sino es que desde siempre, mi selecci\u00f3n favorita fue la de M\u00e9xico, por obvias razones. Hasta que me cans\u00e9 de apoyarla. Todas las veces se\u00a0 quedaba al inicio del camino. Me llenaba de frustraciones.<\/p>\n<p>Tom\u00e9 las medidas necesarias para no caer en el derrotismo de aquel que siempre pierde o que nunca gana. De seguir el ejemplo de la selecci\u00f3n.<\/p>\n<p>De las derrotas qued\u00f3 el estribillo siguiente: la Selecci\u00f3n Mexicana jug\u00f3 como nunca y perdi\u00f3 como siempre. Era el mensaje tradicional tras los primeros cuatro juegos de M\u00e9xico. Y ah\u00ed terminaba la historia Selecci\u00f3n Mexicana.<\/p>\n<p>En unos cuantos d\u00edas empezar\u00e1 el campeonato en Rusia. El equipo mexicano, con su director t\u00e9cnico, el colombiano Juan\u00a0 Carlos Osorio, se prepar\u00f3 una buena temporada para perder. \u00bfO c\u00f3mo explicar que nunca repiti\u00f3 la alineaci\u00f3n de jugadores?<\/p>\n<p>Fueron distintos seleccionados para cada partido. La locura. Lo il\u00f3gico. De plano, yo no le apuesto a M\u00e9xico. Por salud mental. Los llamados \u201cratoncitos verdes\u201d van con la idea de la derrota, en lo deportivo. Ya se acostumbraron a perder.<\/p>\n<p>En lo an\u00edmico, seguramente se sienten muy bien. En la \u00faltima fiesta en M\u00e9xico, con el pretexto de festejar el cumplea\u00f1os de \u201cChicharito\u201d, todos los seleccionados, menos \u201cChuy\u201d Corona estuvieron en una fiesta, a la que asistieron 30 chicas escorts. Recibieron cr\u00edticas negativas de propios y extra\u00f1os.<\/p>\n<p>M\u00e1s de una de las esposas de los deportistas pegaron el grito en el cielo y m\u00e1s de una le reclam\u00f3 a su marido la asistencia a esa pachanga.<\/p>\n<p>En materia de disciplina, el problema no creci\u00f3. Todos los seleccionados se cubrieron, pues pod\u00edan hacer lo que les viniera en gana, ya que ten\u00edan su d\u00eda de asueto, de no concentraci\u00f3n.<\/p>\n<p>En esa materia y en ese tipo de fiestas, la Selecci\u00f3n Mexicana tiene experiencia. En ocasiones anteriores ya tuvieron sus esc\u00e1ndalos por sus festejos con alta dosis de destrampe.<\/p>\n<p>En fin, los \u201cratoncitos verdes\u201d llegar\u00e1n a Rusia en condici\u00f3n de darle brillo al nombre de M\u00e9xico, pero en enredos sexuales, materia en que son expertos.<\/p>\n<p>Por otra parte, la ilusi\u00f3n de M\u00e9xico de llegar al quinto partido renacer\u00e1 para el otro campeonato mundial que se llevar\u00e1 a cabo dentro de cuatro a\u00f1os. Paciencia.<\/p>\n<p>De plano, el futbol no se nos dio.<\/p>\n<p><em><a href=\"mailto:aco2742@hotmail.com\" target=\"_blank\" rel=\"noopener\">aco2742@hotmail.com<\/a><\/em><\/p>\n","protected":false},"excerpt":{"rendered":"<p><span style=\"color: #005497;\"><strong>Augusto Corro<\/strong><\/span><br \/>\n<br \/>\nLos esc\u00e1ndalos de los pol\u00edticos son el eje principal de la guerra sucia, que se encuentra en su apogeo.<\/p>\n","protected":false},"author":3,"featured_media":380623,"comment_status":"open","ping_status":"open","sticky":false,"template":"","format":"standard","meta":{"_monsterinsights_skip_tracking":false,"_monsterinsights_sitenote_active":false,"_monsterinsights_sitenote_note":"","_monsterinsights_sitenote_category":0,"footnotes":""},"categories":[157],"tags":[43686,43674,11515],"class_list":["post-380543","post","type-post","status-publish","format-standard","has-post-thumbnail","hentry","category-augusto-corro","tag-augusto-corro","tag-opinion","tag-punto-por-punto"],"_links":{"self":[{"href":"https:\/\/www.diarioimagen.net\/index.php?rest_route=\/wp\/v2\/posts\/380543","targetHints":{"allow":["GET"]}}],"collection":[{"href":"https:\/\/www.diarioimagen.net\/index.php?rest_route=\/wp\/v2\/posts"}],"about":[{"href":"https:\/\/www.diarioimagen.net\/index.php?rest_route=\/wp\/v2\/types\/post"}],"author":[{"embeddable":true,"href":"https:\/\/www.diarioimagen.net\/index.php?rest_route=\/wp\/v2\/users\/3"}],"replies":[{"embeddable":true,"href":"https:\/\/www.diarioimagen.net\/index.php?rest_route=%2Fwp%2Fv2%2Fcomments&post=380543"}],"version-history":[{"count":0,"href":"https:\/\/www.diarioimagen.net\/index.php?rest_route=\/wp\/v2\/posts\/380543\/revisions"}],"wp:featuredmedia":[{"embeddable":true,"href":"https:\/\/www.diarioimagen.net\/index.php?rest_route=\/wp\/v2\/media\/380623"}],"wp:attachment":[{"href":"https:\/\/www.diarioimagen.net\/index.php?rest_route=%2Fwp%2Fv2%2Fmedia&parent=380543"}],"wp:term":[{"taxonomy":"category","embeddable":true,"href":"https:\/\/www.diarioimagen.net\/index.php?rest_route=%2Fwp%2Fv2%2Fcategories&post=380543"},{"taxonomy":"post_tag","embeddable":true,"href":"https:\/\/www.diarioimagen.net\/index.php?rest_route=%2Fwp%2Fv2%2Ftags&post=380543"}],"curies":[{"name":"wp","href":"https:\/\/api.w.org\/{rel}","templated":true}]}}