{"id":380640,"date":"2018-06-13T00:08:55","date_gmt":"2018-06-13T05:08:55","guid":{"rendered":"http:\/\/www.diarioimagen.net\/?p=380640"},"modified":"2018-06-13T02:38:56","modified_gmt":"2018-06-13T07:38:56","slug":"este-jueves-se-normalizara-abasto-de-agua-en-cdmx","status":"publish","type":"post","link":"https:\/\/www.diarioimagen.net\/?p=380640","title":{"rendered":"Este viernes se normalizar\u00e1 abasto de agua en CDMX"},"content":{"rendered":"<ul>\n<li><em><strong>En colonias afectadas de la zona oriente, principalmente<\/strong><\/em><\/li>\n<\/ul>\n<p>&nbsp;<\/p>\n<div id=\"attachment_380641\" style=\"width: 470px\" class=\"wp-caption aligncenter\"><img loading=\"lazy\" decoding=\"async\" aria-describedby=\"caption-attachment-380641\" class=\"size-large wp-image-380641\" src=\"http:\/\/www.diarioimagen.net\/wp-content\/uploads\/2018\/06\/AGUA13-portal-460x268.jpg\" alt=\"\" width=\"460\" height=\"268\" srcset=\"https:\/\/www.diarioimagen.net\/wp-content\/uploads\/2018\/06\/AGUA13-portal-460x268.jpg 460w, https:\/\/www.diarioimagen.net\/wp-content\/uploads\/2018\/06\/AGUA13-portal-240x140.jpg 240w, https:\/\/www.diarioimagen.net\/wp-content\/uploads\/2018\/06\/AGUA13-portal.jpg 480w\" sizes=\"auto, (max-width: 460px) 100vw, 460px\" \/><p id=\"caption-attachment-380641\" class=\"wp-caption-text\">Sacmex inform\u00f3 que el suministro de agua en delegaciones afectadas empezar\u00e1 a normalizarse de manera paulatina a partir de este jueves.<\/p><\/div>\n<p>&nbsp;<\/p>\n<p>El Sistema de Aguas de la Ciudad de M\u00e9xico (Sacmex) inform\u00f3 que el suministro de agua en las delegaciones afectadas empezar\u00e1 a normalizarse de manera paulatina a partir de este jueves en un 90 por ciento y se prev\u00e9 que el viernes est\u00e9 en condiciones normales de abasto.<\/p>\n<p>En un comunicado, detall\u00f3 que la fuga del acueducto Tulyehualco, localizada en Perif\u00e9rico Sur y Cafetales, colonia Residencial Coapa, delegaci\u00f3n Tlalpan, gener\u00f3 m\u00e1s escasez en Iztapalapa, pero ayer qued\u00f3 reparado, por lo que se normaliza su suministro.<\/p>\n<p>Indic\u00f3 que el problema de escasez del vital l\u00edquido en algunas zonas de la metr\u00f3poli, se gener\u00f3 por la presencia de un sistema de alta presi\u00f3n en los \u00faltimos d\u00edas de mayo y principios de junio, que bloque\u00f3 la entrada de humedad, no se presentaron lluvias y hubo altas temperaturas durante dos semanas, lo que aument\u00f3 el consumo de agua.<\/p>\n<p>Conforme a los pron\u00f3sticos meteorol\u00f3gicos, se espera que a partir de este martes y se restablezca la temporada de lluvias, y con ello se regrese al patr\u00f3n de consumo habitual de esta \u00e9poca en la urbe, con lo que se podr\u00e1 continuar con la normalizaci\u00f3n del servicio.<\/p>\n<p>El Sacmex exhort\u00f3 a los usuarios a hacer un uso responsable del agua y record\u00f3 que en apoyo a las medidas adoptadas, el gobierno capitalino implementa el suministro por medio de pipas, poniendo a disposici\u00f3n de los usuarios el n\u00famero telef\u00f3nico del 56-54-32-10 con 10 l\u00edneas.<\/p>\n","protected":false},"excerpt":{"rendered":"<p>El Sistema de Aguas de la Ciudad de M\u00e9xico (Sacmex) inform\u00f3 que el suministro de agua en las delegaciones afectadas empezar\u00e1 a normalizarse de manera paulatina a partir de este jueves en un 90 por ciento y se prev\u00e9 que el viernes est\u00e9 en condiciones normales de abasto.<\/p>\n","protected":false},"author":5,"featured_media":380641,"comment_status":"open","ping_status":"open","sticky":false,"template":"","format":"standard","meta":{"_monsterinsights_skip_tracking":false,"_monsterinsights_sitenote_active":false,"_monsterinsights_sitenote_note":"","_monsterinsights_sitenote_category":0,"footnotes":""},"categories":[6],"tags":[48318,204,74802,74800,74801,26917],"class_list":["post-380640","post","type-post","status-publish","format-standard","has-post-thumbnail","hentry","category-cd-de-mexico","tag-abasto-de-agua","tag-ciudad-de-mexico","tag-colonia-residencial-coapa","tag-este-jueves","tag-periferico-sur-y-cafetales","tag-sacmex"],"_links":{"self":[{"href":"https:\/\/www.diarioimagen.net\/index.php?rest_route=\/wp\/v2\/posts\/380640","targetHints":{"allow":["GET"]}}],"collection":[{"href":"https:\/\/www.diarioimagen.net\/index.php?rest_route=\/wp\/v2\/posts"}],"about":[{"href":"https:\/\/www.diarioimagen.net\/index.php?rest_route=\/wp\/v2\/types\/post"}],"author":[{"embeddable":true,"href":"https:\/\/www.diarioimagen.net\/index.php?rest_route=\/wp\/v2\/users\/5"}],"replies":[{"embeddable":true,"href":"https:\/\/www.diarioimagen.net\/index.php?rest_route=%2Fwp%2Fv2%2Fcomments&post=380640"}],"version-history":[{"count":0,"href":"https:\/\/www.diarioimagen.net\/index.php?rest_route=\/wp\/v2\/posts\/380640\/revisions"}],"wp:featuredmedia":[{"embeddable":true,"href":"https:\/\/www.diarioimagen.net\/index.php?rest_route=\/wp\/v2\/media\/380641"}],"wp:attachment":[{"href":"https:\/\/www.diarioimagen.net\/index.php?rest_route=%2Fwp%2Fv2%2Fmedia&parent=380640"}],"wp:term":[{"taxonomy":"category","embeddable":true,"href":"https:\/\/www.diarioimagen.net\/index.php?rest_route=%2Fwp%2Fv2%2Fcategories&post=380640"},{"taxonomy":"post_tag","embeddable":true,"href":"https:\/\/www.diarioimagen.net\/index.php?rest_route=%2Fwp%2Fv2%2Ftags&post=380640"}],"curies":[{"name":"wp","href":"https:\/\/api.w.org\/{rel}","templated":true}]}}