{"id":380689,"date":"2018-06-13T00:10:52","date_gmt":"2018-06-13T05:10:52","guid":{"rendered":"http:\/\/www.diarioimagen.net\/?p=380689"},"modified":"2018-06-13T03:12:06","modified_gmt":"2018-06-13T08:12:06","slug":"sheinbaum-ni-guerra-ni-enfrentamiento-con-la-ip","status":"publish","type":"post","link":"https:\/\/www.diarioimagen.net\/?p=380689","title":{"rendered":"Sheinbaum: ni guerra ni enfrentamiento con la IP"},"content":{"rendered":"<ul>\n<li><em><strong>Llamado a la tranquilidad<\/strong><\/em><\/li>\n<li><em><strong>\u201cSe necesita su inversi\u00f3n para el desarrollo econ\u00f3mico de la CDMX\u201d<\/strong><\/em><\/li>\n<\/ul>\n<p>&nbsp;<\/p>\n<div id=\"attachment_380821\" style=\"width: 470px\" class=\"wp-caption aligncenter\"><a href=\"http:\/\/www.diarioimagen.net\/?attachment_id=380821\" rel=\"attachment wp-att-380821\"><img loading=\"lazy\" decoding=\"async\" aria-describedby=\"caption-attachment-380821\" class=\"size-large wp-image-380821\" src=\"http:\/\/www.diarioimagen.net\/wp-content\/uploads\/2018\/06\/SHEINBAUN1-3388-460x259.jpg\" alt=\"\" width=\"460\" height=\"259\" srcset=\"https:\/\/www.diarioimagen.net\/wp-content\/uploads\/2018\/06\/SHEINBAUN1-3388-460x259.jpg 460w, https:\/\/www.diarioimagen.net\/wp-content\/uploads\/2018\/06\/SHEINBAUN1-3388-240x135.jpg 240w, https:\/\/www.diarioimagen.net\/wp-content\/uploads\/2018\/06\/SHEINBAUN1-3388-235x132.jpg 235w, https:\/\/www.diarioimagen.net\/wp-content\/uploads\/2018\/06\/SHEINBAUN1-3388-202x114.jpg 202w, https:\/\/www.diarioimagen.net\/wp-content\/uploads\/2018\/06\/SHEINBAUN1-3388-350x196.jpg 350w, https:\/\/www.diarioimagen.net\/wp-content\/uploads\/2018\/06\/SHEINBAUN1-3388-220x123.jpg 220w, https:\/\/www.diarioimagen.net\/wp-content\/uploads\/2018\/06\/SHEINBAUN1-3388-237x132.jpg 237w, https:\/\/www.diarioimagen.net\/wp-content\/uploads\/2018\/06\/SHEINBAUN1-3388.jpg 480w\" sizes=\"auto, (max-width: 460px) 100vw, 460px\" \/><\/a><p id=\"caption-attachment-380821\" class=\"wp-caption-text\">Claudia Sheinbaum afirma que no hay enfrentamiento con los empresarios, porque se necesita su inversi\u00f3n para el desarrollo econ\u00f3mico de la capital.<\/p><\/div>\n<p>&nbsp;<\/p>\n<p>La candidata de la coalici\u00f3n Juntos Haremos Historia al gobierno de esta ciudad, Claudia Sheinbaum Pardo, declar\u00f3 que ni guerra ni enfrentamiento con los empresarios, porque se necesita su inversi\u00f3n para el desarrollo econ\u00f3mico de la capital y del pa\u00eds.<\/p>\n<p>Llam\u00f3 a la calma y la tranquilidad, porque en el proyecto de Morena se est\u00e1 consciente de que es necesario el desarrollo de la iniciativa privada para bien de la ciudad, pero lo que no se quiere es que haya corrupci\u00f3n y negocios al amparo del poder pol\u00edtico.<\/p>\n<p>Destac\u00f3 que la innovaci\u00f3n tecnol\u00f3gica se puede dar en la Ciudad de M\u00e9xico si se vinculan la iniciativa privada, las universidades y el gobierno local.<\/p>\n<p>Sheinbaum Pardo se\u00f1al\u00f3 que cualquier ejemplo de ciudad innovadora en el mundo tiene este v\u00ednculo, con el que no se cuenta desde hace mucho tiempo en esta urbe.<\/p>\n<p>Subray\u00f3 que la capital del pa\u00eds se puede convertir en un centro de innovaci\u00f3n con la participaci\u00f3n de los tres sectores, donde se consideren las necesidades de la entidad y mencion\u00f3 que a pesar de la desindustrializaci\u00f3n que se ha dado, se tiene que ver cu\u00e1l es el desarrollo que se requiere.<\/p>\n<p>Finalmente, explic\u00f3 que la industria tiene varias posibilidades en la ciudad, desde la aplicaci\u00f3n de tecnolog\u00edas renovables, pasando por procesamientos de residuos s\u00f3lidos, hasta una industria de innovaci\u00f3n e informaci\u00f3n.<\/p>\n<p style=\"text-align: center;\"><strong>Ofrece simplificar <\/strong><strong>tr\u00e1mites para licencias <\/strong><strong>de construcci\u00f3n<\/strong><\/p>\n<p>Previamente, Sheinbaum Pardo, se comprometi\u00f3 ante desarrolladores de vivienda a simplificar los tr\u00e1mites para las licencias y desaparecer instituciones que s\u00f3lo duplican funciones.<\/p>\n<p>Destac\u00f3 que en lugar de realizar estudios de impacto ambiental y urbano por separado, se debe hacer uno solo, que incluya a ambos e, incluso, se agregue el de impacto social.<\/p>\n<p>Al reunirse con directivos y miembros de la C\u00e1mara Nacional de la Industria de Desarrollo y Promoci\u00f3n de Vivienda (Canadevi), Sheinbaum declar\u00f3 que se realizar\u00e1 una reingenier\u00eda del gobierno local para que no le siga costando tanto a los ciudadanos y coment\u00f3 que en lugar de tantas instancias que se crearon durante la actual administraci\u00f3n, se fortalecer\u00eda la Secretar\u00eda de Obras.<\/p>\n<p>Asever\u00f3 que de llegar al gobierno de la ciudad ya no habr\u00eda m\u00e1s violaciones al uso de suelo ni m\u00e1s autorizaciones de pol\u00edgonos de actuaci\u00f3n, que en lugar de tres pisos de construcci\u00f3n, como lo establecen los programas delegacionales, permit\u00eda edificaciones de nueve o 15 pisos, sin contemplar las afectaciones en el servicio de agua, el impacto ambiental y la movilidad.<\/p>\n<p>Llam\u00f3 a los industriales de la construcci\u00f3n a que una vez que pasen las elecciones a sentarse en una mesa, donde iniciativa privada, universidades y el propio gobierno de la capital elaboren un programa de desarrollo urbano sustentable de largo plazo, que combine vivienda popular con otro tipo de vivienda con m\u00e1s plusval\u00eda, siempre que no sea a costa de los servicios.<\/p>\n<p>\u201cConstruyamos la viabilidad de la Ciudad de M\u00e9xico a largo plazo y crezcamos de manera ordenada\u201d, subray\u00f3 la abanderada de los partidos Morena, del Trabajo (PT) y Encuentro Social.<\/p>\n<p>Plante\u00f3 que a m\u00e1s tardar en 2019 se podr\u00edan concretar los consensos entre las partes para crear un esquema que establezca normas claras que den certidumbre jur\u00eddica tanto a inmobiliarios como a la propia ciudadan\u00eda y no se generen conflictos sociales por nuevas construcciones.<\/p>\n","protected":false},"excerpt":{"rendered":"<p>La candidata de la coalici\u00f3n Juntos Haremos Historia al gobierno de esta ciudad, Claudia Sheinbaum Pardo, declar\u00f3 que ni guerra ni enfrentamiento con los empresarios, porque se necesita su inversi\u00f3n para el desarrollo econ\u00f3mico de la capital y del pa\u00eds.<\/p>\n","protected":false},"author":3,"featured_media":380821,"comment_status":"open","ping_status":"open","sticky":false,"template":"","format":"standard","meta":{"_monsterinsights_skip_tracking":false,"_monsterinsights_sitenote_active":false,"_monsterinsights_sitenote_note":"","_monsterinsights_sitenote_category":0,"footnotes":""},"categories":[6],"tags":[204,72207,74841],"class_list":["post-380689","post","type-post","status-publish","format-standard","has-post-thumbnail","hentry","category-cd-de-mexico","tag-ciudad-de-mexico","tag-claudia-sheinbaum-pardo","tag-enfrentameinto"],"_links":{"self":[{"href":"https:\/\/www.diarioimagen.net\/index.php?rest_route=\/wp\/v2\/posts\/380689","targetHints":{"allow":["GET"]}}],"collection":[{"href":"https:\/\/www.diarioimagen.net\/index.php?rest_route=\/wp\/v2\/posts"}],"about":[{"href":"https:\/\/www.diarioimagen.net\/index.php?rest_route=\/wp\/v2\/types\/post"}],"author":[{"embeddable":true,"href":"https:\/\/www.diarioimagen.net\/index.php?rest_route=\/wp\/v2\/users\/3"}],"replies":[{"embeddable":true,"href":"https:\/\/www.diarioimagen.net\/index.php?rest_route=%2Fwp%2Fv2%2Fcomments&post=380689"}],"version-history":[{"count":0,"href":"https:\/\/www.diarioimagen.net\/index.php?rest_route=\/wp\/v2\/posts\/380689\/revisions"}],"wp:featuredmedia":[{"embeddable":true,"href":"https:\/\/www.diarioimagen.net\/index.php?rest_route=\/wp\/v2\/media\/380821"}],"wp:attachment":[{"href":"https:\/\/www.diarioimagen.net\/index.php?rest_route=%2Fwp%2Fv2%2Fmedia&parent=380689"}],"wp:term":[{"taxonomy":"category","embeddable":true,"href":"https:\/\/www.diarioimagen.net\/index.php?rest_route=%2Fwp%2Fv2%2Fcategories&post=380689"},{"taxonomy":"post_tag","embeddable":true,"href":"https:\/\/www.diarioimagen.net\/index.php?rest_route=%2Fwp%2Fv2%2Ftags&post=380689"}],"curies":[{"name":"wp","href":"https:\/\/api.w.org\/{rel}","templated":true}]}}