{"id":380708,"date":"2018-06-13T00:08:04","date_gmt":"2018-06-13T05:08:04","guid":{"rendered":"http:\/\/www.diarioimagen.net\/?p=380708"},"modified":"2018-06-13T02:53:30","modified_gmt":"2018-06-13T07:53:30","slug":"ofrecen-en-naucalpan-terapias-a-personas-con-alguna-discapacidad","status":"publish","type":"post","link":"https:\/\/www.diarioimagen.net\/?p=380708","title":{"rendered":"Ofrecen en Naucalpan terapias a personas con alguna discapacidad"},"content":{"rendered":"<ul>\n<li><strong><em>Tratamientos f\u00edsicos, visuales o auditivos del CRIS<\/em><\/strong><\/li>\n<\/ul>\n<p>&nbsp;<\/p>\n<div id=\"attachment_380794\" style=\"width: 470px\" class=\"wp-caption aligncenter\"><a href=\"http:\/\/www.diarioimagen.net\/?attachment_id=380794\" rel=\"attachment wp-att-380794\"><img loading=\"lazy\" decoding=\"async\" aria-describedby=\"caption-attachment-380794\" class=\"size-large wp-image-380794\" src=\"http:\/\/www.diarioimagen.net\/wp-content\/uploads\/2018\/06\/NAUCALPAN-3388-460x259.jpg\" alt=\"\" width=\"460\" height=\"259\" srcset=\"https:\/\/www.diarioimagen.net\/wp-content\/uploads\/2018\/06\/NAUCALPAN-3388-460x259.jpg 460w, https:\/\/www.diarioimagen.net\/wp-content\/uploads\/2018\/06\/NAUCALPAN-3388-240x135.jpg 240w, https:\/\/www.diarioimagen.net\/wp-content\/uploads\/2018\/06\/NAUCALPAN-3388-235x132.jpg 235w, https:\/\/www.diarioimagen.net\/wp-content\/uploads\/2018\/06\/NAUCALPAN-3388-202x114.jpg 202w, https:\/\/www.diarioimagen.net\/wp-content\/uploads\/2018\/06\/NAUCALPAN-3388-350x196.jpg 350w, https:\/\/www.diarioimagen.net\/wp-content\/uploads\/2018\/06\/NAUCALPAN-3388-220x123.jpg 220w, https:\/\/www.diarioimagen.net\/wp-content\/uploads\/2018\/06\/NAUCALPAN-3388-237x132.jpg 237w, https:\/\/www.diarioimagen.net\/wp-content\/uploads\/2018\/06\/NAUCALPAN-3388.jpg 480w\" sizes=\"auto, (max-width: 460px) 100vw, 460px\" \/><\/a><p id=\"caption-attachment-380794\" class=\"wp-caption-text\">En las instalaciones del CRIS, el DIF Naucalpan atiende a pacientes de todas las edades, de terapias intelectual, f\u00edsica, visual o auditiva.<\/p><\/div>\n<p>&nbsp;<\/p>\n<p><strong>Naucalpan, Estado de M\u00e9xico<\/strong>.- Con la finalidad de otorgar bienestar a las personas con discapacidad y a sus familias, el Centro de Rehabilitaci\u00f3n e Integraci\u00f3n Social (CRIS) \u201cOll\u00edn Yoliztli\u201d del Sistema Municipal DIF Naucalpan, contin\u00faa brindando terapias en sus diversas modalidades y consulta m\u00e9dica especializada en sus instalaciones de la colonia Altamira.<\/p>\n<p>En las instalaciones del CRIS, el DIF Naucalpan atiende a pacientes de todas las edades que acuden regularmente a uno o varios servicios de terapias intelectual, f\u00edsica, visual o auditiva, adem\u00e1s de talleres ocupacionales como el de panader\u00eda, que les permite incorporarse de forma activa a la sociedad.<\/p>\n<p>El DIF Naucalpan indic\u00f3 que es necesario atender a las personas con discapacidad y trabajar por su reintegraci\u00f3n con el objetivo de evitar que sufran marginaci\u00f3n y discriminaci\u00f3n, tanto por parte de la sociedad como de sus propios familiares, ya que se\u00f1al\u00f3 que esa situaci\u00f3n impacta en la baja autoestima de las personas.<\/p>\n<p>Algunas de las terapias que se ofrecen a los usuarios a precios accesibles son: psicolog\u00eda, terapia f\u00edsica, terapia ocupacional, estimulaci\u00f3n temprana, terapia de lenguaje, pedagog\u00eda, y terapia para ciegos y d\u00e9biles visuales, si requiere mayores informes puede dirigirse directamente al CRIS en la colonia Altamira o llamar al tel\u00e9fono 21664577.<\/p>\n","protected":false},"excerpt":{"rendered":"<p>Con la finalidad de otorgar bienestar a las personas con discapacidad y a sus familias, el Centro de Rehabilitaci\u00f3n e Integraci\u00f3n Social (CRIS) \u201cOll\u00edn Yoliztli\u201d del Sistema Municipal DIF Naucalpan, contin\u00faa brindando terapias en sus diversas modalidades y consulta m\u00e9dica especializada en sus instalaciones de la colonia Altamira.<\/p>\n","protected":false},"author":3,"featured_media":380794,"comment_status":"open","ping_status":"open","sticky":false,"template":"","format":"standard","meta":{"_monsterinsights_skip_tracking":false,"_monsterinsights_sitenote_active":false,"_monsterinsights_sitenote_note":"","_monsterinsights_sitenote_category":0,"footnotes":""},"categories":[35155],"tags":[74849,43675,970,64263],"class_list":["post-380708","post","type-post","status-publish","format-standard","has-post-thumbnail","hentry","category-estado-de-mexico-estado-de-mexico","tag-dispacidad","tag-estado-de-mexico","tag-naucalpan","tag-terapia"],"_links":{"self":[{"href":"https:\/\/www.diarioimagen.net\/index.php?rest_route=\/wp\/v2\/posts\/380708","targetHints":{"allow":["GET"]}}],"collection":[{"href":"https:\/\/www.diarioimagen.net\/index.php?rest_route=\/wp\/v2\/posts"}],"about":[{"href":"https:\/\/www.diarioimagen.net\/index.php?rest_route=\/wp\/v2\/types\/post"}],"author":[{"embeddable":true,"href":"https:\/\/www.diarioimagen.net\/index.php?rest_route=\/wp\/v2\/users\/3"}],"replies":[{"embeddable":true,"href":"https:\/\/www.diarioimagen.net\/index.php?rest_route=%2Fwp%2Fv2%2Fcomments&post=380708"}],"version-history":[{"count":0,"href":"https:\/\/www.diarioimagen.net\/index.php?rest_route=\/wp\/v2\/posts\/380708\/revisions"}],"wp:featuredmedia":[{"embeddable":true,"href":"https:\/\/www.diarioimagen.net\/index.php?rest_route=\/wp\/v2\/media\/380794"}],"wp:attachment":[{"href":"https:\/\/www.diarioimagen.net\/index.php?rest_route=%2Fwp%2Fv2%2Fmedia&parent=380708"}],"wp:term":[{"taxonomy":"category","embeddable":true,"href":"https:\/\/www.diarioimagen.net\/index.php?rest_route=%2Fwp%2Fv2%2Fcategories&post=380708"},{"taxonomy":"post_tag","embeddable":true,"href":"https:\/\/www.diarioimagen.net\/index.php?rest_route=%2Fwp%2Fv2%2Ftags&post=380708"}],"curies":[{"name":"wp","href":"https:\/\/api.w.org\/{rel}","templated":true}]}}