{"id":380719,"date":"2018-06-13T00:04:54","date_gmt":"2018-06-13T05:04:54","guid":{"rendered":"http:\/\/www.diarioimagen.net\/?p=380719"},"modified":"2018-06-13T03:00:55","modified_gmt":"2018-06-13T08:00:55","slug":"se-suman-al-panista-alfredo-oropeza-ex-regidores-del-pes-panal-y-pri","status":"publish","type":"post","link":"https:\/\/www.diarioimagen.net\/?p=380719","title":{"rendered":"Se suman al panista Alfredo Oropeza ex regidores del PES, PANAL y PRI"},"content":{"rendered":"<ul>\n<li><strong><em>Aspirante al gobierno de Naucalpan<\/em><\/strong><\/li>\n<\/ul>\n<p>&nbsp;<\/p>\n<div id=\"attachment_380806\" style=\"width: 470px\" class=\"wp-caption aligncenter\"><a href=\"http:\/\/www.diarioimagen.net\/?attachment_id=380806\" rel=\"attachment wp-att-380806\"><img loading=\"lazy\" decoding=\"async\" aria-describedby=\"caption-attachment-380806\" class=\"size-large wp-image-380806\" src=\"http:\/\/www.diarioimagen.net\/wp-content\/uploads\/2018\/06\/NAUCALPAN-candidato-3388-460x259.jpg\" alt=\"\" width=\"460\" height=\"259\" srcset=\"https:\/\/www.diarioimagen.net\/wp-content\/uploads\/2018\/06\/NAUCALPAN-candidato-3388-460x259.jpg 460w, https:\/\/www.diarioimagen.net\/wp-content\/uploads\/2018\/06\/NAUCALPAN-candidato-3388-240x135.jpg 240w, https:\/\/www.diarioimagen.net\/wp-content\/uploads\/2018\/06\/NAUCALPAN-candidato-3388-235x132.jpg 235w, https:\/\/www.diarioimagen.net\/wp-content\/uploads\/2018\/06\/NAUCALPAN-candidato-3388-202x114.jpg 202w, https:\/\/www.diarioimagen.net\/wp-content\/uploads\/2018\/06\/NAUCALPAN-candidato-3388-350x196.jpg 350w, https:\/\/www.diarioimagen.net\/wp-content\/uploads\/2018\/06\/NAUCALPAN-candidato-3388-220x123.jpg 220w, https:\/\/www.diarioimagen.net\/wp-content\/uploads\/2018\/06\/NAUCALPAN-candidato-3388-237x132.jpg 237w, https:\/\/www.diarioimagen.net\/wp-content\/uploads\/2018\/06\/NAUCALPAN-candidato-3388.jpg 480w\" sizes=\"auto, (max-width: 460px) 100vw, 460px\" \/><\/a><p id=\"caption-attachment-380806\" class=\"wp-caption-text\">Alfredo Oropeza se\u00f1al\u00f3 que con el apoyo que dar\u00e1n las estructuras que representan estos liderazgos, se refuerza la victoria de la coalici\u00f3n Por el Estado de M\u00e9xico al Frente.<\/p><\/div>\n<p>&nbsp;<\/p>\n<p><strong>Naucalpan, Estado de M\u00e9xico<\/strong>.- Se suman l\u00edderes del PES, Nueva Alianza y del PRI a la campa\u00f1a de Alfredo Oropeza, candidato a la presidencia municipal de Naucalpan de la coalici\u00f3n Por el Estado de M\u00e9xico al Frente.<\/p>\n<p>Los l\u00edderes, encabezados por los regidores Marisol May\u00e9n May\u00e9n del PES, Ignacio Santiago Cruz del PRI, y Eynar de Los Cobos de Nueva Alianza, apoyar\u00e1n la candidatura de Alfredo Oropeza, pues aseguraron que es la mejor opci\u00f3n para encabezar la presidencia municipal de Naucalpan, ya que sus propuestas representan la continuidad de los programas y acciones que la administraci\u00f3n realiza en beneficio de la poblaci\u00f3n.<\/p>\n<p>En conferencia de prensa, el candidato del Frente, Alfredo Oropeza, reconoci\u00f3 a estos liderazgos de tres partidos pol\u00edticos por decidir sumarse a su campa\u00f1a, la cual tiene\u00a0\u00a0ventaja de cuatro puntos sobre su m\u00e1s cercano contendiente, de acuerdo a la publicaci\u00f3n de la encuesta que realiz\u00f3 la empresa IQ.<\/p>\n<p>Se\u00f1al\u00f3 que con el apoyo que dar\u00e1n las estructuras que representan estos liderazgos, se refuerza la victoria de la coalici\u00f3n Por el Estado de M\u00e9xico al Frente en la jornada electoral del 1 de julio en Naucalpan.<\/p>\n","protected":false},"excerpt":{"rendered":"<p>Se suman l\u00edderes del PES, Nueva Alianza y del PRI a la campa\u00f1a de Alfredo Oropeza, candidato a la presidencia municipal de Naucalpan de la coalici\u00f3n Por el Estado de M\u00e9xico al Frente.<\/p>\n","protected":false},"author":3,"featured_media":380806,"comment_status":"open","ping_status":"open","sticky":false,"template":"","format":"standard","meta":{"_monsterinsights_skip_tracking":false,"_monsterinsights_sitenote_active":false,"_monsterinsights_sitenote_note":"","_monsterinsights_sitenote_category":0,"footnotes":""},"categories":[35155],"tags":[43675,970,4924,362,65376],"class_list":["post-380719","post","type-post","status-publish","format-standard","has-post-thumbnail","hentry","category-estado-de-mexico-estado-de-mexico","tag-estado-de-mexico","tag-naucalpan","tag-panal","tag-pri","tag-regidores"],"_links":{"self":[{"href":"https:\/\/www.diarioimagen.net\/index.php?rest_route=\/wp\/v2\/posts\/380719","targetHints":{"allow":["GET"]}}],"collection":[{"href":"https:\/\/www.diarioimagen.net\/index.php?rest_route=\/wp\/v2\/posts"}],"about":[{"href":"https:\/\/www.diarioimagen.net\/index.php?rest_route=\/wp\/v2\/types\/post"}],"author":[{"embeddable":true,"href":"https:\/\/www.diarioimagen.net\/index.php?rest_route=\/wp\/v2\/users\/3"}],"replies":[{"embeddable":true,"href":"https:\/\/www.diarioimagen.net\/index.php?rest_route=%2Fwp%2Fv2%2Fcomments&post=380719"}],"version-history":[{"count":0,"href":"https:\/\/www.diarioimagen.net\/index.php?rest_route=\/wp\/v2\/posts\/380719\/revisions"}],"wp:featuredmedia":[{"embeddable":true,"href":"https:\/\/www.diarioimagen.net\/index.php?rest_route=\/wp\/v2\/media\/380806"}],"wp:attachment":[{"href":"https:\/\/www.diarioimagen.net\/index.php?rest_route=%2Fwp%2Fv2%2Fmedia&parent=380719"}],"wp:term":[{"taxonomy":"category","embeddable":true,"href":"https:\/\/www.diarioimagen.net\/index.php?rest_route=%2Fwp%2Fv2%2Fcategories&post=380719"},{"taxonomy":"post_tag","embeddable":true,"href":"https:\/\/www.diarioimagen.net\/index.php?rest_route=%2Fwp%2Fv2%2Ftags&post=380719"}],"curies":[{"name":"wp","href":"https:\/\/api.w.org\/{rel}","templated":true}]}}