{"id":380899,"date":"2018-06-14T00:10:19","date_gmt":"2018-06-14T05:10:19","guid":{"rendered":"http:\/\/www.diarioimagen.net\/?p=380899"},"modified":"2018-06-14T09:36:50","modified_gmt":"2018-06-14T14:36:50","slug":"plan-de-reconstruccion-en-septiembre-sheinbaum","status":"publish","type":"post","link":"https:\/\/www.diarioimagen.net\/?p=380899","title":{"rendered":"Plan de reconstrucci\u00f3n, en septiembre: Sheinbaum"},"content":{"rendered":"<ul>\n<li><em><strong>Comenzar\u00e1 nuevo censo en julio<\/strong><\/em><\/li>\n<li><em><strong>Anticipa la morenista que no trabajar\u00eda con la Plataforma M\u00e9xico<\/strong><\/em><\/li>\n<\/ul>\n<p>&nbsp;<\/p>\n<div id=\"attachment_381018\" style=\"width: 470px\" class=\"wp-caption aligncenter\"><a href=\"http:\/\/www.diarioimagen.net\/?attachment_id=381018\" rel=\"attachment wp-att-381018\"><img loading=\"lazy\" decoding=\"async\" aria-describedby=\"caption-attachment-381018\" class=\"size-large wp-image-381018\" src=\"http:\/\/www.diarioimagen.net\/wp-content\/uploads\/2018\/06\/SHEINBAUM-3389-460x259.jpg\" alt=\"\" width=\"460\" height=\"259\" srcset=\"https:\/\/www.diarioimagen.net\/wp-content\/uploads\/2018\/06\/SHEINBAUM-3389-460x259.jpg 460w, https:\/\/www.diarioimagen.net\/wp-content\/uploads\/2018\/06\/SHEINBAUM-3389-240x135.jpg 240w, https:\/\/www.diarioimagen.net\/wp-content\/uploads\/2018\/06\/SHEINBAUM-3389-235x132.jpg 235w, https:\/\/www.diarioimagen.net\/wp-content\/uploads\/2018\/06\/SHEINBAUM-3389-202x114.jpg 202w, https:\/\/www.diarioimagen.net\/wp-content\/uploads\/2018\/06\/SHEINBAUM-3389-350x196.jpg 350w, https:\/\/www.diarioimagen.net\/wp-content\/uploads\/2018\/06\/SHEINBAUM-3389-220x123.jpg 220w, https:\/\/www.diarioimagen.net\/wp-content\/uploads\/2018\/06\/SHEINBAUM-3389-237x132.jpg 237w, https:\/\/www.diarioimagen.net\/wp-content\/uploads\/2018\/06\/SHEINBAUM-3389.jpg 480w\" sizes=\"auto, (max-width: 460px) 100vw, 460px\" \/><\/a><p id=\"caption-attachment-381018\" class=\"wp-caption-text\">Claudia Sheinbaum anunci\u00f3 que si gana las elecciones, el 19 de septiembre pr\u00f3ximo anunciar\u00e1 un programa de reconstrucci\u00f3n de la CDMX.<\/p><\/div>\n<p>&nbsp;<\/p>\n<p>La candidata a la jefatura de gobierno de la coalici\u00f3n Juntos Haremos Historia, Claudia Sheinbaum, anunci\u00f3 que si gana las elecciones, el 19 de septiembre pr\u00f3ximo anunciar\u00e1 un programa de reconstrucci\u00f3n de vivienda para la Ciudad de M\u00e9xico.<\/p>\n<p>Luego de realizar un acto de campa\u00f1a en la Unidad Habitacional STUNAM, en la delegaci\u00f3n Coyoac\u00e1n, declar\u00f3 que se basar\u00e1 en un censo que empezar\u00e1 a hacerse despu\u00e9s de que se den los resultados del 1 de julio, para lo que se espera que el actual gobierno que encabeza Jos\u00e9 Ram\u00f3n Amieva abra la informaci\u00f3n.<\/p>\n<p>Indic\u00f3 que no trabajar\u00eda con la Plataforma M\u00e9xico que cre\u00f3 el gobierno de la ciudad para concentrar toda la informaci\u00f3n que surgi\u00f3 despu\u00e9s del sismo y que cre\u00f3 una empresa trasnacional, sino que con estudiantes de la Universidad Nacional Aut\u00f3noma de M\u00e9xico (UNAM) se crear\u00e1 una nueva plataforma.<\/p>\n<p>Una vez que se tenga el censo, se estimar\u00e1 el costo que tendr\u00e1 la reconstrucci\u00f3n de vivienda unifamiliar y multifamiliar, al tiempo que se trabajar\u00e1\u00a0 en un diagn\u00f3stico de los riesgos de grietas en la zona oriente de la capital del pa\u00eds.<\/p>\n<p>Sheinbaum Pardo detall\u00f3 que quien ya coordina los trabajos de ese proyecto integral de reconstrucci\u00f3n es Myriam Urz\u00faa, especialista en temas de desastres, que ha sido consultora de la Organizaci\u00f3n de las Naciones Unidas (ONU).<\/p>\n<p>Precis\u00f3 que no esperar\u00e1 hasta el 19 de septiembre para reunirse con los damnificados, sino que una vez que sea jefa de gobierno electa, recorrer\u00e1 las zonas afectadas por el sismo que cimbr\u00f3 la ciudad para tomar en cuenta la opini\u00f3n de los damnificados a fin de concretar la reconstrucci\u00f3n.<\/p>\n<p>Adelant\u00f3 que una vez que sea reconocida como jefa de Gobierno electa, buscar\u00e1 a Jos\u00e9 Ram\u00f3n Amieva, para instalar una mesa de negociaci\u00f3n, no s\u00f3lo para tramitar la transici\u00f3n de gobierno, sino para revisar todo los que tiene que ver con los afectados y los inmuebles que se deben reconstruir.<\/p>\n<p>La abanderada de los partidos Morena, del Trabajo y Encuentro Social destac\u00f3 que ya tienen un primer proyecto con el que se otorgar\u00edan apoyos por 350 mil pesos para apoyar a cada familia damnificada.<\/p>\n<p>Puntualiz\u00f3 que habr\u00eda recursos a fondo perdido hasta cierto l\u00edmite, los cuales podr\u00edan complementarse con cr\u00e9ditos del Instituto de la Vivienda (INVI).<\/p>\n<p>Es decir, no ser\u00edan cr\u00e9ditos bancarios, sino cr\u00e9ditos blandos otorgados por el INVI u otro organismo que se crear\u00e1 para otorgar los apoyos a tasa muy baja despu\u00e9s de los 350 mil pesos.<\/p>\n<p>Sheinbaum Pardo record\u00f3 que la Asamblea Legislativa del Distrito Federal (ALDF) aprob\u00f3 ocho mil millones de pesos para el presupuesto de 2018 con el prop\u00f3sito de aplicarlos en la reconstrucci\u00f3n, pero la corrupci\u00f3n y la desviaci\u00f3n de recursos para la compra del voto ha impedido que se canalicen al apoyo de damnificados.<\/p>\n<p>Sobre los edificios afectados que ya firmaron un contrato de redensificaci\u00f3n, dijo que se van a revisar para que lo que se obtenga de la posible ampliaci\u00f3n de pisos sirva para los damnificados y no para generar ganancias a las desarrolladoras inmobiliarias.<\/p>\n","protected":false},"excerpt":{"rendered":"<p>La candidata a la jefatura de gobierno de la coalici\u00f3n Juntos Haremos Historia, Claudia Sheinbaum, anunci\u00f3 que si gana las elecciones, el 19 de septiembre pr\u00f3ximo anunciar\u00e1 un programa de reconstrucci\u00f3n de vivienda para la Ciudad de M\u00e9xico.<\/p>\n","protected":false},"author":3,"featured_media":381018,"comment_status":"open","ping_status":"open","sticky":false,"template":"","format":"standard","meta":{"_monsterinsights_skip_tracking":false,"_monsterinsights_sitenote_active":false,"_monsterinsights_sitenote_note":"","_monsterinsights_sitenote_category":0,"footnotes":""},"categories":[6],"tags":[204,69000,25048],"class_list":["post-380899","post","type-post","status-publish","format-standard","has-post-thumbnail","hentry","category-cd-de-mexico","tag-ciudad-de-mexico","tag-juntos-haremos-historia","tag-reconstruccion"],"_links":{"self":[{"href":"https:\/\/www.diarioimagen.net\/index.php?rest_route=\/wp\/v2\/posts\/380899","targetHints":{"allow":["GET"]}}],"collection":[{"href":"https:\/\/www.diarioimagen.net\/index.php?rest_route=\/wp\/v2\/posts"}],"about":[{"href":"https:\/\/www.diarioimagen.net\/index.php?rest_route=\/wp\/v2\/types\/post"}],"author":[{"embeddable":true,"href":"https:\/\/www.diarioimagen.net\/index.php?rest_route=\/wp\/v2\/users\/3"}],"replies":[{"embeddable":true,"href":"https:\/\/www.diarioimagen.net\/index.php?rest_route=%2Fwp%2Fv2%2Fcomments&post=380899"}],"version-history":[{"count":0,"href":"https:\/\/www.diarioimagen.net\/index.php?rest_route=\/wp\/v2\/posts\/380899\/revisions"}],"wp:featuredmedia":[{"embeddable":true,"href":"https:\/\/www.diarioimagen.net\/index.php?rest_route=\/wp\/v2\/media\/381018"}],"wp:attachment":[{"href":"https:\/\/www.diarioimagen.net\/index.php?rest_route=%2Fwp%2Fv2%2Fmedia&parent=380899"}],"wp:term":[{"taxonomy":"category","embeddable":true,"href":"https:\/\/www.diarioimagen.net\/index.php?rest_route=%2Fwp%2Fv2%2Fcategories&post=380899"},{"taxonomy":"post_tag","embeddable":true,"href":"https:\/\/www.diarioimagen.net\/index.php?rest_route=%2Fwp%2Fv2%2Ftags&post=380899"}],"curies":[{"name":"wp","href":"https:\/\/api.w.org\/{rel}","templated":true}]}}