{"id":380905,"date":"2018-06-14T00:11:25","date_gmt":"2018-06-14T05:11:25","guid":{"rendered":"http:\/\/www.diarioimagen.net\/?p=380905"},"modified":"2018-06-14T09:35:50","modified_gmt":"2018-06-14T14:35:50","slug":"barrales-presenta-plan-general-de-cultura-para-la-capital","status":"publish","type":"post","link":"https:\/\/www.diarioimagen.net\/?p=380905","title":{"rendered":"Barrales presenta plan general de cultura para la capital"},"content":{"rendered":"<ul>\n<li><strong><em>Ser\u00e1 el gran detonador econ\u00f3mico<\/em><\/strong><\/li>\n<\/ul>\n<p>&nbsp;<\/p>\n<div id=\"attachment_381014\" style=\"width: 470px\" class=\"wp-caption aligncenter\"><a href=\"http:\/\/www.diarioimagen.net\/?attachment_id=381014\" rel=\"attachment wp-att-381014\"><img loading=\"lazy\" decoding=\"async\" aria-describedby=\"caption-attachment-381014\" class=\"size-large wp-image-381014\" src=\"http:\/\/www.diarioimagen.net\/wp-content\/uploads\/2018\/06\/barrales-3389-460x259.jpg\" alt=\"\" width=\"460\" height=\"259\" srcset=\"https:\/\/www.diarioimagen.net\/wp-content\/uploads\/2018\/06\/barrales-3389-460x259.jpg 460w, https:\/\/www.diarioimagen.net\/wp-content\/uploads\/2018\/06\/barrales-3389-240x135.jpg 240w, https:\/\/www.diarioimagen.net\/wp-content\/uploads\/2018\/06\/barrales-3389-235x132.jpg 235w, https:\/\/www.diarioimagen.net\/wp-content\/uploads\/2018\/06\/barrales-3389-202x114.jpg 202w, https:\/\/www.diarioimagen.net\/wp-content\/uploads\/2018\/06\/barrales-3389-350x196.jpg 350w, https:\/\/www.diarioimagen.net\/wp-content\/uploads\/2018\/06\/barrales-3389-220x123.jpg 220w, https:\/\/www.diarioimagen.net\/wp-content\/uploads\/2018\/06\/barrales-3389-237x132.jpg 237w, https:\/\/www.diarioimagen.net\/wp-content\/uploads\/2018\/06\/barrales-3389.jpg 480w\" sizes=\"auto, (max-width: 460px) 100vw, 460px\" \/><\/a><p id=\"caption-attachment-381014\" class=\"wp-caption-text\">Alejandra Barrales, abanderada del Frente, present\u00f3 su plan general de cultura para la Ciudad de M\u00e9xico.<\/p><\/div>\n<p>&nbsp;<\/p>\n<p>La candidata de la coalici\u00f3n Por la Ciudad de M\u00e9xico al Frente a la jefatura de gobierno, Alejandra Barrales, present\u00f3 su plan general de cultura con el que busca que est\u00e9 al alcance de los capitalinos como sin\u00f3nimo de unidad, seguridad y justicia.<\/p>\n<p>En conferencia de prensa, indic\u00f3 que dicho plan se basa en dos ejes fundamentales que son: hacer de la cultura el gran detonador econ\u00f3mico, promoviendo la inversi\u00f3n en la materia, as\u00ed como llevarla a las comunidades donde existe violencia y altos \u00edndices delictivos.<\/p>\n<p>Barrales Magdaleno detall\u00f3 que el plan general de cultura se divide en cinco propuestas denominadas ciudad creativa, cultural y art\u00edstica, turismo cultural, de M\u00e9xico para el mundo, incrementar el presupuesto y cultura digital.<\/p>\n<p>Explic\u00f3 que a trav\u00e9s de estas propuestas se busca crear la Universidad de las Artes, la Cultura y el Desarrollo Creativo, en los terrenos del actual aeropuerto, as\u00ed como contar con espacios recreativos para detonar el talento de los j\u00f3venes.<\/p>\n<p>La abanderada de los partidos de la Revoluci\u00f3n Democr\u00e1tica (PRD), Acci\u00f3n Nacional (PAN) y Movimiento Ciudadano (MC) mencion\u00f3 que tambi\u00e9n se plantea crear la Feria Internacional del Libro Ciudad de M\u00e9xico, rescatar los recintos culturales, aumentar de manera gradual el presupuesto a la cultura hasta lograr duplicarlo y contar con una biblioteca digital en la capital del pa\u00eds.<\/p>\n<p>Al hacer un diagn\u00f3stico sobre la cultura en la metr\u00f3poli, precis\u00f3 que el presupuesto representa en la actualidad 5.4 por ciento del producto interno bruto, el cual genera 320 mil empleos.<\/p>\n<p>En este sentido, refiri\u00f3 que la Secretar\u00eda de Cultura tiene un presupuesto de 688 millones de pesos, de los cuales, el 25 por ciento se utiliza para apoyar actores culturales y el desarrollo de proyectos.<\/p>\n<p>Explic\u00f3 que en la actualidad seis de cada 10 capitalinos no han le\u00eddo un libro en el \u00faltimo a\u00f1o y cinco de cada 10 j\u00f3venes menores de 17 a\u00f1os nunca han asistido a una biblioteca.<\/p>\n<p>Alejandra Barrales coment\u00f3 que en la capital del pa\u00eds existen 152 museos, 156 teatros y 233 casas y centros culturales, por lo que se debe de promover en todos los sectores de la poblaci\u00f3n el talento art\u00edstico y fomentar la lectura principalmente entre la ni\u00f1ez y adolescentes.<\/p>\n<p>Por \u00faltimo, dijo que la cultura es un tema importante para la Ciudad de M\u00e9xico, por lo que el plan en la materia busca fomentar el turismo e impulsar la creatividad cultural y art\u00edstica para aprovechar los espacios con que se cuentan, lo cual tambi\u00e9n ayudar\u00e1 en la formaci\u00f3n acad\u00e9mica de los j\u00f3venes.<\/p>\n","protected":false},"excerpt":{"rendered":"<p>La candidata de la coalici\u00f3n Por la Ciudad de M\u00e9xico al Frente a la jefatura de gobierno, Alejandra Barrales, present\u00f3 su plan general de cultura con el que busca que est\u00e9 al alcance de los capitalinos como sin\u00f3nimo de unidad, seguridad y justicia.<\/p>\n","protected":false},"author":3,"featured_media":381014,"comment_status":"open","ping_status":"open","sticky":false,"template":"","format":"standard","meta":{"_monsterinsights_skip_tracking":false,"_monsterinsights_sitenote_active":false,"_monsterinsights_sitenote_note":"","_monsterinsights_sitenote_category":0,"footnotes":""},"categories":[6],"tags":[11733,204,43685,74896],"class_list":["post-380905","post","type-post","status-publish","format-standard","has-post-thumbnail","hentry","category-cd-de-mexico","tag-alejandra-barrales-magdaleno","tag-ciudad-de-mexico","tag-cultura","tag-plan-general"],"_links":{"self":[{"href":"https:\/\/www.diarioimagen.net\/index.php?rest_route=\/wp\/v2\/posts\/380905","targetHints":{"allow":["GET"]}}],"collection":[{"href":"https:\/\/www.diarioimagen.net\/index.php?rest_route=\/wp\/v2\/posts"}],"about":[{"href":"https:\/\/www.diarioimagen.net\/index.php?rest_route=\/wp\/v2\/types\/post"}],"author":[{"embeddable":true,"href":"https:\/\/www.diarioimagen.net\/index.php?rest_route=\/wp\/v2\/users\/3"}],"replies":[{"embeddable":true,"href":"https:\/\/www.diarioimagen.net\/index.php?rest_route=%2Fwp%2Fv2%2Fcomments&post=380905"}],"version-history":[{"count":0,"href":"https:\/\/www.diarioimagen.net\/index.php?rest_route=\/wp\/v2\/posts\/380905\/revisions"}],"wp:featuredmedia":[{"embeddable":true,"href":"https:\/\/www.diarioimagen.net\/index.php?rest_route=\/wp\/v2\/media\/381014"}],"wp:attachment":[{"href":"https:\/\/www.diarioimagen.net\/index.php?rest_route=%2Fwp%2Fv2%2Fmedia&parent=380905"}],"wp:term":[{"taxonomy":"category","embeddable":true,"href":"https:\/\/www.diarioimagen.net\/index.php?rest_route=%2Fwp%2Fv2%2Fcategories&post=380905"},{"taxonomy":"post_tag","embeddable":true,"href":"https:\/\/www.diarioimagen.net\/index.php?rest_route=%2Fwp%2Fv2%2Ftags&post=380905"}],"curies":[{"name":"wp","href":"https:\/\/api.w.org\/{rel}","templated":true}]}}