{"id":380949,"date":"2018-06-14T00:13:08","date_gmt":"2018-06-14T05:13:08","guid":{"rendered":"http:\/\/www.diarioimagen.net\/?p=380949"},"modified":"2018-06-15T01:53:53","modified_gmt":"2018-06-15T06:53:53","slug":"carcel-y-corrupcion","status":"publish","type":"post","link":"https:\/\/www.diarioimagen.net\/?p=380949","title":{"rendered":"C\u00e1rcel y corrupci\u00f3n"},"content":{"rendered":"<h2>Folclor urbano<\/h2>\n<h5>Salvador Estrada<\/h5>\n<p>&nbsp;<\/p>\n<p>En el debate de los tres grandes y un \u201cbronco\u201d prevaleci\u00f3 la c\u00e1rcel y la corrupci\u00f3n como los principales argumentos de su discusi\u00f3n,\u00a0con la cual ten\u00edan la intenci\u00f3n de ganar adeptos para alcanzar la Presidencia de la Rep\u00fablica.<\/p>\n<p>Y de acuerdo a lo expresado en el debate no hubo ganadores ni perdedores. Los tres quedaron como corruptos, de acuerdo a las acusaciones que lanzaron.<\/p>\n<p>Ricardo Anaya, \u201cEl Canall\u00edn\u201d, ante los ataques, advirti\u00f3 que\u00a0\u201cmeter\u00e1 \u00a0a la c\u00e1rcel \u00a0a Jos\u00e9 Antonio Meade y a su jefe\u201d. Y tambi\u00e9n le lanz\u00f3 la advertencia a L\u00f3pez Obrador y siempre que ten\u00eda la oportunidad insist\u00eda en que de llegar a la presidencia meter\u00eda a la c\u00e1rcel a los corruptos. \u201cDeben enfrentar la justicia. Eso es lo correcto\u201d, seg\u00fan dijo. Meade le expres\u00f3 a Anaya \u201cque es el \u00fanico indiciado por un delito\u201d. Y cuando L\u00f3pez Obrador fue se\u00f1alado por Anaya de tener \u201csu propio constructor\u201d, a quien le asign\u00f3\u00a0obras por adjudicaci\u00f3n directa por 170 millones de pesos, se escurri\u00f3. No contest\u00f3.<\/p>\n<p>Para aclarar de d\u00f3nde saldr\u00edan los fondos para cumplir sus promesas siempre recurr\u00eda \u201ca acabar con la corrupci\u00f3n\u201d. Para solucionar problemas se ampar\u00f3\u00a0con su dicho una y otra vez \u201cacabar con la corrupci\u00f3n\u201d.<\/p>\n<p>Andr\u00e9s Manuel L\u00f3pez Obrador est\u00e1 obsesionado en acabar con ese c\u00e1ncer y la ve muy f\u00e1cil, tan f\u00e1cil que cree que \u201cacabando con la corrupci\u00f3n le va a llegar el dinero, millones de pesos, para repartirlo como si fuera pan\u201d.<\/p>\n<p>Combatir la corrupci\u00f3n lleva tiempo y no es de la noche a la ma\u00f1ana, primero detectarla, investigar, tener \u00a0pruebas y detener a los corruptos. Y dar con el destino del dinero para poder disponer de \u00e9l. Todo dentro de un proceso apegado a derecho.<\/p>\n<p>\u00bfCu\u00e1ntos pol\u00edticos son corruptos?\u00bfEn d\u00f3nde se les localiza? Estas inc\u00f3gnitas deben resolverse para empezar \u00a0actuar. La Auditor\u00eda Superior de la Federaci\u00f3n ser\u00eda el gran aliado de L\u00f3pez Obrador para saber de malos manejos, desv\u00edos de fondos, peculados, etc., etc.<\/p>\n<p>Y la ASF rindi\u00e9ndole cuentas a L\u00f3pez Obrador, podr\u00eda empezarse a investigar a los corruptos, para luego de su detenci\u00f3n llevarlos a juicio y recuperar el dinero mal habido y entonces saber cu\u00e1nto se tiene dispuesto para repartirlo en sus obras de beneficio social.<\/p>\n<p>Para doblar la ayuda a los adultos de la tercera edad, \u00bfcu\u00e1ntos corruptos necesita atrapar? Y para otras tareas de ayuda a la comunidad \u00bfcu\u00e1ntos m\u00e1s podr\u00edan caer?<\/p>\n<p>Si llega a la Presidencia, L\u00f3pez Obrador tendr\u00e1 que dar cuentas a la ciudadan\u00eda de cu\u00e1ntos corruptos ha detenido y cu\u00e1nto ha sido lo robado y en qu\u00e9 lo va a destinar. La tarea no es f\u00e1cil y tendr\u00e1 qu\u00e9 cumplir con lo prometido.<\/p>\n<p>Y como \u00e9l ha dicho que no va a traicionar al pueblo y para salir adelante en su lucha contra la corrupci\u00f3n, seguramente va a contratar los servicios del FBI, no el de Estados Unidos, sino el del candidato independiente a la presidencia de este pa\u00eds, Jaime Rodr\u00edguez Calder\u00f3n, \u201cEl Bronco\u201d, quien maneja su propio \u00a0FBI, seg\u00fan lo afirm\u00f3 en el debate, el \u201cFacebook, Bronco, Investigation\u201d.<\/p>\n<p><em><a href=\"mailto:chavasec@yahoo.com.mx\" target=\"_blank\" rel=\"noopener noreferrer\">chavasec@yahoo.com.mx<\/a><\/em><\/p>\n","protected":false},"excerpt":{"rendered":"<p><span style=\"color: #005497;\"><strong>Salvador Estrada<\/strong><\/span><\/p>\n","protected":false},"author":3,"featured_media":0,"comment_status":"open","ping_status":"open","sticky":false,"template":"","format":"standard","meta":{"_monsterinsights_skip_tracking":false,"_monsterinsights_sitenote_active":false,"_monsterinsights_sitenote_note":"","_monsterinsights_sitenote_category":0,"footnotes":""},"categories":[41601],"tags":[41599,43674,41600],"class_list":["post-380949","post","type-post","status-publish","format-standard","hentry","category-salvador-estrada-opinion","tag-folclor-urbano","tag-opinion","tag-salvador-estrada"],"_links":{"self":[{"href":"https:\/\/www.diarioimagen.net\/index.php?rest_route=\/wp\/v2\/posts\/380949","targetHints":{"allow":["GET"]}}],"collection":[{"href":"https:\/\/www.diarioimagen.net\/index.php?rest_route=\/wp\/v2\/posts"}],"about":[{"href":"https:\/\/www.diarioimagen.net\/index.php?rest_route=\/wp\/v2\/types\/post"}],"author":[{"embeddable":true,"href":"https:\/\/www.diarioimagen.net\/index.php?rest_route=\/wp\/v2\/users\/3"}],"replies":[{"embeddable":true,"href":"https:\/\/www.diarioimagen.net\/index.php?rest_route=%2Fwp%2Fv2%2Fcomments&post=380949"}],"version-history":[{"count":0,"href":"https:\/\/www.diarioimagen.net\/index.php?rest_route=\/wp\/v2\/posts\/380949\/revisions"}],"wp:attachment":[{"href":"https:\/\/www.diarioimagen.net\/index.php?rest_route=%2Fwp%2Fv2%2Fmedia&parent=380949"}],"wp:term":[{"taxonomy":"category","embeddable":true,"href":"https:\/\/www.diarioimagen.net\/index.php?rest_route=%2Fwp%2Fv2%2Fcategories&post=380949"},{"taxonomy":"post_tag","embeddable":true,"href":"https:\/\/www.diarioimagen.net\/index.php?rest_route=%2Fwp%2Fv2%2Ftags&post=380949"}],"curies":[{"name":"wp","href":"https:\/\/api.w.org\/{rel}","templated":true}]}}