{"id":381106,"date":"2018-06-15T00:07:02","date_gmt":"2018-06-15T05:07:02","guid":{"rendered":"http:\/\/www.diarioimagen.net\/?p=381106"},"modified":"2018-06-15T06:46:29","modified_gmt":"2018-06-15T11:46:29","slug":"ofrece-mikel-desaparecer-gradualmente-verificacion","status":"publish","type":"post","link":"https:\/\/www.diarioimagen.net\/?p=381106","title":{"rendered":"Ofrece Mikel desaparecer gradualmente verificaci\u00f3n"},"content":{"rendered":"<ul>\n<li><em><strong>\u201cPara no enriquecer a un peque\u00f1o grupo\u201d<\/strong><\/em><\/li>\n<li><em><strong>Las emisiones se pueden medir de manera m\u00e1s inteligente, se\u00f1ala<\/strong><\/em><\/li>\n<\/ul>\n<p>&nbsp;<\/p>\n<div id=\"attachment_381229\" style=\"width: 470px\" class=\"wp-caption aligncenter\"><a href=\"http:\/\/www.diarioimagen.net\/?attachment_id=381229\" rel=\"attachment wp-att-381229\"><img loading=\"lazy\" decoding=\"async\" aria-describedby=\"caption-attachment-381229\" class=\"size-large wp-image-381229\" src=\"http:\/\/www.diarioimagen.net\/wp-content\/uploads\/2018\/06\/MIKEL-3390-460x259.jpg\" alt=\"\" width=\"460\" height=\"259\" srcset=\"https:\/\/www.diarioimagen.net\/wp-content\/uploads\/2018\/06\/MIKEL-3390-460x259.jpg 460w, https:\/\/www.diarioimagen.net\/wp-content\/uploads\/2018\/06\/MIKEL-3390-240x135.jpg 240w, https:\/\/www.diarioimagen.net\/wp-content\/uploads\/2018\/06\/MIKEL-3390-235x132.jpg 235w, https:\/\/www.diarioimagen.net\/wp-content\/uploads\/2018\/06\/MIKEL-3390-202x114.jpg 202w, https:\/\/www.diarioimagen.net\/wp-content\/uploads\/2018\/06\/MIKEL-3390-350x196.jpg 350w, https:\/\/www.diarioimagen.net\/wp-content\/uploads\/2018\/06\/MIKEL-3390-220x123.jpg 220w, https:\/\/www.diarioimagen.net\/wp-content\/uploads\/2018\/06\/MIKEL-3390-237x132.jpg 237w, https:\/\/www.diarioimagen.net\/wp-content\/uploads\/2018\/06\/MIKEL-3390.jpg 480w\" sizes=\"auto, (max-width: 460px) 100vw, 460px\" \/><\/a><p id=\"caption-attachment-381229\" class=\"wp-caption-text\">Mikel Arriola promete desaparecer, de forma gradual, la obligaci\u00f3n para los automovilistas de pagar verificaci\u00f3n.<\/p><\/div>\n<p>&nbsp;<\/p>\n<p>De forma gradual, desaparecer\u00eda la obligaci\u00f3n para los automovilistas de pagar verificaci\u00f3n, para luego migrar a un m\u00e9todo digital, imparcial y gratuito, prometi\u00f3 el candidato pri\u00edsta al gobierno capitalino, Mikel Arriola.<\/p>\n<p>\u201cVamos a proponer un esquema para, de manera gradual, salir de dos obligaciones: de hacer la verificaci\u00f3n y de pagarla. Las emisiones se pueden medir de manera m\u00e1s inteligente sin que las personas tengan que ir dos veces al a\u00f1o a un verificentro a enriquecer a un peque\u00f1o grupo\u201d.<\/p>\n<p>Luego de que ayer se diera a conocer la lista definitiva de los verificentros que operar\u00e1n a partir del 2 de julio pr\u00f3ximo, el aspirante expuso que hay grave corrupci\u00f3n, incluso manifestada por los empresarios que no obtuvieron un permiso y que denuncian colusion entre un grupo peque\u00f1o de concesionarios y el gobierno capitalino.<\/p>\n<p>\u201cNo quieren tocar el tema antes de las elecciones. Por eso, suspendieron la verificaci\u00f3n, porque fue una estrategia totalmente electoral. Este gobierno es profundamente \u2018chafa\u2019 en todo. No tiene capacidad ni conocimientos, por eso los tenemos que cambiar porque sus decisiones son inexplicables\u201d, asegur\u00f3.<\/p>\n<p>Seg\u00fan el abanderado del Partido Revolucionario Institucional (PRI), la disminuci\u00f3n en el n\u00famero de verificentros implica una mayor p\u00e9rdida de tiempo para los automovilistas, porque tienen menos opciones a donde acudir.<\/p>\n<p>\u201cY si ah\u00ed sumamos la \u2018genialidad\u2019 del gobierno de incrementar los requisitos, pues nos va incrementar la carga regulatoria\u201d, asegur\u00f3. Por ello, consider\u00f3 que es posible medir la contaminaci\u00f3n emitida por los autom\u00f3viles a trav\u00e9s de tecnolog\u00eda m\u00e1s pr\u00e1ctica e innovadora, sin embargo dijo que son los due\u00f1os de los verificentros, junto con el gobierno capitalino, los menos interesados en adoptarla.<\/p>\n<p>Ante ello, Arriola Pe\u00f1alosa plante\u00f3 dos alternativas: en primera instancia la de transici\u00f3n, que implica mantener la verificaci\u00f3n, pero ampliando el n\u00famero de verificentros para que haya m\u00e1s competencia lo que, incluso, permitir\u00eda bajar el precio.<\/p>\n<p>Y en segundo lugar, transitar hacia un m\u00e9todo que mida las emisiones contaminantes de manera digital e imparcial.<\/p>\n","protected":false},"excerpt":{"rendered":"<p>De forma gradual, desaparecer\u00eda la obligaci\u00f3n para los automovilistas de pagar verificaci\u00f3n, para luego migrar a un m\u00e9todo digital, imparcial y gratuito, prometi\u00f3 el candidato pri\u00edsta al gobierno capitalino, Mikel Arriola.<\/p>\n","protected":false},"author":3,"featured_media":381229,"comment_status":"open","ping_status":"open","sticky":false,"template":"","format":"standard","meta":{"_monsterinsights_skip_tracking":false,"_monsterinsights_sitenote_active":false,"_monsterinsights_sitenote_note":"","_monsterinsights_sitenote_category":0,"footnotes":""},"categories":[6],"tags":[65718,74953,51147],"class_list":["post-381106","post","type-post","status-publish","format-standard","has-post-thumbnail","hentry","category-cd-de-mexico","tag-ciuda-de-mexico","tag-gradualmente","tag-mikel-arriola-penalosa"],"_links":{"self":[{"href":"https:\/\/www.diarioimagen.net\/index.php?rest_route=\/wp\/v2\/posts\/381106","targetHints":{"allow":["GET"]}}],"collection":[{"href":"https:\/\/www.diarioimagen.net\/index.php?rest_route=\/wp\/v2\/posts"}],"about":[{"href":"https:\/\/www.diarioimagen.net\/index.php?rest_route=\/wp\/v2\/types\/post"}],"author":[{"embeddable":true,"href":"https:\/\/www.diarioimagen.net\/index.php?rest_route=\/wp\/v2\/users\/3"}],"replies":[{"embeddable":true,"href":"https:\/\/www.diarioimagen.net\/index.php?rest_route=%2Fwp%2Fv2%2Fcomments&post=381106"}],"version-history":[{"count":0,"href":"https:\/\/www.diarioimagen.net\/index.php?rest_route=\/wp\/v2\/posts\/381106\/revisions"}],"wp:featuredmedia":[{"embeddable":true,"href":"https:\/\/www.diarioimagen.net\/index.php?rest_route=\/wp\/v2\/media\/381229"}],"wp:attachment":[{"href":"https:\/\/www.diarioimagen.net\/index.php?rest_route=%2Fwp%2Fv2%2Fmedia&parent=381106"}],"wp:term":[{"taxonomy":"category","embeddable":true,"href":"https:\/\/www.diarioimagen.net\/index.php?rest_route=%2Fwp%2Fv2%2Fcategories&post=381106"},{"taxonomy":"post_tag","embeddable":true,"href":"https:\/\/www.diarioimagen.net\/index.php?rest_route=%2Fwp%2Fv2%2Ftags&post=381106"}],"curies":[{"name":"wp","href":"https:\/\/api.w.org\/{rel}","templated":true}]}}