{"id":381280,"date":"2018-06-18T00:07:55","date_gmt":"2018-06-18T05:07:55","guid":{"rendered":"http:\/\/www.diarioimagen.net\/?p=381280"},"modified":"2018-06-18T22:29:02","modified_gmt":"2018-06-19T03:29:02","slug":"mexico-compite-y-gana-frente-a-los-mejores-del-mundo-epn","status":"publish","type":"post","link":"https:\/\/www.diarioimagen.net\/?p=381280","title":{"rendered":"M\u00e9xico compite y gana frente a los mejores del mundo: EPN"},"content":{"rendered":"<ul>\n<li><em><strong>Felicitaciones de los presidenciables<\/strong><\/em><\/li>\n<\/ul>\n<p>&nbsp;<\/p>\n<div id=\"attachment_381281\" style=\"width: 470px\" class=\"wp-caption aligncenter\"><img loading=\"lazy\" decoding=\"async\" aria-describedby=\"caption-attachment-381281\" class=\"size-large wp-image-381281\" src=\"http:\/\/www.diarioimagen.net\/wp-content\/uploads\/2018\/06\/FELICITACIONES18ok-portal-460x268.jpg\" alt=\"\" width=\"460\" height=\"268\" srcset=\"https:\/\/www.diarioimagen.net\/wp-content\/uploads\/2018\/06\/FELICITACIONES18ok-portal-460x268.jpg 460w, https:\/\/www.diarioimagen.net\/wp-content\/uploads\/2018\/06\/FELICITACIONES18ok-portal-240x140.jpg 240w, https:\/\/www.diarioimagen.net\/wp-content\/uploads\/2018\/06\/FELICITACIONES18ok-portal.jpg 480w\" sizes=\"auto, (max-width: 460px) 100vw, 460px\" \/><p id=\"caption-attachment-381281\" class=\"wp-caption-text\">Enrique Pe\u00f1a Nieto y los cuatro candidatos presidenciales felicitaron a la Selecci\u00f3n Mexicana por su hist\u00f3rico triunfo ante Alemania.<\/p><\/div>\n<p>&nbsp;<\/p>\n<p>El presidente de M\u00e9xico, Enrique Pe\u00f1a Nieto, celebr\u00f3 el triunfo de la Selecci\u00f3n Mexicana ante Alemania en el Mundial de Futbol Rusia 2018.<\/p>\n<p>En su cuenta de Twitter @EPN escribi\u00f3: \u00abConfirmado: M\u00e9xico compite y gana frente a los mejores del mundo. \u00a1Muchas Felicidades a @miseleccionmx! \u00a1Gran partido!\u00bb.<\/p>\n<p>Agreg\u00f3: \u00ab\u00a1ESTE TRIUNFO ES DE TODOS LOS MEXICANOS! \u00a1Unidos empezamos con el pie derecho en #Rusia2018! \u00a1Gr\u00edtenlo, g\u00f3cenlo!\u00bb.<\/p>\n<p>M\u00e9xico obtuvo su primer triunfo en el Mundial de Futbol Rusia 2018 ante la selecci\u00f3n de Alemania, con un marcador de 1-0.<\/p>\n<p style=\"text-align: center;\"><strong>\u00a0<\/strong><strong>Felicitaciones de los presidenciables <\/strong><\/p>\n<p>Luego del triunfo de la Selecci\u00f3n Mexicana frente a Alemania, los candidatos presidenciales manifestaron su apoyo y felicitaciones al conjunto tricolor.<\/p>\n<p>En su cuenta de Twitter, Jos\u00e9 Antonio Meade, el abanderado de la coalici\u00f3n Todos por M\u00e9xico, escribi\u00f3:<\/p>\n<p>\u00abNo que no? \u00a1Claro que se puede!\u00bb, escribi\u00f3 el candidato al arrobar la cuenta de la Selecci\u00f3n Mexicana.<\/p>\n<p>Por su parte, el candidato tabasque\u00f1o de la coalici\u00f3n Juntos Haremos Historia, Andr\u00e9s Manuel L\u00f3pez Obrador felicit\u00f3 a la Selecci\u00f3n y asegur\u00f3 que Morena ser\u00e1 quien gane el partido este 1 de julio. Por la ma\u00f1ana se refiri\u00f3 a la celebraci\u00f3n del D\u00eda del Padre.<\/p>\n<p>En tanto que Ricardo Anaya, de Por M\u00e9xico al Frente, asegur\u00f3 que \u00bb para los mexicanos nada es imposible\u00bb y agradeci\u00f3 el triunfo a los seleccionados.<\/p>\n<p>El candidato vio el partido de la Selecci\u00f3n en compa\u00f1\u00eda de su familia y amigos.<\/p>\n<p>Jaime Rodr\u00edguez \u00abEl Bronco\u00bb tambi\u00e9n felicit\u00f3 al combinado mexicano, adem\u00e1s aprovech\u00f3 el triunfo para reflexionar sobre el la decisi\u00f3n que deber\u00edan tomar los electores al decir que:<\/p>\n<p>\u00abLo que pocos cre\u00edan sucedi\u00f3, #M\u00e9xico le gan\u00f3 al campe\u00f3n actual del mundo, si los mexicanos pudimos hacer eso podemos vencer al sistema que ya est\u00e1 viejo, caduco y con sus reglas viejas. Es cuesti\u00f3n de ponernos las pilas y jalar todos para el mismo lado\u00bb, escribi\u00f3 \u00abEl Bronco\u00bb al tuitear un video.<\/p>\n","protected":false},"excerpt":{"rendered":"<p>El presidente de M\u00e9xico, Enrique Pe\u00f1a Nieto, celebr\u00f3 el triunfo de la Selecci\u00f3n Mexicana ante Alemania en el Mundial de Futbol Rusia 2018.<\/p>\n","protected":false},"author":5,"featured_media":381281,"comment_status":"open","ping_status":"open","sticky":false,"template":"","format":"standard","meta":{"_monsterinsights_skip_tracking":false,"_monsterinsights_sitenote_active":false,"_monsterinsights_sitenote_note":"","_monsterinsights_sitenote_category":0,"footnotes":""},"categories":[10],"tags":[74971,1352,43680,18,69000,74970,74969],"class_list":["post-381280","post","type-post","status-publish","format-standard","has-post-thumbnail","hentry","category-deportes","tag-alemania-en-el-mundial-de-futbol-rusia-2018","tag-andres-manuel-lopez-obrador","tag-deportes","tag-enrique-pena-nieto","tag-juntos-haremos-historia","tag-mejores-del-mundo","tag-mexico-compite"],"_links":{"self":[{"href":"https:\/\/www.diarioimagen.net\/index.php?rest_route=\/wp\/v2\/posts\/381280","targetHints":{"allow":["GET"]}}],"collection":[{"href":"https:\/\/www.diarioimagen.net\/index.php?rest_route=\/wp\/v2\/posts"}],"about":[{"href":"https:\/\/www.diarioimagen.net\/index.php?rest_route=\/wp\/v2\/types\/post"}],"author":[{"embeddable":true,"href":"https:\/\/www.diarioimagen.net\/index.php?rest_route=\/wp\/v2\/users\/5"}],"replies":[{"embeddable":true,"href":"https:\/\/www.diarioimagen.net\/index.php?rest_route=%2Fwp%2Fv2%2Fcomments&post=381280"}],"version-history":[{"count":0,"href":"https:\/\/www.diarioimagen.net\/index.php?rest_route=\/wp\/v2\/posts\/381280\/revisions"}],"wp:featuredmedia":[{"embeddable":true,"href":"https:\/\/www.diarioimagen.net\/index.php?rest_route=\/wp\/v2\/media\/381281"}],"wp:attachment":[{"href":"https:\/\/www.diarioimagen.net\/index.php?rest_route=%2Fwp%2Fv2%2Fmedia&parent=381280"}],"wp:term":[{"taxonomy":"category","embeddable":true,"href":"https:\/\/www.diarioimagen.net\/index.php?rest_route=%2Fwp%2Fv2%2Fcategories&post=381280"},{"taxonomy":"post_tag","embeddable":true,"href":"https:\/\/www.diarioimagen.net\/index.php?rest_route=%2Fwp%2Fv2%2Ftags&post=381280"}],"curies":[{"name":"wp","href":"https:\/\/api.w.org\/{rel}","templated":true}]}}