{"id":381314,"date":"2018-06-18T00:08:23","date_gmt":"2018-06-18T05:08:23","guid":{"rendered":"http:\/\/www.diarioimagen.net\/?p=381314"},"modified":"2018-06-18T22:29:17","modified_gmt":"2018-06-19T03:29:17","slug":"del-mazo-da-inicio-al-ciclo-de-produccion-de-tilapia","status":"publish","type":"post","link":"https:\/\/www.diarioimagen.net\/?p=381314","title":{"rendered":"Del Mazo da inicio al ciclo de producci\u00f3n de tilapia"},"content":{"rendered":"<ul>\n<li><em><strong>En el sur del Edomex<\/strong><\/em><\/li>\n<li><em><strong>Liberan 200 mil cr\u00edas de esta especie en la presa Santa B\u00e1rbara<\/strong><\/em><\/li>\n<\/ul>\n<p>&nbsp;<\/p>\n<p><a href=\"http:\/\/www.diarioimagen.net\/?attachment_id=381398\" rel=\"attachment wp-att-381398\"><img loading=\"lazy\" decoding=\"async\" class=\"aligncenter size-large wp-image-381398\" src=\"http:\/\/www.diarioimagen.net\/wp-content\/uploads\/2018\/06\/edomex-3391-460x259.jpg\" alt=\"\" width=\"460\" height=\"259\" srcset=\"https:\/\/www.diarioimagen.net\/wp-content\/uploads\/2018\/06\/edomex-3391-460x259.jpg 460w, https:\/\/www.diarioimagen.net\/wp-content\/uploads\/2018\/06\/edomex-3391-240x135.jpg 240w, https:\/\/www.diarioimagen.net\/wp-content\/uploads\/2018\/06\/edomex-3391-235x132.jpg 235w, https:\/\/www.diarioimagen.net\/wp-content\/uploads\/2018\/06\/edomex-3391-202x114.jpg 202w, https:\/\/www.diarioimagen.net\/wp-content\/uploads\/2018\/06\/edomex-3391-350x196.jpg 350w, https:\/\/www.diarioimagen.net\/wp-content\/uploads\/2018\/06\/edomex-3391-220x123.jpg 220w, https:\/\/www.diarioimagen.net\/wp-content\/uploads\/2018\/06\/edomex-3391-237x132.jpg 237w, https:\/\/www.diarioimagen.net\/wp-content\/uploads\/2018\/06\/edomex-3391.jpg 480w\" sizes=\"auto, (max-width: 460px) 100vw, 460px\" \/><\/a><\/p>\n<p>&nbsp;<\/p>\n<p><strong>Santo Tom\u00e1s, Estado de M\u00e9xico<\/strong>.- Al reunirse con productores acu\u00edcolas mexiquenses, el gobernador del Estado de M\u00e9xico, Alfredo Del Mazo dio inicio al ciclo de producci\u00f3n de tilapia, con la liberaci\u00f3n de 200 mil cr\u00edas de esta especie.<\/p>\n<p>\u201cMe da mucho gusto venir el d\u00eda de hoy aqu\u00ed a Santo Tom\u00e1s a esta presa para dar el inicio de la temporada de poblaci\u00f3n de la tilapia, en donde acabamos de liberar alrededor de 200 mil cr\u00edas de tilapia, que van a darle una gran actividad a esta regi\u00f3n del estado, a todo el corredor que est\u00e1 aqu\u00ed en esta regi\u00f3n de nuestro estado\u201d, se\u00f1al\u00f3. \u201cEsperemos que hayamos tenido buena mano y que la mayor\u00eda de estas cr\u00edas se den, crezcan, y el d\u00eda de ma\u00f1ana terminen en un buen platito\u201d, afirm\u00f3.<\/p>\n<p>En la presa de Santa B\u00e1rbara, el gobernador mexiquense destac\u00f3 que la producci\u00f3n acu\u00edcola es una de las actividades de mayor orgullo para el Estado de M\u00e9xico, principalmente en carpa, trucha, tilapia, rana toro, bagre, entre otros productos.<\/p>\n<p>El mandatario estatal indic\u00f3 que para fortalecer m\u00e1s el sector acu\u00edcola mexiquense, el cual se ha venido desarrollando desde hace casi 40 a\u00f1os, se apoyar\u00e1 con cr\u00edas, tanto a grupos de productores como de manera individual, as\u00ed como con asistencia t\u00e9cnica, mejoramiento gen\u00e9tico, infraestructura, equipamiento y un subsidio para el alimento.<\/p>\n<p>Adem\u00e1s de trabajar de manera coordinada con la Comisi\u00f3n Federal de Electricidad (CFE), instituci\u00f3n a cargo de la presa de Santa B\u00e1rbara, para que \u00e9sta mantenga niveles de agua que permita la producci\u00f3n acu\u00edcola.<\/p>\n<p>Posteriormente, el gobernador se reuni\u00f3 en Ixtapan del Oro con artesanas de ese municipio y de Donato Guerra, que elaboran productos de ocoxal, a quienes asegur\u00f3 que el gobierno del estado las apoyar\u00e1 para promover sus artesan\u00edas y puedan recibir cr\u00e9ditos o recursos para adquirir materia prima y las herramientas necesarias en su oficio.<\/p>\n<p>En el Parque Ecotur\u00edstico El Salto de Chihuahua, en Ixtapan del Oro, el mandatario mexiquense platic\u00f3 con 27 artesanas, quienes le mostraron su trabajo y le explicaron el proceso para elaborar una pieza que, en algunos casos, implica varios d\u00edas de trabajo.<\/p>\n<p>Tras escuchar sus inquietudes y peticiones, entre las que destac\u00f3 evitar el intermediarismo en la venta de sus productos, el gobernador se\u00f1al\u00f3 que mediante el Instituto de Investigaci\u00f3n y Fomento de las Artesan\u00edas estatal, ellas tendr\u00e1n m\u00e1s opciones para comercializar sus piezas, pues a su alcance tendr\u00e1n talleres de capacitaci\u00f3n en temas de mercadotecnia, adem\u00e1s de participar en ferias o exposiciones nacionales o en el extranjero. Asimismo, las exhort\u00f3 a difundir estos apoyos con m\u00e1s mujeres dedicadas a esta labor, pues tan s\u00f3lo en estos dos municipios se tiene un registro de 595 artesanas que trabajan el ocoxal.<\/p>\n<p>En su gira de trabajo por esta demarcaci\u00f3n, en la que fue acompa\u00f1ado por el encargado de despacho de la Secretar\u00eda de Turismo, y la directora del Instituto de Investigaci\u00f3n y Fomento de las Artesan\u00edas, el gobernador consider\u00f3 indispensable apoyar a las artesanas mexiquenses, pues ellas son mujeres que se esfuerzan para sacar adelante a sus familias, y para lograrlo necesitan est\u00edmulos que les permitan ser m\u00e1s productivas en las actividades que desarrollan.<\/p>\n","protected":false},"excerpt":{"rendered":"<p>Al reunirse con productores acu\u00edcolas mexiquenses, el gobernador del Estado de M\u00e9xico, Alfredo Del Mazo dio inicio al ciclo de producci\u00f3n de tilapia, con la liberaci\u00f3n de 200 mil cr\u00edas de esta especie.<\/p>\n","protected":false},"author":3,"featured_media":381398,"comment_status":"open","ping_status":"open","sticky":false,"template":"","format":"standard","meta":{"_monsterinsights_skip_tracking":false,"_monsterinsights_sitenote_active":false,"_monsterinsights_sitenote_note":"","_monsterinsights_sitenote_category":0,"footnotes":""},"categories":[5],"tags":[43675,74988,74989],"class_list":["post-381314","post","type-post","status-publish","format-standard","has-post-thumbnail","hentry","category-estado-de-mexico","tag-estado-de-mexico","tag-santo-tomas","tag-tilapia"],"_links":{"self":[{"href":"https:\/\/www.diarioimagen.net\/index.php?rest_route=\/wp\/v2\/posts\/381314","targetHints":{"allow":["GET"]}}],"collection":[{"href":"https:\/\/www.diarioimagen.net\/index.php?rest_route=\/wp\/v2\/posts"}],"about":[{"href":"https:\/\/www.diarioimagen.net\/index.php?rest_route=\/wp\/v2\/types\/post"}],"author":[{"embeddable":true,"href":"https:\/\/www.diarioimagen.net\/index.php?rest_route=\/wp\/v2\/users\/3"}],"replies":[{"embeddable":true,"href":"https:\/\/www.diarioimagen.net\/index.php?rest_route=%2Fwp%2Fv2%2Fcomments&post=381314"}],"version-history":[{"count":0,"href":"https:\/\/www.diarioimagen.net\/index.php?rest_route=\/wp\/v2\/posts\/381314\/revisions"}],"wp:featuredmedia":[{"embeddable":true,"href":"https:\/\/www.diarioimagen.net\/index.php?rest_route=\/wp\/v2\/media\/381398"}],"wp:attachment":[{"href":"https:\/\/www.diarioimagen.net\/index.php?rest_route=%2Fwp%2Fv2%2Fmedia&parent=381314"}],"wp:term":[{"taxonomy":"category","embeddable":true,"href":"https:\/\/www.diarioimagen.net\/index.php?rest_route=%2Fwp%2Fv2%2Fcategories&post=381314"},{"taxonomy":"post_tag","embeddable":true,"href":"https:\/\/www.diarioimagen.net\/index.php?rest_route=%2Fwp%2Fv2%2Ftags&post=381314"}],"curies":[{"name":"wp","href":"https:\/\/api.w.org\/{rel}","templated":true}]}}