{"id":381316,"date":"2018-06-18T00:10:43","date_gmt":"2018-06-18T05:10:43","guid":{"rendered":"http:\/\/www.diarioimagen.net\/?p=381316"},"modified":"2018-06-18T04:36:33","modified_gmt":"2018-06-18T09:36:33","slug":"universitarios-fortalecieron-iniciativa-de-reforma-a-la-ley-de-la-uaem-barrera","status":"publish","type":"post","link":"https:\/\/www.diarioimagen.net\/?p=381316","title":{"rendered":"Universitarios fortalecieron iniciativa de reforma a la Ley de la UAEM: Barrera"},"content":{"rendered":"<ul>\n<li><strong><em>Consulta interactiva<\/em><\/strong><\/li>\n<\/ul>\n<p>&nbsp;<\/p>\n<div id=\"attachment_381401\" style=\"width: 470px\" class=\"wp-caption aligncenter\"><a href=\"http:\/\/www.diarioimagen.net\/?attachment_id=381401\" rel=\"attachment wp-att-381401\"><img loading=\"lazy\" decoding=\"async\" aria-describedby=\"caption-attachment-381401\" class=\"size-large wp-image-381401\" src=\"http:\/\/www.diarioimagen.net\/wp-content\/uploads\/2018\/06\/UAEM-3391-460x423.jpg\" alt=\"\" width=\"460\" height=\"423\" srcset=\"https:\/\/www.diarioimagen.net\/wp-content\/uploads\/2018\/06\/UAEM-3391-460x423.jpg 460w, https:\/\/www.diarioimagen.net\/wp-content\/uploads\/2018\/06\/UAEM-3391-240x220.jpg 240w, https:\/\/www.diarioimagen.net\/wp-content\/uploads\/2018\/06\/UAEM-3391.jpg 700w\" sizes=\"auto, (max-width: 460px) 100vw, 460px\" \/><\/a><p id=\"caption-attachment-381401\" class=\"wp-caption-text\">El rector Alfredo Barrera Baca reiter\u00f3 que, como consecuencia del crecimiento vertiginoso de la UAEM en las recientes d\u00e9cadas, la reforma a la Ley Universitaria es ineludible y necesaria.<\/p><\/div>\n<p><strong>Toluca, Estado de M\u00e9xico<\/strong>.\u2013 La participaci\u00f3n de estudiantes, acad\u00e9micos, investigadores y trabajadores administrativos en la consulta sobre la reforma a la Ley de la Universidad Aut\u00f3noma del Estado de M\u00e9xico fortaleci\u00f3 la iniciativa que ser\u00e1 presentada para su aprobaci\u00f3n ante el pleno del H. Consejo Universitario, afirm\u00f3 el rector de esta casa de estudios, Alfredo Barrera Baca.<\/p>\n<p>Abund\u00f3 que la propuesta original, presentada a la comunidad universitaria hace dos meses y construida a partir de las inquietudes, opiniones y sugerencias expresadas por integrantes de todos los espacios acad\u00e9micos y administrativos de la instituci\u00f3n durante sus comparecencias como candidato a la rector\u00eda, se afin\u00f3, principalmente, mediante la participaci\u00f3n en la consulta interactiva y las propuestas enviadas por correo electr\u00f3nico.<\/p>\n<p>A trav\u00e9s del instrumento consulta interactiva, puntualiz\u00f3, mil 905 universitarios de todos los espacios acad\u00e9micos y dependencias de la administraci\u00f3n central vertieron m\u00e1s de 300 mil opiniones; en tanto, detall\u00f3, en el buz\u00f3n de la consulta se recibieron 417 correos electr\u00f3nicos y mediante 11 documentos, acad\u00e9micos que no compart\u00edan la iniciativa original realizaron 119 planteamientos para adicionar o modificar la propuesta.<\/p>\n<p>Asever\u00f3 que 70 por ciento de los aportes ser\u00e1n contemplados en la versi\u00f3n final de la reforma, mientras que 30 por ciento ya se atienden a trav\u00e9s de los reglamentos o el estatuto universitario.<\/p>\n<p>\u201cEn los correos electr\u00f3nicos encontramos planteamientos sumamente interesantes. Los universitarios que los enviaron dedicaron m\u00e1s tiempo a su participaci\u00f3n, mostraron un mayor involucramiento y escribieron sus propias ideas, con sus argumentos\u201d.<\/p>\n<p>Alfredo Barrera Baca se\u00f1al\u00f3 que las comisiones del H. Consejo Universitario est\u00e1n en la fase final del an\u00e1lisis de todas las propuestas. La mayor\u00eda ser\u00e1n atendidas y por ahora, dijo, se define c\u00f3mo se van a expresar en la nueva redacci\u00f3n de los art\u00edculos o los p\u00e1rrafos.<\/p>\n<p>Reiter\u00f3 que, como consecuencia del crecimiento vertiginoso de la aut\u00f3noma mexiquense en las recientes d\u00e9cadas, la reforma a la Ley Universitaria es ineludible y necesaria.<\/p>\n<p>\u201cNuestra actual normatividad tuvo su \u00faltima adecuaci\u00f3n en 1992. Esta iniciativa es multidimensional y no se limita a la temporalidad de los cargos de rector y directores; impulsa la innovaci\u00f3n y la eficiencia administrativa universitaria, la armonizaci\u00f3n de la legislaci\u00f3n institucional con leyes federales, estimula la investigaci\u00f3n y la internacionalizaci\u00f3n\u201d.<\/p>\n<p>Finalmente, resalt\u00f3 que este proyecto de reforma a la Ley Universitaria ha sido el m\u00e1s difundido en la historia de la instituci\u00f3n. Durante 62 d\u00edas se estableci\u00f3 un sitio web, se enviaron invitaciones v\u00eda correo electr\u00f3nico para participar en la consulta, se expuso el documento en los espacios universitarios y se sostuvieron encuentros con consejeros alumnos y profesores.<\/p>\n<p>Adem\u00e1s, abund\u00f3 Alfredo Barrera Baca, la iniciativa de reforma se dio a conocer a la comunidad universitaria a trav\u00e9s de diversos productos en revistas, radiodifusoras, redes sociales y medios institucionales.<\/p>\n","protected":false},"excerpt":{"rendered":"<p>La participaci\u00f3n de estudiantes, acad\u00e9micos, investigadores y trabajadores administrativos en la consulta sobre la reforma a la Ley de la Universidad Aut\u00f3noma del Estado de M\u00e9xico fortaleci\u00f3 la iniciativa que ser\u00e1 presentada para su aprobaci\u00f3n ante el pleno del H. Consejo Universitario, afirm\u00f3 el rector de esta casa de estudios, Alfredo Barrera Baca.<\/p>\n","protected":false},"author":3,"featured_media":381402,"comment_status":"open","ping_status":"open","sticky":false,"template":"","format":"standard","meta":{"_monsterinsights_skip_tracking":false,"_monsterinsights_sitenote_active":false,"_monsterinsights_sitenote_note":"","_monsterinsights_sitenote_category":0,"footnotes":""},"categories":[5],"tags":[43675,74990,452,1491],"class_list":["post-381316","post","type-post","status-publish","format-standard","has-post-thumbnail","hentry","category-estado-de-mexico","tag-estado-de-mexico","tag-inicaitiva","tag-toluca","tag-uaem"],"_links":{"self":[{"href":"https:\/\/www.diarioimagen.net\/index.php?rest_route=\/wp\/v2\/posts\/381316","targetHints":{"allow":["GET"]}}],"collection":[{"href":"https:\/\/www.diarioimagen.net\/index.php?rest_route=\/wp\/v2\/posts"}],"about":[{"href":"https:\/\/www.diarioimagen.net\/index.php?rest_route=\/wp\/v2\/types\/post"}],"author":[{"embeddable":true,"href":"https:\/\/www.diarioimagen.net\/index.php?rest_route=\/wp\/v2\/users\/3"}],"replies":[{"embeddable":true,"href":"https:\/\/www.diarioimagen.net\/index.php?rest_route=%2Fwp%2Fv2%2Fcomments&post=381316"}],"version-history":[{"count":0,"href":"https:\/\/www.diarioimagen.net\/index.php?rest_route=\/wp\/v2\/posts\/381316\/revisions"}],"wp:featuredmedia":[{"embeddable":true,"href":"https:\/\/www.diarioimagen.net\/index.php?rest_route=\/wp\/v2\/media\/381402"}],"wp:attachment":[{"href":"https:\/\/www.diarioimagen.net\/index.php?rest_route=%2Fwp%2Fv2%2Fmedia&parent=381316"}],"wp:term":[{"taxonomy":"category","embeddable":true,"href":"https:\/\/www.diarioimagen.net\/index.php?rest_route=%2Fwp%2Fv2%2Fcategories&post=381316"},{"taxonomy":"post_tag","embeddable":true,"href":"https:\/\/www.diarioimagen.net\/index.php?rest_route=%2Fwp%2Fv2%2Ftags&post=381316"}],"curies":[{"name":"wp","href":"https:\/\/api.w.org\/{rel}","templated":true}]}}