{"id":381320,"date":"2018-06-18T00:09:11","date_gmt":"2018-06-18T05:09:11","guid":{"rendered":"http:\/\/www.diarioimagen.net\/?p=381320"},"modified":"2018-07-03T01:06:46","modified_gmt":"2018-07-03T06:06:46","slug":"triunfo-historico-de-mexico","status":"publish","type":"post","link":"https:\/\/www.diarioimagen.net\/?p=381320","title":{"rendered":"Triunfo hist\u00f3rico de M\u00e9xico"},"content":{"rendered":"<h1 style=\"text-align: center;\">M\u00e9xico 1, Alemania 0<\/h1>\n<p><strong>\u00a0<\/strong><\/p>\n<ul>\n<li><em><strong>Dise\u00f1amos el plan hace seis meses y funcion\u00f3: jugar por el amor a ganar y no por el temor a perder, afirma Juan Carlos Osorio, quien pidi\u00f3 mantener los pies en el suelo, tras el triunfo hist\u00f3rico contra Alemania<\/strong><\/em><\/li>\n<li><em><strong>Otro hecho relevante en el partido ocurri\u00f3 cuando salt\u00f3 al campo el defensor mexicano de 39 a\u00f1os, Rafael M\u00e1rquez, quien se convirti\u00f3 en el tercer jugador en la historia de los mundiales en jugar en cinco campeonatos<\/strong><\/em><\/li>\n<\/ul>\n<h6>Gloria Carpio<\/h6>\n<p>&nbsp;<\/p>\n<div id=\"attachment_381385\" style=\"width: 470px\" class=\"wp-caption aligncenter\"><a href=\"http:\/\/www.diarioimagen.net\/?attachment_id=381385\" rel=\"attachment wp-att-381385\"><img loading=\"lazy\" decoding=\"async\" aria-describedby=\"caption-attachment-381385\" class=\"size-large wp-image-381385\" src=\"http:\/\/www.diarioimagen.net\/wp-content\/uploads\/2018\/06\/Estadio-3391-460x259.jpg\" alt=\"\" width=\"460\" height=\"259\" srcset=\"https:\/\/www.diarioimagen.net\/wp-content\/uploads\/2018\/06\/Estadio-3391-460x259.jpg 460w, https:\/\/www.diarioimagen.net\/wp-content\/uploads\/2018\/06\/Estadio-3391-240x135.jpg 240w, https:\/\/www.diarioimagen.net\/wp-content\/uploads\/2018\/06\/Estadio-3391-235x132.jpg 235w, https:\/\/www.diarioimagen.net\/wp-content\/uploads\/2018\/06\/Estadio-3391-202x114.jpg 202w, https:\/\/www.diarioimagen.net\/wp-content\/uploads\/2018\/06\/Estadio-3391-350x196.jpg 350w, https:\/\/www.diarioimagen.net\/wp-content\/uploads\/2018\/06\/Estadio-3391-220x123.jpg 220w, https:\/\/www.diarioimagen.net\/wp-content\/uploads\/2018\/06\/Estadio-3391-237x132.jpg 237w, https:\/\/www.diarioimagen.net\/wp-content\/uploads\/2018\/06\/Estadio-3391.jpg 480w\" sizes=\"auto, (max-width: 460px) 100vw, 460px\" \/><\/a><p id=\"caption-attachment-381385\" class=\"wp-caption-text\">M\u00e9xico ha enfrentado a Alemania en tres mundiales y \u00e9sta es la primera vez que el tricolor le gana a la escuadra teutona<\/p><\/div>\n<p>&nbsp;<\/p>\n<p>Aunque Alemania iba arriba en las encuestas para triunfar en su primer partido del Mundial 2018, M\u00e9xico logr\u00f3 un partido hist\u00f3rico, al ganarle al campe\u00f3n del mundo por 1 gol a 0, siendo el h\u00e9roe de la pel\u00edcula el portero del Tri, \u201cMemo\u201d Ochoa.<\/p>\n<p><a href=\"http:\/\/www.diarioimagen.net\/?attachment_id=381386\" rel=\"attachment wp-att-381386\"><img loading=\"lazy\" decoding=\"async\" class=\"aligncenter size-large wp-image-381386\" src=\"http:\/\/www.diarioimagen.net\/wp-content\/uploads\/2018\/06\/Mundial1-3391-460x259.jpg\" alt=\"\" width=\"460\" height=\"259\" srcset=\"https:\/\/www.diarioimagen.net\/wp-content\/uploads\/2018\/06\/Mundial1-3391-460x259.jpg 460w, https:\/\/www.diarioimagen.net\/wp-content\/uploads\/2018\/06\/Mundial1-3391-240x135.jpg 240w, https:\/\/www.diarioimagen.net\/wp-content\/uploads\/2018\/06\/Mundial1-3391-235x132.jpg 235w, https:\/\/www.diarioimagen.net\/wp-content\/uploads\/2018\/06\/Mundial1-3391-202x114.jpg 202w, https:\/\/www.diarioimagen.net\/wp-content\/uploads\/2018\/06\/Mundial1-3391-350x196.jpg 350w, https:\/\/www.diarioimagen.net\/wp-content\/uploads\/2018\/06\/Mundial1-3391-220x123.jpg 220w, https:\/\/www.diarioimagen.net\/wp-content\/uploads\/2018\/06\/Mundial1-3391-237x132.jpg 237w, https:\/\/www.diarioimagen.net\/wp-content\/uploads\/2018\/06\/Mundial1-3391.jpg 480w\" sizes=\"auto, (max-width: 460px) 100vw, 460px\" \/><\/a><\/p>\n<p>Con un planteamiento t\u00e1ctico ideado por el t\u00e9cnico colombiano Juan Carlos Osorio, la Selecci\u00f3n Mexicana explot\u00f3 una y otra vez los espacios en la defensa alemana en una primera parte de ensue\u00f1o, que termin\u00f3 ganando justamente con gol anotado en el minuto 35 por el jugador m\u00e1s r\u00e1pido del equipo mexicano, Hirving Lozano, quien actualmente juega en el equipo holand\u00e9s PSV Eindhoven.<\/p>\n<p>&nbsp;<\/p>\n<p>Alemania pudo empatar con un tiro libre de Tony Kross, pero en el arco estuvo un inspirado Guillermo \u201cMemo\u201d Ochoa, que se uni\u00f3 a la fiesta con una salvada espectacular.<\/p>\n<div id=\"attachment_381387\" style=\"width: 470px\" class=\"wp-caption aligncenter\"><a href=\"http:\/\/www.diarioimagen.net\/?attachment_id=381387\" rel=\"attachment wp-att-381387\"><img loading=\"lazy\" decoding=\"async\" aria-describedby=\"caption-attachment-381387\" class=\"wp-image-381387 size-large\" src=\"http:\/\/www.diarioimagen.net\/wp-content\/uploads\/2018\/06\/Mundial2-3391-460x259.jpg\" alt=\"\" width=\"460\" height=\"259\" srcset=\"https:\/\/www.diarioimagen.net\/wp-content\/uploads\/2018\/06\/Mundial2-3391-460x259.jpg 460w, https:\/\/www.diarioimagen.net\/wp-content\/uploads\/2018\/06\/Mundial2-3391-240x135.jpg 240w, https:\/\/www.diarioimagen.net\/wp-content\/uploads\/2018\/06\/Mundial2-3391-235x132.jpg 235w, https:\/\/www.diarioimagen.net\/wp-content\/uploads\/2018\/06\/Mundial2-3391-202x114.jpg 202w, https:\/\/www.diarioimagen.net\/wp-content\/uploads\/2018\/06\/Mundial2-3391-350x196.jpg 350w, https:\/\/www.diarioimagen.net\/wp-content\/uploads\/2018\/06\/Mundial2-3391-220x123.jpg 220w, https:\/\/www.diarioimagen.net\/wp-content\/uploads\/2018\/06\/Mundial2-3391-237x132.jpg 237w, https:\/\/www.diarioimagen.net\/wp-content\/uploads\/2018\/06\/Mundial2-3391.jpg 480w\" sizes=\"auto, (max-width: 460px) 100vw, 460px\" \/><\/a><p id=\"caption-attachment-381387\" class=\"wp-caption-text\"><strong>ALEMANIA SIEMPRE DEBUTA CON EL PIE IZQUIERDO.<\/strong> Es la tercer derrota consecutiva para Alemania, campe\u00f3n mundial en su primer partido, siguiendo las de Italia (2010) y Espa\u00f1a (2014).<\/p><\/div>\n<p>La frustraci\u00f3n se apoder\u00f3 de los alemanes con el paso de los minutos y M\u00e9xico sufri\u00f3 hasta el final, al desperdiciar cada uno de sus contragolpes en el segundo tiempo, pero el resultado se mantuvo hasta el final. Es la tercer derrota consecutiva para Alemania, campe\u00f3n mundial en su primer partido, siguiendo las de Italia (2010) y Espa\u00f1a (2014).<\/p>\n<p>Tambi\u00e9n es la primera que sufre Alemania en su debut en una Copa del Mundo desde 1982.<\/p>\n<p style=\"text-align: center;\"><strong>\u201cDE FORMA RESPONSABLE CELEBRAMOS EL TRIUNFO\u201d: OSORIO<\/strong><\/p>\n<p><a href=\"http:\/\/www.diarioimagen.net\/?attachment_id=381388\" rel=\"attachment wp-att-381388\"><img loading=\"lazy\" decoding=\"async\" class=\"alignleft size-large wp-image-381388\" src=\"http:\/\/www.diarioimagen.net\/wp-content\/uploads\/2018\/06\/osorio-3391-238x460.jpg\" alt=\"\" width=\"238\" height=\"460\" srcset=\"https:\/\/www.diarioimagen.net\/wp-content\/uploads\/2018\/06\/osorio-3391-238x460.jpg 238w, https:\/\/www.diarioimagen.net\/wp-content\/uploads\/2018\/06\/osorio-3391-124x240.jpg 124w, https:\/\/www.diarioimagen.net\/wp-content\/uploads\/2018\/06\/osorio-3391.jpg 362w\" sizes=\"auto, (max-width: 238px) 100vw, 238px\" \/><\/a>\u201cDise\u00f1amos el plan hace aproximadamente seis meses y sali\u00f3 bien\u201d, declar\u00f3 el entrenador Juan Carlos Osorio, despu\u00e9s que M\u00e9xico diera la mayor sorpresa desde que comenz\u00f3 el Mundial, al ganar 1-0 a la campeona Alemania.<\/p>\n<p>\u201cHab\u00edamos dise\u00f1ado un plan desde hace aproximadamente seis meses, por las lesiones cambiamos algunos protagonistas, la idea era tener dos jugadores por banda, Hirving (Lozano), que es el jugador m\u00e1s r\u00e1pido que tenemos, y un volante llegador como (Miguel) Lay\u00fan\u201d, se\u00f1al\u00f3 Osorio al principio de su conferencia de prensa.<\/p>\n<p>\u201cEn el primer tiempo tuvimos muy buenas opciones reales de hacer gol, fuimos superiores. En el segundo hicieron modificaciones ofensivas y anticip\u00e1ndonos al remate de Mario G\u00f3mez, entrenamos con una defensa de tres y cuatro centrocampistas\u201d, analiz\u00f3 el colombiano.<\/p>\n<p>Osorio tambi\u00e9n se mostr\u00f3 satisfecho del trabajo mental realizado en los jugadores, recordando la frase sobre la que han centrado el duelo que el s\u00e1bado en la previa hab\u00eda desvelado a los periodistas.<\/p>\n<p>Los que ten\u00edan experiencia internacional arrastraron y contagiaron a j\u00f3venes como Edson \u00c1lvarez (20 a\u00f1os) y Jes\u00fas Corona (23). M\u00e9xico tiene un gran presente y un mejor futuro\u201d, continu\u00f3.\u00a0Osorio pidi\u00f3 mantener los pies en el suelo: \u201cLo vamos a celebrar responsablemente. Le dedico este gran resultado a la gran afici\u00f3n mexicana, a los que han apoyado a la gesti\u00f3n y a los que no tambi\u00e9n\u201d.<\/p>\n<p>Un periodista se interes\u00f3 por la sustituci\u00f3n de Carlos Vela a la hora de juego, cuando era uno de los futbolistas m\u00e1s destacados.<\/p>\n<p>\u201cSu trabajo era encontrar el espacio entre los dos defensas y los medios, y adem\u00e1s desligar la relaci\u00f3n entre los dos mediocentros. Creo que lo logramos. Hizo el \u00faltimo pase en las ocasiones de la primera parte, la idea era que hiciera un gran trabajo en 60 minutos. Fue uno de nuestros mejores jugadores, me doli\u00f3 excluirlo, pero era el plan que ten\u00edamos\u201d, justific\u00f3.<\/p>\n<p style=\"text-align: center;\"><strong>\u201cCOREA SER\u00c1 MUY COMPLICADO\u201d<\/strong><\/p>\n<p><a href=\"http:\/\/www.diarioimagen.net\/?attachment_id=381389\" rel=\"attachment wp-att-381389\"><img loading=\"lazy\" decoding=\"async\" class=\"aligncenter size-large wp-image-381389\" src=\"http:\/\/www.diarioimagen.net\/wp-content\/uploads\/2018\/06\/Mundial3-3391-460x259.jpg\" alt=\"\" width=\"460\" height=\"259\" srcset=\"https:\/\/www.diarioimagen.net\/wp-content\/uploads\/2018\/06\/Mundial3-3391-460x259.jpg 460w, https:\/\/www.diarioimagen.net\/wp-content\/uploads\/2018\/06\/Mundial3-3391-240x135.jpg 240w, https:\/\/www.diarioimagen.net\/wp-content\/uploads\/2018\/06\/Mundial3-3391-235x132.jpg 235w, https:\/\/www.diarioimagen.net\/wp-content\/uploads\/2018\/06\/Mundial3-3391-202x114.jpg 202w, https:\/\/www.diarioimagen.net\/wp-content\/uploads\/2018\/06\/Mundial3-3391-350x196.jpg 350w, https:\/\/www.diarioimagen.net\/wp-content\/uploads\/2018\/06\/Mundial3-3391-220x123.jpg 220w, https:\/\/www.diarioimagen.net\/wp-content\/uploads\/2018\/06\/Mundial3-3391-237x132.jpg 237w, https:\/\/www.diarioimagen.net\/wp-content\/uploads\/2018\/06\/Mundial3-3391.jpg 480w\" sizes=\"auto, (max-width: 460px) 100vw, 460px\" \/><\/a><\/p>\n<p>Luego analiz\u00f3 a los otros dos rivales en el grupo F, Suecia y Corea del Sur, que se enfrentan el lunes.<\/p>\n<p>\u201cSuecia es un rival muy dif\u00edcil, elimin\u00f3 a Argentina en el 2002, ha hecho grandes Mundiales y Eurocopas, ha dejado a un grande como Italia fuera del Mundial. Corea tambi\u00e9n ser\u00e1 muy complicado\u201d, dijo.<\/p>\n<p>Finalmente, Osorio se acord\u00f3 de sus or\u00edgenes. \u201cAprovecho para dedicar, all\u00e1 en Colombia, a mis viejos, y en especial al de arriba, que es el que me ha dado la paciencia para aguantar tanto ac\u00e1\u201d, se\u00f1al\u00f3, en relaci\u00f3n a las duras cr\u00edticas que ha recibido desde que se hizo cargo del Tri en 2015.<\/p>\n<p><a href=\"http:\/\/www.diarioimagen.net\/?attachment_id=381391\" rel=\"attachment wp-att-381391\"><img loading=\"lazy\" decoding=\"async\" class=\"aligncenter size-large wp-image-381391\" src=\"http:\/\/www.diarioimagen.net\/wp-content\/uploads\/2018\/06\/MEXICO18f-3391-460x307.jpg\" alt=\"\" width=\"460\" height=\"307\" srcset=\"https:\/\/www.diarioimagen.net\/wp-content\/uploads\/2018\/06\/MEXICO18f-3391-460x307.jpg 460w, https:\/\/www.diarioimagen.net\/wp-content\/uploads\/2018\/06\/MEXICO18f-3391-240x160.jpg 240w, https:\/\/www.diarioimagen.net\/wp-content\/uploads\/2018\/06\/MEXICO18f-3391.jpg 700w\" sizes=\"auto, (max-width: 460px) 100vw, 460px\" \/><\/a><\/p>\n<p>Y las palabras que se\u00f1al\u00f3 el director t\u00e9cnico del Tri, Juan Carlos Osorio, previo al encuentro contra Alemania, fueron una realidad: \u201cEs mayor la ilusi\u00f3n de ganar. Hay que jugar por el amor a ganar y no por el temor a perder\u201d, dijo el estratega colombiano. \u201cCreo en nuestros jugadores y con los centrocampistas que tenemos les podemos disputar la posesi\u00f3n. Tenemos grandes oportunidades\u201d.<\/p>\n<p style=\"text-align: center;\"><strong>\u201cMEMO\u201d OCHOA, GANADOR DE LOS MEMES <\/strong><\/p>\n<p><a href=\"http:\/\/www.diarioimagen.net\/?attachment_id=381392\" rel=\"attachment wp-att-381392\"><img loading=\"lazy\" decoding=\"async\" class=\"alignleft  wp-image-381392\" src=\"http:\/\/www.diarioimagen.net\/wp-content\/uploads\/2018\/06\/Meme-3391-357x460.jpg\" alt=\"\" width=\"300\" height=\"387\" srcset=\"https:\/\/www.diarioimagen.net\/wp-content\/uploads\/2018\/06\/Meme-3391-357x460.jpg 357w, https:\/\/www.diarioimagen.net\/wp-content\/uploads\/2018\/06\/Meme-3391-187x240.jpg 187w, https:\/\/www.diarioimagen.net\/wp-content\/uploads\/2018\/06\/Meme-3391.jpg 544w\" sizes=\"auto, (max-width: 300px) 100vw, 300px\" \/><\/a>Luego de que cayera el gol que llev\u00f3 a la Selecci\u00f3n Mexicana a la victoria contra Alemania, los memes de este hist\u00f3rico partido no se hicieron esperar. El 1-0 en favor de M\u00e9xico motiv\u00f3 a los internautas a lanzar varias publicaciones relacionados con las elecciones presidenciales.<\/p>\n<p>Y no pod\u00eda faltar el meme del ganador presidencial, en el que retomaron al portero Guillermo Ochoa, por su desempe\u00f1o en el partido.<\/p>\n<p>Asimismo, en redes circul\u00f3 un meme en honor al gol de Hirving \u201cChucky\u201d Lozano, que coloc\u00f3 a la cabeza al tricolor en el estadio Luzhniki de Mosc\u00fa, poniendo la imagen del mu\u00f1eco \u201cChucky\u201d en la figura de la estatua del \u00c1ngel de la Independencia.<\/p>\n<p>Tambi\u00e9n para ilustrar el hist\u00f3rico triunfo, en redes sociales circul\u00f3 la imagen de un chihuahue\u00f1o pelando los dientes y un pastor alem\u00e1n con cara triste, para hacer alusi\u00f3n a las dos selecciones mundialistas.<\/p>\n<p style=\"text-align: center;\"><strong>\u201cHOY NADIE SE ACUERDA DEL 7-0\u201d: \u201cMEMO\u201d OCHOA<\/strong><\/p>\n<p><a href=\"http:\/\/www.diarioimagen.net\/?attachment_id=381393\" rel=\"attachment wp-att-381393\"><img loading=\"lazy\" decoding=\"async\" class=\"aligncenter size-large wp-image-381393\" src=\"http:\/\/www.diarioimagen.net\/wp-content\/uploads\/2018\/06\/Ochoa1-3391-460x259.jpg\" alt=\"\" width=\"460\" height=\"259\" srcset=\"https:\/\/www.diarioimagen.net\/wp-content\/uploads\/2018\/06\/Ochoa1-3391-460x259.jpg 460w, https:\/\/www.diarioimagen.net\/wp-content\/uploads\/2018\/06\/Ochoa1-3391-240x135.jpg 240w, https:\/\/www.diarioimagen.net\/wp-content\/uploads\/2018\/06\/Ochoa1-3391-235x132.jpg 235w, https:\/\/www.diarioimagen.net\/wp-content\/uploads\/2018\/06\/Ochoa1-3391-202x114.jpg 202w, https:\/\/www.diarioimagen.net\/wp-content\/uploads\/2018\/06\/Ochoa1-3391-350x196.jpg 350w, https:\/\/www.diarioimagen.net\/wp-content\/uploads\/2018\/06\/Ochoa1-3391-220x123.jpg 220w, https:\/\/www.diarioimagen.net\/wp-content\/uploads\/2018\/06\/Ochoa1-3391-237x132.jpg 237w, https:\/\/www.diarioimagen.net\/wp-content\/uploads\/2018\/06\/Ochoa1-3391.jpg 480w\" sizes=\"auto, (max-width: 460px) 100vw, 460px\" \/><\/a><\/p>\n<p>\u201cMemo\u201d Ochoa pas\u00f3 por los micr\u00f3fonos de Televisa despu\u00e9s de la victoria de la Selecci\u00f3n Mexicana ante Alemania, donde elogi\u00f3 a sus compa\u00f1eros.<\/p>\n<p>\u201cEs un resultado que te dice muchas cosas: que se sud\u00f3, se luch\u00f3, se pele\u00f3, se sufri\u00f3 por momentos. Supimos aguantar el sufrimiento, festejamos un gol. De antemano sab\u00edamos que los obligados eran ellos. Lo importante fue la calidad y el car\u00e1cter que mostramos.<\/p>\n<p>\u201cLos cuestionamientos siempre est\u00e1n. Lo importante es que dentro del grupo sabemos nuestros objetivos, ideas claras. La gente est\u00e1 con nosotros en Estados Unidos, en todos lados. Hoy ya nadie se acuerda del 7-0\u201d.<\/p>\n<p style=\"text-align: center;\"><strong>SALDO BLANCO DURANTE LAS CELEBRACIONES EN EL Z\u00d3CALO Y EL \u00c1NGEL<\/strong><\/p>\n<p><a href=\"http:\/\/www.diarioimagen.net\/?attachment_id=381394\" rel=\"attachment wp-att-381394\"><img loading=\"lazy\" decoding=\"async\" class=\"aligncenter size-large wp-image-381394\" src=\"http:\/\/www.diarioimagen.net\/wp-content\/uploads\/2018\/06\/ANGEL-3391-460x233.jpg\" alt=\"\" width=\"460\" height=\"233\" srcset=\"https:\/\/www.diarioimagen.net\/wp-content\/uploads\/2018\/06\/ANGEL-3391-460x233.jpg 460w, https:\/\/www.diarioimagen.net\/wp-content\/uploads\/2018\/06\/ANGEL-3391-240x122.jpg 240w, https:\/\/www.diarioimagen.net\/wp-content\/uploads\/2018\/06\/ANGEL-3391.jpg 700w\" sizes=\"auto, (max-width: 460px) 100vw, 460px\" \/><\/a><\/p>\n<p>Luego que M\u00e9xico le ganara a Alemania, los capitalinos se concentraron en el \u00c1ngel de la Independencia\u00a0 celebrar el triunfo de la Selecci\u00f3n Mexicana. En el Centro Hist\u00f3rico de la CDMX los aficionados que asistieron a observar el debut de la Selecci\u00f3n Nacional de M\u00e9xico ante el cuadro germano, en la megapantalla instalada en la plancha del Z\u00f3calo, tambi\u00e9n celebraron el triunfo con banderas, sombreros y algunos con bigotes pintados. La Secretar\u00eda de Segurida P\u00fablica report\u00f3 saldo blanco.<\/p>\n<div id=\"attachment_381395\" style=\"width: 470px\" class=\"wp-caption aligncenter\"><a href=\"http:\/\/www.diarioimagen.net\/?attachment_id=381395\" rel=\"attachment wp-att-381395\"><img loading=\"lazy\" decoding=\"async\" aria-describedby=\"caption-attachment-381395\" class=\"wp-image-381395 size-large\" src=\"http:\/\/www.diarioimagen.net\/wp-content\/uploads\/2018\/06\/ANGEL-1-3391-460x259.jpg\" alt=\"\" width=\"460\" height=\"259\" srcset=\"https:\/\/www.diarioimagen.net\/wp-content\/uploads\/2018\/06\/ANGEL-1-3391-460x259.jpg 460w, https:\/\/www.diarioimagen.net\/wp-content\/uploads\/2018\/06\/ANGEL-1-3391-240x135.jpg 240w, https:\/\/www.diarioimagen.net\/wp-content\/uploads\/2018\/06\/ANGEL-1-3391-235x132.jpg 235w, https:\/\/www.diarioimagen.net\/wp-content\/uploads\/2018\/06\/ANGEL-1-3391-202x114.jpg 202w, https:\/\/www.diarioimagen.net\/wp-content\/uploads\/2018\/06\/ANGEL-1-3391-350x196.jpg 350w, https:\/\/www.diarioimagen.net\/wp-content\/uploads\/2018\/06\/ANGEL-1-3391-220x123.jpg 220w, https:\/\/www.diarioimagen.net\/wp-content\/uploads\/2018\/06\/ANGEL-1-3391-237x132.jpg 237w, https:\/\/www.diarioimagen.net\/wp-content\/uploads\/2018\/06\/ANGEL-1-3391.jpg 480w\" sizes=\"auto, (max-width: 460px) 100vw, 460px\" \/><\/a><p id=\"caption-attachment-381395\" class=\"wp-caption-text\"><strong>M\u00c9XICO, EN LA CABEZA DEL GRUPO F.<\/strong> Gracias al gol de Hirving \u201cChucky\u201d Lozano, M\u00e9xico se ubica a la cabeza del grupo F, integrado por Corea del Sur y Suecia.<strong style=\"font-size: 16px;\">\u00a0<\/strong><\/p><\/div>\n<p>&nbsp;<\/p>\n","protected":false},"excerpt":{"rendered":"<p><span style=\"color: #005497;\">Gloria Carpio<\/span><br \/>\n<br \/>\nAunque Alemania iba arriba en las encuestas para triunfar en su primer partido del Mundial 2018, M\u00e9xico logr\u00f3 un partido hist\u00f3rico, al ganarle al campe\u00f3n del mundo por 1 gol a 0, siendo el h\u00e9roe de la pel\u00edcula el portero del Tri, \u201cMemo\u201d Ochoa.<\/p>\n","protected":false},"author":3,"featured_media":381385,"comment_status":"open","ping_status":"open","sticky":false,"template":"","format":"standard","meta":{"_monsterinsights_skip_tracking":false,"_monsterinsights_sitenote_active":false,"_monsterinsights_sitenote_note":"","_monsterinsights_sitenote_category":0,"footnotes":""},"categories":[10],"tags":[853,7753,74991,44,48496],"class_list":["post-381320","post","type-post","status-publish","format-standard","has-post-thumbnail","hentry","category-deportes","tag-alemania","tag-angel-de-la-independencia","tag-historico","tag-mexico","tag-triunfo"],"_links":{"self":[{"href":"https:\/\/www.diarioimagen.net\/index.php?rest_route=\/wp\/v2\/posts\/381320","targetHints":{"allow":["GET"]}}],"collection":[{"href":"https:\/\/www.diarioimagen.net\/index.php?rest_route=\/wp\/v2\/posts"}],"about":[{"href":"https:\/\/www.diarioimagen.net\/index.php?rest_route=\/wp\/v2\/types\/post"}],"author":[{"embeddable":true,"href":"https:\/\/www.diarioimagen.net\/index.php?rest_route=\/wp\/v2\/users\/3"}],"replies":[{"embeddable":true,"href":"https:\/\/www.diarioimagen.net\/index.php?rest_route=%2Fwp%2Fv2%2Fcomments&post=381320"}],"version-history":[{"count":0,"href":"https:\/\/www.diarioimagen.net\/index.php?rest_route=\/wp\/v2\/posts\/381320\/revisions"}],"wp:featuredmedia":[{"embeddable":true,"href":"https:\/\/www.diarioimagen.net\/index.php?rest_route=\/wp\/v2\/media\/381385"}],"wp:attachment":[{"href":"https:\/\/www.diarioimagen.net\/index.php?rest_route=%2Fwp%2Fv2%2Fmedia&parent=381320"}],"wp:term":[{"taxonomy":"category","embeddable":true,"href":"https:\/\/www.diarioimagen.net\/index.php?rest_route=%2Fwp%2Fv2%2Fcategories&post=381320"},{"taxonomy":"post_tag","embeddable":true,"href":"https:\/\/www.diarioimagen.net\/index.php?rest_route=%2Fwp%2Fv2%2Ftags&post=381320"}],"curies":[{"name":"wp","href":"https:\/\/api.w.org\/{rel}","templated":true}]}}