{"id":381322,"date":"2018-06-18T00:11:28","date_gmt":"2018-06-18T05:11:28","guid":{"rendered":"http:\/\/www.diarioimagen.net\/?p=381322"},"modified":"2018-06-18T05:11:12","modified_gmt":"2018-06-18T10:11:12","slug":"suiza-apaga-a-brasil-le-saca-empate-a-1","status":"publish","type":"post","link":"https:\/\/www.diarioimagen.net\/?p=381322","title":{"rendered":"Suiza apaga a Brasil; le saca empate a 1"},"content":{"rendered":"<ul>\n<li><em><strong>Con todo y Neymar<\/strong><\/em><\/li>\n<li><em><strong>El astro carioca demostr\u00f3 que a\u00fan no se ha recuperado del todo de la lesi\u00f3n en el tobillo que le tuvo fuera de los terrenos de juego durante casi tres meses<\/strong><\/em><\/li>\n<\/ul>\n<p>&nbsp;<\/p>\n<p><a href=\"http:\/\/www.diarioimagen.net\/?attachment_id=381408\" rel=\"attachment wp-att-381408\"><img loading=\"lazy\" decoding=\"async\" class=\"aligncenter size-large wp-image-381408\" src=\"http:\/\/www.diarioimagen.net\/wp-content\/uploads\/2018\/06\/BRASIL-3391-460x307.jpg\" alt=\"\" width=\"460\" height=\"307\" srcset=\"https:\/\/www.diarioimagen.net\/wp-content\/uploads\/2018\/06\/BRASIL-3391-460x307.jpg 460w, https:\/\/www.diarioimagen.net\/wp-content\/uploads\/2018\/06\/BRASIL-3391-240x160.jpg 240w, https:\/\/www.diarioimagen.net\/wp-content\/uploads\/2018\/06\/BRASIL-3391.jpg 700w\" sizes=\"auto, (max-width: 460px) 100vw, 460px\" \/><\/a><\/p>\n<p>&nbsp;<\/p>\n<p>Con todo y Neymar de inicio, la selecci\u00f3n brasile\u00f1a comenz\u00f3 su participaci\u00f3n en el Mundial 2018 con un empate de 1-1 ante Suiza, en juego que dirigi\u00f3 el \u00e1rbitro mexicano C\u00e9sar Ramos.<\/p>\n<p>Philippe Coutinho logr\u00f3 un golazo que puso adelante al pentacampe\u00f3n del mundo, pero Steven Zuber igual\u00f3 al 50\u2019. El tanto de los europeos no debi\u00f3 contar ya que el atacante empuj\u00f3 al defensa sudamericano, pero el juez tricolor, que hizo su debut mundialista, marc\u00f3 el gol y no se revis\u00f3 la jugada en el Var.<\/p>\n<p>Tambi\u00e9n hubo pol\u00e9mica por un posible penal a favor de Brasil en el segundo tiempo, pero no se marc\u00f3.<\/p>\n<p>Con esto, Brasil y Suiza suman su primer punto en el Grupo E, el cual comanda Serbia, luego de vencer m\u00e1s temprano a Costa Rica.<\/p>\n","protected":false},"excerpt":{"rendered":"<p>Con todo y Neymar de inicio, la selecci\u00f3n brasile\u00f1a comenz\u00f3 su participaci\u00f3n en el Mundial 2018 con un empate de 1-1 ante Suiza, en juego que dirigi\u00f3 el \u00e1rbitro mexicano C\u00e9sar Ramos. Philippe Coutinho logr\u00f3 un golazo que puso adelante al pentacampe\u00f3n del mundo, pero Steven Zuber igual\u00f3 al 50\u2019. El tanto de los europeos no debi\u00f3 contar ya que el atacante empuj\u00f3 al defensa sudamericano, pero el juez tricolor, que hizo su debut mundialista, marc\u00f3 el gol y no se revis\u00f3 la jugada en el Var.<\/p>\n","protected":false},"author":3,"featured_media":381408,"comment_status":"open","ping_status":"open","sticky":false,"template":"","format":"standard","meta":{"_monsterinsights_skip_tracking":false,"_monsterinsights_sitenote_active":false,"_monsterinsights_sitenote_note":"","_monsterinsights_sitenote_category":0,"footnotes":""},"categories":[10],"tags":[4728,43680,21868,1194],"class_list":["post-381322","post","type-post","status-publish","format-standard","has-post-thumbnail","hentry","category-deportes","tag-brasil","tag-deportes","tag-empate","tag-suiza"],"_links":{"self":[{"href":"https:\/\/www.diarioimagen.net\/index.php?rest_route=\/wp\/v2\/posts\/381322","targetHints":{"allow":["GET"]}}],"collection":[{"href":"https:\/\/www.diarioimagen.net\/index.php?rest_route=\/wp\/v2\/posts"}],"about":[{"href":"https:\/\/www.diarioimagen.net\/index.php?rest_route=\/wp\/v2\/types\/post"}],"author":[{"embeddable":true,"href":"https:\/\/www.diarioimagen.net\/index.php?rest_route=\/wp\/v2\/users\/3"}],"replies":[{"embeddable":true,"href":"https:\/\/www.diarioimagen.net\/index.php?rest_route=%2Fwp%2Fv2%2Fcomments&post=381322"}],"version-history":[{"count":0,"href":"https:\/\/www.diarioimagen.net\/index.php?rest_route=\/wp\/v2\/posts\/381322\/revisions"}],"wp:featuredmedia":[{"embeddable":true,"href":"https:\/\/www.diarioimagen.net\/index.php?rest_route=\/wp\/v2\/media\/381408"}],"wp:attachment":[{"href":"https:\/\/www.diarioimagen.net\/index.php?rest_route=%2Fwp%2Fv2%2Fmedia&parent=381322"}],"wp:term":[{"taxonomy":"category","embeddable":true,"href":"https:\/\/www.diarioimagen.net\/index.php?rest_route=%2Fwp%2Fv2%2Fcategories&post=381322"},{"taxonomy":"post_tag","embeddable":true,"href":"https:\/\/www.diarioimagen.net\/index.php?rest_route=%2Fwp%2Fv2%2Ftags&post=381322"}],"curies":[{"name":"wp","href":"https:\/\/api.w.org\/{rel}","templated":true}]}}