{"id":381324,"date":"2018-06-18T00:10:47","date_gmt":"2018-06-18T05:10:47","guid":{"rendered":"http:\/\/www.diarioimagen.net\/?p=381324"},"modified":"2018-06-18T04:45:44","modified_gmt":"2018-06-18T09:45:44","slug":"costa-rica-cae-0-1-ante-serbia","status":"publish","type":"post","link":"https:\/\/www.diarioimagen.net\/?p=381324","title":{"rendered":"Costa Rica cae 0-1 ante Serbia"},"content":{"rendered":"<ul>\n<li><strong><em>Triunfal debut en la Copa Mundial Rusia 2018<\/em><\/strong><\/li>\n<\/ul>\n<p>&nbsp;<\/p>\n<p><a href=\"http:\/\/www.diarioimagen.net\/?attachment_id=381411\" rel=\"attachment wp-att-381411\"><img loading=\"lazy\" decoding=\"async\" class=\"aligncenter size-large wp-image-381411\" src=\"http:\/\/www.diarioimagen.net\/wp-content\/uploads\/2018\/06\/COSTA-3391-460x306.jpg\" alt=\"\" width=\"460\" height=\"306\" srcset=\"https:\/\/www.diarioimagen.net\/wp-content\/uploads\/2018\/06\/COSTA-3391-460x306.jpg 460w, https:\/\/www.diarioimagen.net\/wp-content\/uploads\/2018\/06\/COSTA-3391-240x160.jpg 240w, https:\/\/www.diarioimagen.net\/wp-content\/uploads\/2018\/06\/COSTA-3391-768x512.jpg 768w, https:\/\/www.diarioimagen.net\/wp-content\/uploads\/2018\/06\/COSTA-3391.jpg 800w\" sizes=\"auto, (max-width: 460px) 100vw, 460px\" \/><\/a><\/p>\n<p>&nbsp;<\/p>\n<p>Golazo de Aleksandar Kolarov dio este domingo a Serbia un triunfal debut en la Copa Mundial Rusia 2018, al ganar por 1-0 a una selecci\u00f3n de Costa Rica, que sigue inmersa en una crisis de resultados negativos y criticable funcionamiento.<\/p>\n<p>La anotaci\u00f3n de Kolarov se registr\u00f3 en el minuto 26, mediante disparo a bal\u00f3n parado, para poner a las \u201c\u00c1guilas Blancas\u201d en primer lugar del Grupo E, con tres puntos, y a los \u201cticos\u201d en el s\u00f3tano, con cero.<\/p>\n<p>Hasta el minuto siete tuvo un poco de claridad el cuadro centroamericano, con Giancarlo Gonz\u00e1lez con dos oportunidades de abrir el marcador y despu\u00e9s hubo momentos sosos por ambos equipos, aunque con ligero dominio de bal\u00f3n de las \u201c\u00c1guilas Blancas\u201d. Los serbios llegaron a la puerta de los centroamericanos en el minuto 27, mediante Sergej Milinkovic-Savic, quien baj\u00f3 un centro y luego dispar\u00f3 por abajo, pero Keylor Navas sali\u00f3 a tiempo y realiz\u00f3 grandiosa tapada.<\/p>\n<p>El cierre de los \u201cTicos\u201d fue con entusiasmo, sin claridad ofensiva, pero con presencia en el \u00e1rea de los contrarios, que se defendieron ante unos impulsivos atacantes que no pudieron evitar el rev\u00e9s.<\/p>\n","protected":false},"excerpt":{"rendered":"<p>Golazo de Aleksandar Kolarov dio este domingo a Serbia un triunfal debut en la Copa Mundial Rusia 2018, al ganar por 1-0 a una selecci\u00f3n de Costa Rica, que sigue inmersa en una crisis de resultados negativos y criticable funcionamiento.<\/p>\n","protected":false},"author":3,"featured_media":381411,"comment_status":"open","ping_status":"open","sticky":false,"template":"","format":"standard","meta":{"_monsterinsights_skip_tracking":false,"_monsterinsights_sitenote_active":false,"_monsterinsights_sitenote_note":"","_monsterinsights_sitenote_category":0,"footnotes":""},"categories":[10],"tags":[3909,43680,5587],"class_list":["post-381324","post","type-post","status-publish","format-standard","has-post-thumbnail","hentry","category-deportes","tag-costa-rica","tag-deportes","tag-serbia"],"_links":{"self":[{"href":"https:\/\/www.diarioimagen.net\/index.php?rest_route=\/wp\/v2\/posts\/381324","targetHints":{"allow":["GET"]}}],"collection":[{"href":"https:\/\/www.diarioimagen.net\/index.php?rest_route=\/wp\/v2\/posts"}],"about":[{"href":"https:\/\/www.diarioimagen.net\/index.php?rest_route=\/wp\/v2\/types\/post"}],"author":[{"embeddable":true,"href":"https:\/\/www.diarioimagen.net\/index.php?rest_route=\/wp\/v2\/users\/3"}],"replies":[{"embeddable":true,"href":"https:\/\/www.diarioimagen.net\/index.php?rest_route=%2Fwp%2Fv2%2Fcomments&post=381324"}],"version-history":[{"count":0,"href":"https:\/\/www.diarioimagen.net\/index.php?rest_route=\/wp\/v2\/posts\/381324\/revisions"}],"wp:featuredmedia":[{"embeddable":true,"href":"https:\/\/www.diarioimagen.net\/index.php?rest_route=\/wp\/v2\/media\/381411"}],"wp:attachment":[{"href":"https:\/\/www.diarioimagen.net\/index.php?rest_route=%2Fwp%2Fv2%2Fmedia&parent=381324"}],"wp:term":[{"taxonomy":"category","embeddable":true,"href":"https:\/\/www.diarioimagen.net\/index.php?rest_route=%2Fwp%2Fv2%2Fcategories&post=381324"},{"taxonomy":"post_tag","embeddable":true,"href":"https:\/\/www.diarioimagen.net\/index.php?rest_route=%2Fwp%2Fv2%2Ftags&post=381324"}],"curies":[{"name":"wp","href":"https:\/\/api.w.org\/{rel}","templated":true}]}}