{"id":381335,"date":"2018-06-18T00:08:07","date_gmt":"2018-06-18T05:08:07","guid":{"rendered":"http:\/\/www.diarioimagen.net\/?p=381335"},"modified":"2018-06-18T04:54:38","modified_gmt":"2018-06-18T09:54:38","slug":"transportistas-ratifican-apoyo-a-oropeza-y-a-olvera","status":"publish","type":"post","link":"https:\/\/www.diarioimagen.net\/?p=381335","title":{"rendered":"Transportistas ratifican apoyo a Oropeza y a Olvera"},"content":{"rendered":"<p><a href=\"http:\/\/www.diarioimagen.net\/?attachment_id=381417\" rel=\"attachment wp-att-381417\"><img loading=\"lazy\" decoding=\"async\" class=\"aligncenter size-large wp-image-381417\" src=\"http:\/\/www.diarioimagen.net\/wp-content\/uploads\/2018\/06\/NAUCALPAN-1-3391-460x259.jpg\" alt=\"\" width=\"460\" height=\"259\" srcset=\"https:\/\/www.diarioimagen.net\/wp-content\/uploads\/2018\/06\/NAUCALPAN-1-3391-460x259.jpg 460w, https:\/\/www.diarioimagen.net\/wp-content\/uploads\/2018\/06\/NAUCALPAN-1-3391-240x135.jpg 240w, https:\/\/www.diarioimagen.net\/wp-content\/uploads\/2018\/06\/NAUCALPAN-1-3391-235x132.jpg 235w, https:\/\/www.diarioimagen.net\/wp-content\/uploads\/2018\/06\/NAUCALPAN-1-3391-202x114.jpg 202w, https:\/\/www.diarioimagen.net\/wp-content\/uploads\/2018\/06\/NAUCALPAN-1-3391-350x196.jpg 350w, https:\/\/www.diarioimagen.net\/wp-content\/uploads\/2018\/06\/NAUCALPAN-1-3391-220x123.jpg 220w, https:\/\/www.diarioimagen.net\/wp-content\/uploads\/2018\/06\/NAUCALPAN-1-3391-237x132.jpg 237w, https:\/\/www.diarioimagen.net\/wp-content\/uploads\/2018\/06\/NAUCALPAN-1-3391.jpg 480w\" sizes=\"auto, (max-width: 460px) 100vw, 460px\" \/><\/a><\/p>\n<p>&nbsp;<\/p>\n<p><strong>Naucalpan, Estado de M\u00e9xico<\/strong>.- Cientos de transportistas de cinco organizaciones que tienen derroteros en Naucalpan, externaron su apoyo y el de sus familias a los candidatos Alfredo Oropeza y Edgar Olvera Higuera. Reunidos en las instalaciones deportivas de Santa Cruz Acatl\u00e1n, centenares de operadores, concesionarios y dirigentes de las asociaciones Triple A, Grupo Gema, UTEM, Alianza de Transportistas, Grupo Transportistas de Naucalpan, se comprometieron a contribuir con sus familias al triunfo de Oropeza para la alcald\u00eda y de Edgar Olvera para la diputaci\u00f3n local del Distrito XXIX. A su vez ambos candidatos tambi\u00e9n propusieron buscar mejoras en vialidades y servicios que beneficiar\u00e1n a los transportistas.<\/p>\n<p>&nbsp;<\/p>\n","protected":false},"excerpt":{"rendered":"<p>Cientos de transportistas de cinco organizaciones que tienen derroteros en Naucalpan, externaron su apoyo y el de sus familias a los candidatos Alfredo Oropeza y Edgar Olvera Higuera. Reunidos en las instalaciones deportivas de Santa Cruz Acatl\u00e1n, centenares de operadores, concesionarios y dirigentes de las asociaciones Triple A.<\/p>\n","protected":false},"author":3,"featured_media":381417,"comment_status":"open","ping_status":"open","sticky":false,"template":"","format":"standard","meta":{"_monsterinsights_skip_tracking":false,"_monsterinsights_sitenote_active":false,"_monsterinsights_sitenote_note":"","_monsterinsights_sitenote_category":0,"footnotes":""},"categories":[35155],"tags":[43675,970,64035],"class_list":["post-381335","post","type-post","status-publish","format-standard","has-post-thumbnail","hentry","category-estado-de-mexico-estado-de-mexico","tag-estado-de-mexico","tag-naucalpan","tag-ratifican"],"_links":{"self":[{"href":"https:\/\/www.diarioimagen.net\/index.php?rest_route=\/wp\/v2\/posts\/381335","targetHints":{"allow":["GET"]}}],"collection":[{"href":"https:\/\/www.diarioimagen.net\/index.php?rest_route=\/wp\/v2\/posts"}],"about":[{"href":"https:\/\/www.diarioimagen.net\/index.php?rest_route=\/wp\/v2\/types\/post"}],"author":[{"embeddable":true,"href":"https:\/\/www.diarioimagen.net\/index.php?rest_route=\/wp\/v2\/users\/3"}],"replies":[{"embeddable":true,"href":"https:\/\/www.diarioimagen.net\/index.php?rest_route=%2Fwp%2Fv2%2Fcomments&post=381335"}],"version-history":[{"count":0,"href":"https:\/\/www.diarioimagen.net\/index.php?rest_route=\/wp\/v2\/posts\/381335\/revisions"}],"wp:featuredmedia":[{"embeddable":true,"href":"https:\/\/www.diarioimagen.net\/index.php?rest_route=\/wp\/v2\/media\/381417"}],"wp:attachment":[{"href":"https:\/\/www.diarioimagen.net\/index.php?rest_route=%2Fwp%2Fv2%2Fmedia&parent=381335"}],"wp:term":[{"taxonomy":"category","embeddable":true,"href":"https:\/\/www.diarioimagen.net\/index.php?rest_route=%2Fwp%2Fv2%2Fcategories&post=381335"},{"taxonomy":"post_tag","embeddable":true,"href":"https:\/\/www.diarioimagen.net\/index.php?rest_route=%2Fwp%2Fv2%2Ftags&post=381335"}],"curies":[{"name":"wp","href":"https:\/\/api.w.org\/{rel}","templated":true}]}}