{"id":381338,"date":"2018-06-18T00:07:28","date_gmt":"2018-06-18T05:07:28","guid":{"rendered":"http:\/\/www.diarioimagen.net\/?p=381338"},"modified":"2018-06-18T04:57:21","modified_gmt":"2018-06-18T09:57:21","slug":"pedro-rodriguez-festeja-a-los-papas-y-se-suma-a-la-fiebre-del-mundial","status":"publish","type":"post","link":"https:\/\/www.diarioimagen.net\/?p=381338","title":{"rendered":"Pedro Rodr\u00edguez festeja a los pap\u00e1s y se suma a la \u201cfiebre\u201d del Mundial"},"content":{"rendered":"<ul>\n<li><strong><em>Lo reconocen l\u00edderes de nuevos asentamientos en Atizap\u00e1n<\/em><\/strong><\/li>\n<\/ul>\n<p>&nbsp;<\/p>\n<p><a href=\"http:\/\/www.diarioimagen.net\/?attachment_id=381420\" rel=\"attachment wp-att-381420\"><img loading=\"lazy\" decoding=\"async\" class=\"aligncenter size-large wp-image-381420\" src=\"http:\/\/www.diarioimagen.net\/wp-content\/uploads\/2018\/06\/pedro-3391-460x344.jpg\" alt=\"\" width=\"460\" height=\"344\" srcset=\"https:\/\/www.diarioimagen.net\/wp-content\/uploads\/2018\/06\/pedro-3391-460x344.jpg 460w, https:\/\/www.diarioimagen.net\/wp-content\/uploads\/2018\/06\/pedro-3391-240x179.jpg 240w, https:\/\/www.diarioimagen.net\/wp-content\/uploads\/2018\/06\/pedro-3391.jpg 700w\" sizes=\"auto, (max-width: 460px) 100vw, 460px\" \/><\/a><\/p>\n<p>&nbsp;<\/p>\n<p><strong>Atizap\u00e1n, Estado de M\u00e9xico<\/strong>.- Con motivo del D\u00eda del Padre y sum\u00e1ndose a la fiebre mundialista, el candidato por la alcald\u00eda de Atizap\u00e1n de Zaragoza\u00a0 del Partido Verde, Pedro Rodr\u00edguez, organiz\u00f3 un acto para festejar a los pap\u00e1s y al mismo tiempo ver el primer juego de la Selecci\u00f3n Mexicana.<\/p>\n<p>Antes de dar inicio con el festejo el abanderado felicit\u00f3 a todos los padres y dijo reafirm\u00f3 que su festejo es tan importante como el del D\u00eda de las Madres. Realiz\u00f3 una analog\u00eda con el futbol donde vemos la importancia del trabajo en conjunto, de la complicidad, de la comunicaci\u00f3n, pues son 11 jugadores en diferentes posiciones: delanteros, defensas, porteros, medios y centros trabajando cada uno desde su trinchera pero bajo el mismo objetivo, triunfar.<\/p>\n<p>El abanderando pidi\u00f3 el apoyo de lo pap\u00e1s, para que Atizap\u00e1n sea un municipio que promueva el deporte con espacios para que nuestros hijos exploten sus habilidades y lleven una vida sana alejada de todo vicios.<\/p>\n<p>Entre los ejes rectores que el candidato verde incluir\u00e1 dentro de la que podr\u00eda ser su administraci\u00f3n se encuentran los siguientes:<\/p>\n<p>Dignificar la labor de nuestros polic\u00edas, con capacitaci\u00f3n, equipamiento y salarios bien remunerados. Con un seguro de vida que los proteja a ellos y a sus familias mientras desempe\u00f1an de manera valiente y responsable su trabajo.<\/p>\n<p>Incluir el talento y creatividad de los j\u00f3venes, por eso abriremos espacios de trabajo en la Administraci\u00f3n Municipal para ellos.<\/p>\n<p>Lanzeremos una aplicaci\u00f3n m\u00f3vil del Servicio Municipal de Empleo, para consulta de ofertas de trabajo.<\/p>\n<p>Haremos la primera incubadora y aceleradora de negocios para convertir a Atizap\u00e1n en un Municipio Emprendedor.<\/p>\n<p>Con el apoyo de expertos acad\u00e9micos, empresarios y ciudadanos, elegiremos ternas con los mejores perfiles para ocupar las Direcciones de Desarrollo Econ\u00f3mico, de Desarrollo Urbano y del Deporte.<\/p>\n<p>Vamos a tener un gobierno digital para la gesti\u00f3n de tr\u00e1mites, servicios y para hacer un gobierno transparente donde cada licitaci\u00f3n y contrato sea p\u00fablico y se pueda consultar en el portal de internet.<\/p>\n","protected":false},"excerpt":{"rendered":"<p>Con motivo del D\u00eda del Padre y sum\u00e1ndose a la fiebre mundialista, el candidato por la alcald\u00eda de Atizap\u00e1n de Zaragoza  del Partido Verde, Pedro Rodr\u00edguez, organiz\u00f3 un acto para festejar a los pap\u00e1s y al mismo tiempo ver el primer juego de la Selecci\u00f3n Mexicana.<\/p>\n","protected":false},"author":3,"featured_media":381420,"comment_status":"open","ping_status":"open","sticky":false,"template":"","format":"standard","meta":{"_monsterinsights_skip_tracking":false,"_monsterinsights_sitenote_active":false,"_monsterinsights_sitenote_note":"","_monsterinsights_sitenote_category":0,"footnotes":""},"categories":[35155],"tags":[969,6523,43675,74994],"class_list":["post-381338","post","type-post","status-publish","format-standard","has-post-thumbnail","hentry","category-estado-de-mexico-estado-de-mexico","tag-atizapan","tag-dia-del-padre","tag-estado-de-mexico","tag-papas"],"_links":{"self":[{"href":"https:\/\/www.diarioimagen.net\/index.php?rest_route=\/wp\/v2\/posts\/381338","targetHints":{"allow":["GET"]}}],"collection":[{"href":"https:\/\/www.diarioimagen.net\/index.php?rest_route=\/wp\/v2\/posts"}],"about":[{"href":"https:\/\/www.diarioimagen.net\/index.php?rest_route=\/wp\/v2\/types\/post"}],"author":[{"embeddable":true,"href":"https:\/\/www.diarioimagen.net\/index.php?rest_route=\/wp\/v2\/users\/3"}],"replies":[{"embeddable":true,"href":"https:\/\/www.diarioimagen.net\/index.php?rest_route=%2Fwp%2Fv2%2Fcomments&post=381338"}],"version-history":[{"count":0,"href":"https:\/\/www.diarioimagen.net\/index.php?rest_route=\/wp\/v2\/posts\/381338\/revisions"}],"wp:featuredmedia":[{"embeddable":true,"href":"https:\/\/www.diarioimagen.net\/index.php?rest_route=\/wp\/v2\/media\/381420"}],"wp:attachment":[{"href":"https:\/\/www.diarioimagen.net\/index.php?rest_route=%2Fwp%2Fv2%2Fmedia&parent=381338"}],"wp:term":[{"taxonomy":"category","embeddable":true,"href":"https:\/\/www.diarioimagen.net\/index.php?rest_route=%2Fwp%2Fv2%2Fcategories&post=381338"},{"taxonomy":"post_tag","embeddable":true,"href":"https:\/\/www.diarioimagen.net\/index.php?rest_route=%2Fwp%2Fv2%2Ftags&post=381338"}],"curies":[{"name":"wp","href":"https:\/\/api.w.org\/{rel}","templated":true}]}}