{"id":381452,"date":"2018-06-19T00:10:49","date_gmt":"2018-06-19T05:10:49","guid":{"rendered":"http:\/\/www.diarioimagen.net\/?p=381452"},"modified":"2018-06-20T00:51:18","modified_gmt":"2018-06-20T05:51:18","slug":"suspende-mexicable-operacion-para-atender-reduccion-de-velocidad","status":"publish","type":"post","link":"https:\/\/www.diarioimagen.net\/?p=381452","title":{"rendered":"Reactiva Mexicable operaciones y servicio a usuarios"},"content":{"rendered":"<ul>\n<li><em><strong>Corrigen la reducci\u00f3n de velocidad en el Sistema <\/strong><\/em><\/li>\n<\/ul>\n<p>&nbsp;<\/p>\n<div id=\"attachment_381474\" style=\"width: 470px\" class=\"wp-caption aligncenter\"><img loading=\"lazy\" decoding=\"async\" aria-describedby=\"caption-attachment-381474\" class=\"size-large wp-image-381474\" src=\"http:\/\/www.diarioimagen.net\/wp-content\/uploads\/2018\/06\/MEXICABLE19ok-portal-460x268.jpg\" alt=\"\" width=\"460\" height=\"268\" srcset=\"https:\/\/www.diarioimagen.net\/wp-content\/uploads\/2018\/06\/MEXICABLE19ok-portal-460x268.jpg 460w, https:\/\/www.diarioimagen.net\/wp-content\/uploads\/2018\/06\/MEXICABLE19ok-portal-240x140.jpg 240w, https:\/\/www.diarioimagen.net\/wp-content\/uploads\/2018\/06\/MEXICABLE19ok-portal.jpg 480w\" sizes=\"auto, (max-width: 460px) 100vw, 460px\" \/><p id=\"caption-attachment-381474\" class=\"wp-caption-text\">Se realizaron las pruebas finales para abrir de nuevo el servicio del Mexicable a los pasajeros.<\/p><\/div>\n<p>&nbsp;<\/p>\n<p><strong>Ecatepec, Estado de M\u00e9xico<\/strong>.- Tras resolver la reducci\u00f3n de velocidad que se reportaba la ma\u00f1ana de este lunes, provocada por las lluvias at\u00edpicas del fin de semana, el Sistema de Transporte Masivo y Telef\u00e9rico del Estado de M\u00e9xico normaliz\u00f3 a las 14:00 horas la operaci\u00f3n del Mexicable.<\/p>\n<p>Personal del Telef\u00e9rico report\u00f3 una reducci\u00f3n en la velocidad de las g\u00f3ndolas, registrada en el poste 33, por lo que se decidi\u00f3 suspender el servicio, aun cuando esta falla no representaba ning\u00fan riesgo para los pasajeros.<\/p>\n<p>Los t\u00e9cnicos del Sistema trabajaron desde la ma\u00f1ana, y tras reparar la condici\u00f3n que generaba la reducci\u00f3n de velocidad, se realizaron las pruebas finales para abrir de nuevo el servicio a los pasajeros.<\/p>\n<p>A lo largo de seis horas, un total de 1 mil 950 usuarios del Telef\u00e9rico recibieron apoyo a trav\u00e9s de dos unidades para no verse afectados en sus traslados a sus actividades cotidianas.<\/p>\n","protected":false},"excerpt":{"rendered":"<p>Tras resolver la reducci\u00f3n de velocidad que se reportaba la ma\u00f1ana de este lunes, provocada por las lluvias at\u00edpicas del fin de semana, el Sistema de Transporte Masivo y Telef\u00e9rico del Estado de M\u00e9xico normaliz\u00f3 a las 14:00 horas la operaci\u00f3n del Mexicable.<\/p>\n","protected":false},"author":5,"featured_media":381474,"comment_status":"open","ping_status":"open","sticky":false,"template":"","format":"standard","meta":{"_monsterinsights_skip_tracking":false,"_monsterinsights_sitenote_active":false,"_monsterinsights_sitenote_note":"","_monsterinsights_sitenote_category":0,"footnotes":""},"categories":[35155],"tags":[454,43675],"class_list":["post-381452","post","type-post","status-publish","format-standard","has-post-thumbnail","hentry","category-estado-de-mexico-estado-de-mexico","tag-ecatepec","tag-estado-de-mexico"],"_links":{"self":[{"href":"https:\/\/www.diarioimagen.net\/index.php?rest_route=\/wp\/v2\/posts\/381452","targetHints":{"allow":["GET"]}}],"collection":[{"href":"https:\/\/www.diarioimagen.net\/index.php?rest_route=\/wp\/v2\/posts"}],"about":[{"href":"https:\/\/www.diarioimagen.net\/index.php?rest_route=\/wp\/v2\/types\/post"}],"author":[{"embeddable":true,"href":"https:\/\/www.diarioimagen.net\/index.php?rest_route=\/wp\/v2\/users\/5"}],"replies":[{"embeddable":true,"href":"https:\/\/www.diarioimagen.net\/index.php?rest_route=%2Fwp%2Fv2%2Fcomments&post=381452"}],"version-history":[{"count":0,"href":"https:\/\/www.diarioimagen.net\/index.php?rest_route=\/wp\/v2\/posts\/381452\/revisions"}],"wp:featuredmedia":[{"embeddable":true,"href":"https:\/\/www.diarioimagen.net\/index.php?rest_route=\/wp\/v2\/media\/381474"}],"wp:attachment":[{"href":"https:\/\/www.diarioimagen.net\/index.php?rest_route=%2Fwp%2Fv2%2Fmedia&parent=381452"}],"wp:term":[{"taxonomy":"category","embeddable":true,"href":"https:\/\/www.diarioimagen.net\/index.php?rest_route=%2Fwp%2Fv2%2Fcategories&post=381452"},{"taxonomy":"post_tag","embeddable":true,"href":"https:\/\/www.diarioimagen.net\/index.php?rest_route=%2Fwp%2Fv2%2Ftags&post=381452"}],"curies":[{"name":"wp","href":"https:\/\/api.w.org\/{rel}","templated":true}]}}