{"id":381458,"date":"2018-06-19T00:09:16","date_gmt":"2018-06-19T05:09:16","guid":{"rendered":"http:\/\/www.diarioimagen.net\/?p=381458"},"modified":"2018-06-18T23:23:56","modified_gmt":"2018-06-19T04:23:56","slug":"suecia-gana-1-0-a-corea-del-sur","status":"publish","type":"post","link":"https:\/\/www.diarioimagen.net\/?p=381458","title":{"rendered":"Suecia gana 1-0 a Corea del Sur"},"content":{"rendered":"<ul>\n<li><strong><em>Ahora van contra Alemania<\/em><\/strong><\/li>\n<\/ul>\n<p>&nbsp;<\/p>\n<div id=\"attachment_381459\" style=\"width: 470px\" class=\"wp-caption aligncenter\"><img loading=\"lazy\" decoding=\"async\" aria-describedby=\"caption-attachment-381459\" class=\"wp-image-381459 size-large\" src=\"http:\/\/www.diarioimagen.net\/wp-content\/uploads\/2018\/06\/COREA-PORTAL-460x268.jpg\" alt=\"\" width=\"460\" height=\"268\" srcset=\"https:\/\/www.diarioimagen.net\/wp-content\/uploads\/2018\/06\/COREA-PORTAL-460x268.jpg 460w, https:\/\/www.diarioimagen.net\/wp-content\/uploads\/2018\/06\/COREA-PORTAL-240x140.jpg 240w, https:\/\/www.diarioimagen.net\/wp-content\/uploads\/2018\/06\/COREA-PORTAL.jpg 480w\" sizes=\"auto, (max-width: 460px) 100vw, 460px\" \/><p id=\"caption-attachment-381459\" class=\"wp-caption-text\">Suecia debut\u00f3 con el pie derecho con un triunfo por la m\u00ednima diferencia sobre Corea del Sur.<\/p><\/div>\n<p>&nbsp;<\/p>\n<p>La selecci\u00f3n de Suecia debut\u00f3 en la Copa del Mundo Rusia 2018 con un triunfo por la m\u00ednima diferencia sobre Corea del Sur, en juego correspondiente al Grupo F.<\/p>\n<p>El gol de la diferencia de este duelo disputado en el estadio de Nizhni Novgorod fue obra de Andreas Granqvist por la v\u00eda del penal al minuto 65. Con este resultado los europeos llegaron a tres unidades; los asi\u00e1ticos se quedaron en cero.<\/p>\n<p>El siguiente partido de los escandinavos ser\u00e1 frente a Alemania, mientras que los \u201cTigres de Oriente\u201d har\u00e1n lo propio con el representativo de M\u00e9xico.<\/p>\n","protected":false},"excerpt":{"rendered":"<p>La selecci\u00f3n de Suecia debut\u00f3 en la Copa del Mundo Rusia 2018 con un triunfo por la m\u00ednima diferencia sobre Corea del Sur, en juego correspondiente al Grupo F.<\/p>\n","protected":false},"author":5,"featured_media":381459,"comment_status":"open","ping_status":"open","sticky":false,"template":"","format":"standard","meta":{"_monsterinsights_skip_tracking":false,"_monsterinsights_sitenote_active":false,"_monsterinsights_sitenote_note":"","_monsterinsights_sitenote_category":0,"footnotes":""},"categories":[10],"tags":[68470,7265,43680,75007],"class_list":["post-381458","post","type-post","status-publish","format-standard","has-post-thumbnail","hentry","category-deportes","tag-copa-del-mundo-rusia-2018","tag-corea-del-sur","tag-deportes","tag-grupo-f"],"_links":{"self":[{"href":"https:\/\/www.diarioimagen.net\/index.php?rest_route=\/wp\/v2\/posts\/381458","targetHints":{"allow":["GET"]}}],"collection":[{"href":"https:\/\/www.diarioimagen.net\/index.php?rest_route=\/wp\/v2\/posts"}],"about":[{"href":"https:\/\/www.diarioimagen.net\/index.php?rest_route=\/wp\/v2\/types\/post"}],"author":[{"embeddable":true,"href":"https:\/\/www.diarioimagen.net\/index.php?rest_route=\/wp\/v2\/users\/5"}],"replies":[{"embeddable":true,"href":"https:\/\/www.diarioimagen.net\/index.php?rest_route=%2Fwp%2Fv2%2Fcomments&post=381458"}],"version-history":[{"count":0,"href":"https:\/\/www.diarioimagen.net\/index.php?rest_route=\/wp\/v2\/posts\/381458\/revisions"}],"wp:featuredmedia":[{"embeddable":true,"href":"https:\/\/www.diarioimagen.net\/index.php?rest_route=\/wp\/v2\/media\/381459"}],"wp:attachment":[{"href":"https:\/\/www.diarioimagen.net\/index.php?rest_route=%2Fwp%2Fv2%2Fmedia&parent=381458"}],"wp:term":[{"taxonomy":"category","embeddable":true,"href":"https:\/\/www.diarioimagen.net\/index.php?rest_route=%2Fwp%2Fv2%2Fcategories&post=381458"},{"taxonomy":"post_tag","embeddable":true,"href":"https:\/\/www.diarioimagen.net\/index.php?rest_route=%2Fwp%2Fv2%2Ftags&post=381458"}],"curies":[{"name":"wp","href":"https:\/\/api.w.org\/{rel}","templated":true}]}}