{"id":381467,"date":"2018-06-19T00:11:12","date_gmt":"2018-06-19T05:11:12","guid":{"rendered":"http:\/\/www.diarioimagen.net\/?p=381467"},"modified":"2018-06-18T23:27:27","modified_gmt":"2018-06-19T04:27:27","slug":"pide-anaya-a-la-ciudadania-confiar-en-el-para-el-cambio","status":"publish","type":"post","link":"https:\/\/www.diarioimagen.net\/?p=381467","title":{"rendered":"Pide Anaya confiar en \u00e9l para encabezar el cambio"},"content":{"rendered":"<ul>\n<li><strong><em>Llama a la unidad<\/em><\/strong>\n<p>&nbsp;<\/li>\n<\/ul>\n<p>&nbsp;<\/p>\n<div id=\"attachment_381468\" style=\"width: 470px\" class=\"wp-caption aligncenter\"><img loading=\"lazy\" decoding=\"async\" aria-describedby=\"caption-attachment-381468\" class=\"wp-image-381468 size-large\" src=\"http:\/\/www.diarioimagen.net\/wp-content\/uploads\/2018\/06\/ANAYA19-PORTAL-460x268.jpg\" alt=\"\" width=\"460\" height=\"268\" srcset=\"https:\/\/www.diarioimagen.net\/wp-content\/uploads\/2018\/06\/ANAYA19-PORTAL-460x268.jpg 460w, https:\/\/www.diarioimagen.net\/wp-content\/uploads\/2018\/06\/ANAYA19-PORTAL-240x140.jpg 240w, https:\/\/www.diarioimagen.net\/wp-content\/uploads\/2018\/06\/ANAYA19-PORTAL.jpg 480w\" sizes=\"auto, (max-width: 460px) 100vw, 460px\" \/><p id=\"caption-attachment-381468\" class=\"wp-caption-text\">Ricardo Anaya invit\u00f3 a la ciudadan\u00eda a votar por las candidatas y los candidatos de la coalici\u00f3n Por M\u00e9xico al Frente, para tener gobiernos honestos.<\/p><\/div>\n<p>&nbsp;<\/p>\n<p>&nbsp;<\/p>\n<p>Ricardo Anaya Cort\u00e9s, candidato de la coalici\u00f3n por M\u00e9xico al Frente a la Presidencia de la Rep\u00fablica, se\u00f1al\u00f3 que est\u00e1 convencido de que se debe lograr un cambio profundo en el pa\u00eds, pues la naci\u00f3n lo tiene todo, pero han faltado buenos gobiernos.<\/p>\n<p>En entrevista radiof\u00f3nica, afirm\u00f3 que ser\u00e1 Presidente de M\u00e9xico, \u201cpara que juntos logremos ese cambio que nuestro pa\u00eds necesita\u201d.<\/p>\n<p>Invit\u00f3 a la ciudadan\u00eda a que el pr\u00f3ximo 1 de julio salga a votar por las candidatas y los candidatos de la coalici\u00f3n Por M\u00e9xico al Frente, para tener funcionarios y gobiernos honestos y de resultados.<\/p>\n<p>Adem\u00e1s, llam\u00f3 al voto \u00fatil, porque en su opini\u00f3n, es el \u00fanico que le puede ganar al candidato de la coalici\u00f3n Juntos Haremos Historia, Andr\u00e9s Manuel L\u00f3pez Obrador.<\/p>\n<p>Consider\u00f3 que en el pa\u00eds hay mucha corrupci\u00f3n, violencia e inseguridad, lo cual es inaceptable y se requiere un cambio en la direcci\u00f3n correcta.<\/p>\n<p>El aspirante presidencial pidi\u00f3 a la ciudadan\u00eda que conf\u00ede en \u00e9l para encabezar el cambio, pues est\u00e1 convencido de que existen las condiciones para ganar, \u201cquiero ser Presidente para lograr la transformaci\u00f3n que el pa\u00eds demanda\u201d.<\/p>\n<p>&nbsp;<\/p>\n<p style=\"text-align: center;\"><strong>Anaya promete llevar<\/strong><strong>\u00a0los Acuerdos de San <\/strong><strong>Andr\u00e9s a la Constituci\u00f3n<\/strong><\/p>\n<p>Desde el Cerro de la Estrella en\u00a0 Iztapalapa, Anaya Cort\u00e9s form\u00f3 parte del ritual ancestral de Guerrero, de parte de los pueblos originarios, para abrirle camino en la recta final de la elecci\u00f3n y deje huella el 1 de julio.<\/p>\n<p>En un encuentro con representantes de pueblos ind\u00edgenas realizado en el Museo del Fuego Nuevo en esta zona del oriente de la Ciudad de M\u00e9xico, le fue entregado un collar de flores y una pluma de pavorrreal, y ofreci\u00f3 que los pueblos originarios de la Ciudad de M\u00e9xico, volver\u00e1n a ser los primeros.<\/p>\n<p>\u201cVamos a retomar los Acuerdos de San Andr\u00e9s y los vamos a llevar a la Constituci\u00f3n\u201d, anot\u00f3 el candidato postulado por los partidos Acci\u00f3n Nacional (PAN), de la Revoluci\u00f3n Democr\u00e1tica (PRD) y Movimiento Ciudadano (MC).<\/p>\n<p>\u201cPara que tu olfato sea como el del jaguar y te anticipes a la adversidad; para que tu o\u00eddo lo prestes al sabio, a\u00fan cuando seas reprendido, para que est\u00e9s atento a la voz de los desprotegidos, y no a la de los aduladores que solo buscan en ti su propio inter\u00e9s\u201d, rezaba el ritual prehisp\u00e1nico.<\/p>\n<p>El aspirante panista viaj\u00f3 a Valle de Chalco, Estado de M\u00e9xico, donde encabez\u00f3 una concentraci\u00f3n ciudadana frente al Palacio Municipal de Chalco.<\/p>\n","protected":false},"excerpt":{"rendered":"<p>Ricardo Anaya Cort\u00e9s, candidato de la coalici\u00f3n por M\u00e9xico al Frente a la Presidencia de la Rep\u00fablica, se\u00f1al\u00f3 que est\u00e1 convencido de que se debe lograr un cambio profundo en el pa\u00eds, pues la naci\u00f3n lo tiene todo, pero han faltado buenos gobiernos.<\/p>\n","protected":false},"author":5,"featured_media":381468,"comment_status":"open","ping_status":"open","sticky":false,"template":"","format":"standard","meta":{"_monsterinsights_skip_tracking":false,"_monsterinsights_sitenote_active":false,"_monsterinsights_sitenote_note":"","_monsterinsights_sitenote_category":0,"footnotes":""},"categories":[3],"tags":[1352,69000,7347],"class_list":["post-381467","post","type-post","status-publish","format-standard","has-post-thumbnail","hentry","category-nacional","tag-andres-manuel-lopez-obrador","tag-juntos-haremos-historia","tag-ricardo-anaya-cortes"],"_links":{"self":[{"href":"https:\/\/www.diarioimagen.net\/index.php?rest_route=\/wp\/v2\/posts\/381467","targetHints":{"allow":["GET"]}}],"collection":[{"href":"https:\/\/www.diarioimagen.net\/index.php?rest_route=\/wp\/v2\/posts"}],"about":[{"href":"https:\/\/www.diarioimagen.net\/index.php?rest_route=\/wp\/v2\/types\/post"}],"author":[{"embeddable":true,"href":"https:\/\/www.diarioimagen.net\/index.php?rest_route=\/wp\/v2\/users\/5"}],"replies":[{"embeddable":true,"href":"https:\/\/www.diarioimagen.net\/index.php?rest_route=%2Fwp%2Fv2%2Fcomments&post=381467"}],"version-history":[{"count":0,"href":"https:\/\/www.diarioimagen.net\/index.php?rest_route=\/wp\/v2\/posts\/381467\/revisions"}],"wp:featuredmedia":[{"embeddable":true,"href":"https:\/\/www.diarioimagen.net\/index.php?rest_route=\/wp\/v2\/media\/381468"}],"wp:attachment":[{"href":"https:\/\/www.diarioimagen.net\/index.php?rest_route=%2Fwp%2Fv2%2Fmedia&parent=381467"}],"wp:term":[{"taxonomy":"category","embeddable":true,"href":"https:\/\/www.diarioimagen.net\/index.php?rest_route=%2Fwp%2Fv2%2Fcategories&post=381467"},{"taxonomy":"post_tag","embeddable":true,"href":"https:\/\/www.diarioimagen.net\/index.php?rest_route=%2Fwp%2Fv2%2Ftags&post=381467"}],"curies":[{"name":"wp","href":"https:\/\/api.w.org\/{rel}","templated":true}]}}