{"id":381500,"date":"2018-06-19T00:11:28","date_gmt":"2018-06-19T05:11:28","guid":{"rendered":"http:\/\/www.diarioimagen.net\/?p=381500"},"modified":"2018-06-20T00:09:37","modified_gmt":"2018-06-20T05:09:37","slug":"abandono-escolar-uaem-por-debajo-de-la-media-nacional","status":"publish","type":"post","link":"https:\/\/www.diarioimagen.net\/?p=381500","title":{"rendered":"Abandono escolar UAEM, por debajo de la media nacional"},"content":{"rendered":"<ul>\n<li><strong><em>En nivel bachillerato<\/em><\/strong><\/li>\n<\/ul>\n<p>&nbsp;<\/p>\n<p><a href=\"http:\/\/www.diarioimagen.net\/?attachment_id=381595\" rel=\"attachment wp-att-381595\"><img loading=\"lazy\" decoding=\"async\" class=\"aligncenter size-large wp-image-381595\" src=\"http:\/\/www.diarioimagen.net\/wp-content\/uploads\/2018\/06\/UAEM-3392-460x259.jpg\" alt=\"\" width=\"460\" height=\"259\" srcset=\"https:\/\/www.diarioimagen.net\/wp-content\/uploads\/2018\/06\/UAEM-3392-460x259.jpg 460w, https:\/\/www.diarioimagen.net\/wp-content\/uploads\/2018\/06\/UAEM-3392-240x135.jpg 240w, https:\/\/www.diarioimagen.net\/wp-content\/uploads\/2018\/06\/UAEM-3392-235x132.jpg 235w, https:\/\/www.diarioimagen.net\/wp-content\/uploads\/2018\/06\/UAEM-3392-202x114.jpg 202w, https:\/\/www.diarioimagen.net\/wp-content\/uploads\/2018\/06\/UAEM-3392-350x196.jpg 350w, https:\/\/www.diarioimagen.net\/wp-content\/uploads\/2018\/06\/UAEM-3392-220x123.jpg 220w, https:\/\/www.diarioimagen.net\/wp-content\/uploads\/2018\/06\/UAEM-3392-237x132.jpg 237w, https:\/\/www.diarioimagen.net\/wp-content\/uploads\/2018\/06\/UAEM-3392.jpg 480w\" sizes=\"auto, (max-width: 460px) 100vw, 460px\" \/><\/a><\/p>\n<p>&nbsp;<\/p>\n<p><strong>Toluca, Estado de M\u00e9xico<\/strong>.- La Universidad Aut\u00f3noma del Estado de M\u00e9xico refuerza las acciones que lleva a cabo para incrementar su eficiencia terminal en el nivel medio superior, a pesar de que en la actualidad registra un porcentaje de abandono escolar por debajo de la media nacional, sostuvo el rector Alfredo Barrera Baca.<\/p>\n<p>Al presidir los informes de los directores de los planteles \u201cLic. Adolfo L\u00f3pez Mateos\u201d, Jos\u00e9 Olivier V\u00e1zquez Torres, e \u201cIgnacio Ram\u00edrez Calzada\u201d, Pedro David Mercado Hern\u00e1ndez, el rector destac\u00f3 la importancia de brindar igualdad de oportunidades a los estudiantes.<\/p>\n<p>Puntualiz\u00f3 que los logros obtenidos por esta casa de estudios en el nivel medio superior dan cuenta de que es viable forjar al universitario que la sociedad necesita, es decir, con actitud cr\u00edtica y propositiva, abiertos al mundo y participativos, capaces de incidir en su realidad e influir en los hechos que le conciernen.<\/p>\n<p>Subray\u00f3 a la Prepa 4 como pionera, desde hace medio siglo, en materia de orientaci\u00f3n vocacional e indic\u00f3 que este espacio aprovecha el respaldo institucional para contar con profesores de tiempo completo de alta calidad y docentes que rebasan la media institucional del puntaje promedio en el Programa de Est\u00edmulos al Desempe\u00f1o del Personal Docente (PPROED).<\/p>\n<p>Ante estudiantes, docentes y trabajadores administrativos, resalt\u00f3 que con tres mil alumnos, la Prepa 1 tiene la mayor matr\u00edcula escolar del nivel medio superior de la UAEM. Adem\u00e1s, dijo, se distingue por el menor abandono escolar, con 3 por ciento, y la m\u00e1xima eficiencia terminal, con 93 por ciento.<\/p>\n<p>Por su parte, el director del Plantel \u201cIgnacio Ram\u00edrez Calzada\u201d, Pedro David Mercado Hern\u00e1ndez, acentu\u00f3 el apoyo que este espacio recibe de la Administraci\u00f3n 2017-2021, mediante la entrega de salas de computo, aulas, remodelaci\u00f3n de talleres culturales y equipamiento, as\u00ed como la construcci\u00f3n de la barda perimetral.<\/p>\n<p>El director del Plantel \u201cLic. Adolfo L\u00f3pez Mateos\u201d, Jos\u00e9 Olivier V\u00e1zquez Torres, detall\u00f3 que este espacio acad\u00e9mico, ubicado actualmente en el Nivel 2 del Sistema Nacional de Bachillerato, es el de mayor demanda de ingreso, como resultado de su prestigio y calidad acad\u00e9mica.<\/p>\n","protected":false},"excerpt":{"rendered":"<p>La Universidad Aut\u00f3noma del Estado de M\u00e9xico refuerza las acciones que lleva a cabo para incrementar su eficiencia terminal en el nivel medio superior, a pesar de que en la actualidad registra un porcentaje de abandono escolar por debajo de la media nacional, sostuvo el rector Alfredo Barrera Baca.<\/p>\n","protected":false},"author":3,"featured_media":381595,"comment_status":"open","ping_status":"open","sticky":false,"template":"","format":"standard","meta":{"_monsterinsights_skip_tracking":false,"_monsterinsights_sitenote_active":false,"_monsterinsights_sitenote_note":"","_monsterinsights_sitenote_category":0,"footnotes":""},"categories":[5],"tags":[43675,63568,75035,1491],"class_list":["post-381500","post","type-post","status-publish","format-standard","has-post-thumbnail","hentry","category-estado-de-mexico","tag-estado-de-mexico","tag-media-nacional","tag-tolca","tag-uaem"],"_links":{"self":[{"href":"https:\/\/www.diarioimagen.net\/index.php?rest_route=\/wp\/v2\/posts\/381500","targetHints":{"allow":["GET"]}}],"collection":[{"href":"https:\/\/www.diarioimagen.net\/index.php?rest_route=\/wp\/v2\/posts"}],"about":[{"href":"https:\/\/www.diarioimagen.net\/index.php?rest_route=\/wp\/v2\/types\/post"}],"author":[{"embeddable":true,"href":"https:\/\/www.diarioimagen.net\/index.php?rest_route=\/wp\/v2\/users\/3"}],"replies":[{"embeddable":true,"href":"https:\/\/www.diarioimagen.net\/index.php?rest_route=%2Fwp%2Fv2%2Fcomments&post=381500"}],"version-history":[{"count":0,"href":"https:\/\/www.diarioimagen.net\/index.php?rest_route=\/wp\/v2\/posts\/381500\/revisions"}],"wp:featuredmedia":[{"embeddable":true,"href":"https:\/\/www.diarioimagen.net\/index.php?rest_route=\/wp\/v2\/media\/381595"}],"wp:attachment":[{"href":"https:\/\/www.diarioimagen.net\/index.php?rest_route=%2Fwp%2Fv2%2Fmedia&parent=381500"}],"wp:term":[{"taxonomy":"category","embeddable":true,"href":"https:\/\/www.diarioimagen.net\/index.php?rest_route=%2Fwp%2Fv2%2Fcategories&post=381500"},{"taxonomy":"post_tag","embeddable":true,"href":"https:\/\/www.diarioimagen.net\/index.php?rest_route=%2Fwp%2Fv2%2Ftags&post=381500"}],"curies":[{"name":"wp","href":"https:\/\/api.w.org\/{rel}","templated":true}]}}