{"id":381502,"date":"2018-06-19T00:10:59","date_gmt":"2018-06-19T05:10:59","guid":{"rendered":"http:\/\/www.diarioimagen.net\/?p=381502"},"modified":"2018-06-19T05:56:57","modified_gmt":"2018-06-19T10:56:57","slug":"gran-desafio-de-inclusion-social-este-domingo","status":"publish","type":"post","link":"https:\/\/www.diarioimagen.net\/?p=381502","title":{"rendered":"Gran desaf\u00edo de inclusi\u00f3n social, este domingo"},"content":{"rendered":"<h2>Arco Norte<\/h2>\n<h5>Jos\u00e9 Luis Monta\u00f1ez Aguilar<\/h5>\n<p>&nbsp;<\/p>\n<p><a href=\"http:\/\/www.diarioimagen.net\/?attachment_id=381599\" rel=\"attachment wp-att-381599\"><img loading=\"lazy\" decoding=\"async\" class=\"aligncenter size-large wp-image-381599\" src=\"http:\/\/www.diarioimagen.net\/wp-content\/uploads\/2018\/06\/arco-3392-460x321.jpg\" alt=\"\" width=\"460\" height=\"321\" srcset=\"https:\/\/www.diarioimagen.net\/wp-content\/uploads\/2018\/06\/arco-3392-460x321.jpg 460w, https:\/\/www.diarioimagen.net\/wp-content\/uploads\/2018\/06\/arco-3392-240x167.jpg 240w, https:\/\/www.diarioimagen.net\/wp-content\/uploads\/2018\/06\/arco-3392.jpg 680w\" sizes=\"auto, (max-width: 460px) 100vw, 460px\" \/><\/a><\/p>\n<p>&nbsp;<\/p>\n<p>Con el objetivo de fomentar la inclusi\u00f3n deportiva de las personas que viven con discapacidad, la Secretar\u00eda de Cultura mexiquense traer\u00e1 el Segundo Gran Desaf\u00edo de Inclusi\u00f3n Social \u201cJuntos por una cultura deportiva incluyente\u201d.<\/p>\n<p>Este domingo 24 de junio, desde muy temprano, mexiquenses oriundos de Tec\u00e1mac, Tlalnepantla, Tultitl\u00e1n, Tultepec, Coacalco y Cuautitl\u00e1n se dar\u00e1n cita en el municipio de Ecatepec para realizar la activaci\u00f3n f\u00edsica correspondiente y de ah\u00ed prepararse para participar en una caminata de 2 kil\u00f3metros.<\/p>\n<p>El paseo es de convivencia para prevenir alguna contingencia de tipo m\u00e9dico que se pueda presentar, pues con esta acci\u00f3n se busca la igualdad social para las personas con discapacidad a trav\u00e9s de una convivencia arm\u00f3nica y familiar.<\/p>\n<p>Al t\u00e9rmino de la caminata tendr\u00e1 lugar la ponencia de experiencia de vida a cargo de la medallista paral\u00edmpica y mundial en powerlifting, Perla Patricia B\u00e1rcenas, de Nezahualc\u00f3yotl, adem\u00e1s de una muestra de danza deportiva sobre silla de ruedas, exhibici\u00f3n de powerlifting, futbol y equinoterapia.<\/p>\n<p>De igual forma, se contar\u00e1 con la participaci\u00f3n del Coro de ni\u00f1os sordos y amenizar\u00e1 la Orquesta Sinf\u00f3nica Infantil de Ecatepec.<\/p>\n<p>La cita es a las 9:00 horas en Avenida Ju\u00e1rez a un costado de la Explanada Municipal, en San Crist\u00f3bal Centro, Ecatepec.<\/p>\n<p style=\"text-align: center;\"><strong>Reactiva Mexicable operaciones y servicio a usuarios<\/strong><\/p>\n<p>Tras resolver la reducci\u00f3n de velocidad que se reportaba la ma\u00f1ana de ayers lunes, provocada por las lluvias at\u00edpicas del fin de semana, el Sistema de Transporte Masivo y Telef\u00e9rico del Estado de M\u00e9xico normaliz\u00f3 a las 14:00 horas la operaci\u00f3n del Mexicable.<\/p>\n<p>Personal del Telef\u00e9rico report\u00f3 una reducci\u00f3n en la velocidad de las g\u00f3ndolas, registrada en el poste 33, por lo que se decidi\u00f3 suspender el servicio, aun cuando esta falla no representaba ning\u00fan riesgo para los pasajeros.<\/p>\n<p>Los t\u00e9cnicos del sistema trabajaron desde la ma\u00f1ana, y tras reparar la condici\u00f3n que generaba la reducci\u00f3n de velocidad, se realizaron las pruebas finales para abrir de nuevo el servicio a los pasajeros.<\/p>\n<p>A lo largo de seis horas, un total de 1 mil 950 usuarios del Telef\u00e9rico recibieron apoyo a trav\u00e9s de dos unidades para no verse afectados en sus traslados.<\/p>\n<p><em><a href=\"mailto:montanezaguilar@gmail.com\" target=\"_blank\" rel=\"noopener\">montanezaguilar@gmail.com<\/a><\/em><\/p>\n","protected":false},"excerpt":{"rendered":"<p><span style=\"color: #005497;\">Jos\u00e9 Luis Monta\u00f1ez Aguilar<\/span><br \/>\n<br \/>\nCon el objetivo de fomentar la inclusi\u00f3n deportiva de las personas que viven con discapacidad, la Secretar\u00eda de Cultura mexiquense traer\u00e1 el Segundo Gran Desaf\u00edo de Inclusi\u00f3n Social \u201cJuntos por una cultura deportiva incluyente\u201d.<\/p>\n","protected":false},"author":3,"featured_media":381599,"comment_status":"open","ping_status":"open","sticky":false,"template":"","format":"standard","meta":{"_monsterinsights_skip_tracking":false,"_monsterinsights_sitenote_active":false,"_monsterinsights_sitenote_note":"","_monsterinsights_sitenote_category":0,"footnotes":""},"categories":[5],"tags":[43674],"class_list":["post-381502","post","type-post","status-publish","format-standard","has-post-thumbnail","hentry","category-estado-de-mexico","tag-opinion"],"_links":{"self":[{"href":"https:\/\/www.diarioimagen.net\/index.php?rest_route=\/wp\/v2\/posts\/381502","targetHints":{"allow":["GET"]}}],"collection":[{"href":"https:\/\/www.diarioimagen.net\/index.php?rest_route=\/wp\/v2\/posts"}],"about":[{"href":"https:\/\/www.diarioimagen.net\/index.php?rest_route=\/wp\/v2\/types\/post"}],"author":[{"embeddable":true,"href":"https:\/\/www.diarioimagen.net\/index.php?rest_route=\/wp\/v2\/users\/3"}],"replies":[{"embeddable":true,"href":"https:\/\/www.diarioimagen.net\/index.php?rest_route=%2Fwp%2Fv2%2Fcomments&post=381502"}],"version-history":[{"count":0,"href":"https:\/\/www.diarioimagen.net\/index.php?rest_route=\/wp\/v2\/posts\/381502\/revisions"}],"wp:featuredmedia":[{"embeddable":true,"href":"https:\/\/www.diarioimagen.net\/index.php?rest_route=\/wp\/v2\/media\/381599"}],"wp:attachment":[{"href":"https:\/\/www.diarioimagen.net\/index.php?rest_route=%2Fwp%2Fv2%2Fmedia&parent=381502"}],"wp:term":[{"taxonomy":"category","embeddable":true,"href":"https:\/\/www.diarioimagen.net\/index.php?rest_route=%2Fwp%2Fv2%2Fcategories&post=381502"},{"taxonomy":"post_tag","embeddable":true,"href":"https:\/\/www.diarioimagen.net\/index.php?rest_route=%2Fwp%2Fv2%2Ftags&post=381502"}],"curies":[{"name":"wp","href":"https:\/\/api.w.org\/{rel}","templated":true}]}}