{"id":381504,"date":"2018-06-19T00:09:47","date_gmt":"2018-06-19T05:09:47","guid":{"rendered":"http:\/\/www.diarioimagen.net\/?p=381504"},"modified":"2018-07-03T01:06:41","modified_gmt":"2018-07-03T06:06:41","slug":"cristiano-ronaldo-el-mejor-futbolista-del-mundo","status":"publish","type":"post","link":"https:\/\/www.diarioimagen.net\/?p=381504","title":{"rendered":"Cristiano Ronaldo, el mejor futbolista del mundo"},"content":{"rendered":"<h1 style=\"text-align: center;\">A sus 33 a\u00f1os, es una m\u00e1quina<br \/>\ndentro del campo y tambi\u00e9n fuera<\/h1>\n<p><strong>\u00a0<\/strong><\/p>\n<ul>\n<li><strong><em>L\u00edder de los goleadores del Mundial Rusia 2018<\/em><\/strong><\/li>\n<li><strong><em>No tiene ning\u00fan tatuaje, porque es donador constante de sangre<\/em><\/strong><\/li>\n<li><strong><em>M\u00e1ximo goleador hist\u00f3rico del Real Madrid con 343 goles<\/em><\/strong><\/li>\n<li><strong><em>El PSG le ofrece 45 millones de euros al a\u00f1o y al Real Madrid le pagar\u00eda 300 millones de euros por el traspaso<\/em><\/strong><\/li>\n<\/ul>\n<p>&nbsp;<\/p>\n<p><a href=\"http:\/\/www.diarioimagen.net\/?attachment_id=381583\" rel=\"attachment wp-att-381583\"><img loading=\"lazy\" decoding=\"async\" class=\"alignleft size-large wp-image-381583\" src=\"http:\/\/www.diarioimagen.net\/wp-content\/uploads\/2018\/06\/Ronaldo-3392-287x460.jpg\" alt=\"\" width=\"287\" height=\"460\" srcset=\"https:\/\/www.diarioimagen.net\/wp-content\/uploads\/2018\/06\/Ronaldo-3392-287x460.jpg 287w, https:\/\/www.diarioimagen.net\/wp-content\/uploads\/2018\/06\/Ronaldo-3392-150x240.jpg 150w, https:\/\/www.diarioimagen.net\/wp-content\/uploads\/2018\/06\/Ronaldo-3392.jpg 437w\" sizes=\"auto, (max-width: 287px) 100vw, 287px\" \/><\/a>Cristiano Ronaldo dos Santos Aveiro, naci\u00f3 en el Funchal, Madeira, Portugal, el 5 de febrero de 1985. Su padre, Dinis Aveiro, quien falleci\u00f3 v\u00edctima del alcoholismo en 2005 a los 52 a\u00f1os, le dio el segundo nombre Ronaldo, en homenaje al actor que posteriormente se convertir\u00eda en presidente de Estados Unidos, Ronald Reagan. Su madre es Dolores Aveiro, quien hasta hoy es su soporte y ayuda al igual que el de sus hermanos Liliana, Elma y Hugo Aveiro.<\/p>\n<p>A los 15 a\u00f1os fue diagnosticado con un problema en su coraz\u00f3n, lo que pudo haberle forzado a retirarse del futbol y luego de la aprobaci\u00f3n de su madre y conscientes de los riesgos, el Club Sporting le llev\u00f3 al hospital donde se someti\u00f3 a una operaci\u00f3n que erradic\u00f3 el problema. \u201cSu coraz\u00f3n lat\u00eda demasiado r\u00e1pido cuando estaba en reposo\u201d, cont\u00f3 Dolores Aveiro, su madre, unos d\u00edas despu\u00e9s regres\u00f3 a entrenar normalmente.<\/p>\n<p>Debut\u00f3 profesionalmente con el Sporting Lisboa un 14 de agosto de 2002 a la edad de 17 a\u00f1os en un partido clasificatorio para la Liga de Campeones de la UEFA frente al F.C. Internazionale de Mil\u00e1n.<\/p>\n<p style=\"text-align: center;\"><strong>CR7, RECONOCIDA MARCA COMERCIAL; PADRE DE CUATRO HIJOS<\/strong><\/p>\n<p>Los medios de comunicaci\u00f3n y los fans lo identifican por su Numer\u00f3nimo CR7. En los negocios se ha posicionado como una reconocida marca comercial y su imagen es una de las m\u00e1s conocidas.<\/p>\n<p>En su carrera deportiva s\u00f3lo ha jugado en tres equipos: el Sporting Lisboa, Manchester United y Real Madrid.<\/p>\n<p>El 4 de julio de 2010, pocos d\u00edas despu\u00e9s de ser eliminado Portugal de la Copa del Mundo de 2010, anunci\u00f3 por Twitter y Facebook que es padre de un ni\u00f1o, del cual Cristiano tiene su tutela total y de cuya madre se mantiene su identidad en secreto. Despu\u00e9s sigui\u00f3 un proceso similar con un embarazo subrogado, mediante el cual fue de nuevo padre, esta vez de mellizos, Eva y Mateo. Mantuvo una relaci\u00f3n amorosa con la modelo rusa Irina Shayk hasta inicios de 2015 y, tras pasar una \u00e9poca sin relaci\u00f3n estable conocida, inici\u00f3 otra con la espa\u00f1ola Georgina Rodr\u00edguez en el verano de 2016. Tan s\u00f3lo cinco meses despu\u00e9s del nacimiento de los mellizos, su novia Georgina dio a luz el 12 de noviembre de 2017 al cuarto hijo del futbolista, Alana Martina.<\/p>\n<p>El 9 de noviembre de 2015 fue una fecha muy especial para el portugu\u00e9s, debido a que ese d\u00eda en Londres se estren\u00f3 el documental biogr\u00e1fico \u201cRonaldo\u201d. El proyecto estuvo a cargo de Universal Pictures, que comenz\u00f3 grabaciones con CR7 desde enero de 2014, cuando \u00e9ste recibi\u00f3 su segundo Bal\u00f3n de Oro hasta septiembre de 2015.<\/p>\n<p>Cuenta con tres Premier League, dos copas de la Liga, dos Community Shield, dos copas de Liga con Manchester United, adem\u00e1s de dos Copas del Rey, un Campeonato de Liga, una Supercopa de Espa\u00f1a. A nivel internacional con sus clubes gan\u00f3 2 Champions League (una con Manchester United y una con Real Madrid), una Supercopa de Europa, un Mundial de Clubes. A nivel individual ha ganado tres Balones de Oro como mejor jugador, cuatro Botas de Oro como mayor goleador de las ligas europeas, 2 UEFA Player of the Year, m\u00e1ximo goleador hist\u00f3rico del Real Madrid con 343 goles en 326 partidos jugados, as\u00ed como m\u00e1s hat-tricks en la historia del club con 34. Asimismo, es el m\u00e1ximo goleador hist\u00f3rico de la selecci\u00f3n de futbol de Portugal con 55 goles y de la UEFA Champions League con 88.<\/p>\n<p style=\"text-align: center;\"><strong>ES DONANTE DE M\u00c9DULA \u00d3SEA<\/strong><\/p>\n<p>&nbsp;<\/p>\n<p><a href=\"http:\/\/www.diarioimagen.net\/?attachment_id=381585\" rel=\"attachment wp-att-381585\"><img loading=\"lazy\" decoding=\"async\" class=\"size-large wp-image-381585 aligncenter\" src=\"http:\/\/www.diarioimagen.net\/wp-content\/uploads\/2018\/06\/RONALDO-f-3392-460x259.jpg\" alt=\"\" width=\"460\" height=\"259\" srcset=\"https:\/\/www.diarioimagen.net\/wp-content\/uploads\/2018\/06\/RONALDO-f-3392-460x259.jpg 460w, https:\/\/www.diarioimagen.net\/wp-content\/uploads\/2018\/06\/RONALDO-f-3392-240x135.jpg 240w, https:\/\/www.diarioimagen.net\/wp-content\/uploads\/2018\/06\/RONALDO-f-3392-235x132.jpg 235w, https:\/\/www.diarioimagen.net\/wp-content\/uploads\/2018\/06\/RONALDO-f-3392-202x114.jpg 202w, https:\/\/www.diarioimagen.net\/wp-content\/uploads\/2018\/06\/RONALDO-f-3392-350x196.jpg 350w, https:\/\/www.diarioimagen.net\/wp-content\/uploads\/2018\/06\/RONALDO-f-3392-220x123.jpg 220w, https:\/\/www.diarioimagen.net\/wp-content\/uploads\/2018\/06\/RONALDO-f-3392-237x132.jpg 237w, https:\/\/www.diarioimagen.net\/wp-content\/uploads\/2018\/06\/RONALDO-f-3392.jpg 480w\" sizes=\"auto, (max-width: 460px) 100vw, 460px\" \/><\/a><\/p>\n<p>Hay pocas cosas que se saben de su labor altruista, entre las que destaca que no tienen ning\u00fan tatuaje porque es donador constante de sangre. Adem\u00e1s, es donante de m\u00e9dula \u00f3sea, pag\u00f3 el tratamiento para combatir el c\u00e1ncer del ni\u00f1o Nuhazet Guardia Guill\u00e9n, quien tristemente falleci\u00f3 en 2013. Asimismo, coste\u00f3 la cirug\u00eda cerebral de un beb\u00e9 de 10 meses de edad en 2014. Apoya a \u201cSave the Children\u201d, ayudando a los ni\u00f1os que est\u00e1n viviendo la guerra en Siria y subast\u00f3 en 2011, a trav\u00e9s de la fundaci\u00f3n Real Madrid la Bota de Oro que gan\u00f3 en 2011, para ayudar a los ni\u00f1os palestinos en Gaza.<\/p>\n<p>La estrella de la selecci\u00f3n portuguesa, Cristiano Ronaldo, se mantiene en cabeza de la tabla de goleadores del Mundial de Rusia-2018, gracias a los tres goles contra Espa\u00f1a en el debut de ambas selecciones el viernes pasado en el Mundial 2018, celebrado en Rusia.<\/p>\n<p style=\"text-align: center;\"><strong>EL PSG Y EL MANCHESTER UNITED SE PELEAN POR RONALDO<\/strong><\/p>\n<p>Cristiano Ronaldo sigue sin anunciar si va a seguir en el Real Madrid y es que hay dos equipos que lo quieren en sus filas. En especial se habla del PSG y hasta se apunta que al jugador le habr\u00edan ofrecido una ficha de 45 millones de euros al a\u00f1o que es lo que estaba buscando el goleador. Incluso, se asegura que llegar\u00eda a ofrecer al conjunto blanco una oferta de 300 millones de euros por el traspaso.<\/p>\n<p>La otra opci\u00f3n sigue siendo el Manchester United. Mourinho le sigue valorando como el mejor jugador que existe en la actualidad, aunque asume que nunca podr\u00eda competir con el PSG a la hora de hacerse con Cristiano. Incluso, se resalta que en caso de que vean que es imposible, ir\u00edan a Bale como la alternativa que m\u00e1s gusta al entrenador.<\/p>\n<p style=\"text-align: center;\"><strong>RICARDO REGUFE, EL MEJOR AMIGO DE CR7<\/strong><\/p>\n<p>Ricardo Regufe es conocido hasta ahora como el amigo de Cristiano Ronaldo, el hombre que siempre est\u00e1 cuando el portugu\u00e9s necesita algo. Es raro no verle en un momento de alegr\u00eda o de tristeza. Siempre est\u00e1, y lo cierto es que cada d\u00eda que pasa su peso en las decisiones del delantero es cada vez mayor. No es el simple amigo que est\u00e1 ah\u00ed para aconsejar a alguien cuando es llamado. Para nada. Su voz tiene autoridad y en muchas ocasiones Ronaldo decide tras escuchar a Ricardo.<\/p>\n<p>Ahora est\u00e1 a su lado en la selecci\u00f3n portuguesa. Es uno del cuerpo t\u00e9cnico, aunque tiene poco de entrenador y s\u00ed de persona de absoluta confianza de Cristiano Ronaldo. Muchos de los asuntos diarios de CR7 pasan por Ricardo, tanto que en muchas ocasiones en el Real Madrid se consultan ciertos temas a \u00e9l y no a Jorge Mendes. El grado de confianza del jugador hacia su amigo va m\u00e1s all\u00e1 de una relaci\u00f3n.<\/p>\n<p>&nbsp;<\/p>\n<blockquote>\n<h2 style=\"text-align: center;\">Sab\u00edas qu\u00e9\u2026<\/h2>\n<p><strong>*** Su padre Dinis Aveiro, quien falleci\u00f3 v\u00edctima del alcoholismo en 2005 a los 52 a\u00f1os, le dio el segundo nombre Ronaldo, en homenaje al actor que posteriormente se convertir\u00eda en presidente de Estados Unidos, Ronald Reagan.<\/strong><\/p>\n<p><strong>*** A los 15 a\u00f1os fue diagnosticado con una falla en su coraz\u00f3n y una operaci\u00f3n erradic\u00f3 el problema.<\/strong><\/p>\n<p><strong>*** Debut\u00f3 profesionalmente con el Sporting Lisboa un 14 de agosto de 2002, a la edad de 17 a\u00f1os.<\/strong><\/p>\n<p><strong>*** Ha ganado tres Balones de Oro como mejor jugador, cuatro Botas de Oro como mayor goleador de las ligas europeas, m\u00e1ximo goleador hist\u00f3rico del Real Madrid con 343 goles en 326 partidos jugados, as\u00ed como m\u00e1s <em>hat-tricks<\/em> en la historia del club con 34. Asimismo, es el m\u00e1ximo goleador hist\u00f3rico de la selecci\u00f3n de futbol de Portugal, con 55 goles y de la UEFA Champions League con 88.<\/strong><\/p>\n<p><strong>*** Apoya a \u201cSave the Children\u201d, ayudando a los ni\u00f1os que est\u00e1n viviendo la guerra en Siria y subast\u00f3 en 2011 a trav\u00e9s de la fundaci\u00f3n Real Madrid la Bota de Oro que gan\u00f3 en 2011 para ayudar a los ni\u00f1os palestinos en Gaza.<\/strong><\/p><\/blockquote>\n","protected":false},"excerpt":{"rendered":"<p>Cristiano Ronaldo dos Santos Aveiro, naci\u00f3 en el Funchal, Madeira, Portugal, el 5 de febrero de 1985. Su padre, Dinis Aveiro, quien falleci\u00f3 v\u00edctima del alcoholismo en 2005 a los 52 a\u00f1os, le dio el segundo nombre Ronaldo, en homenaje al actor que posteriormente se convertir\u00eda en presidente de Estados Unidos, Ronald Reagan. Su madre es Dolores Aveiro, quien hasta hoy es su soporte y ayuda al igual que el de sus hermanos Liliana, Elma y Hugo Aveiro.<\/p>\n","protected":false},"author":3,"featured_media":381586,"comment_status":"open","ping_status":"open","sticky":false,"template":"","format":"standard","meta":{"_monsterinsights_skip_tracking":false,"_monsterinsights_sitenote_active":false,"_monsterinsights_sitenote_note":"","_monsterinsights_sitenote_category":0,"footnotes":""},"categories":[10],"tags":[5925,75037,43680,75038,66403,43679],"class_list":["post-381504","post","type-post","status-publish","format-standard","has-post-thumbnail","hentry","category-deportes","tag-cristiano-ronaldo","tag-cristiano-ronaldo-dos-santos-aveiro","tag-deportes","tag-futbolista","tag-mejor","tag-mundo"],"_links":{"self":[{"href":"https:\/\/www.diarioimagen.net\/index.php?rest_route=\/wp\/v2\/posts\/381504","targetHints":{"allow":["GET"]}}],"collection":[{"href":"https:\/\/www.diarioimagen.net\/index.php?rest_route=\/wp\/v2\/posts"}],"about":[{"href":"https:\/\/www.diarioimagen.net\/index.php?rest_route=\/wp\/v2\/types\/post"}],"author":[{"embeddable":true,"href":"https:\/\/www.diarioimagen.net\/index.php?rest_route=\/wp\/v2\/users\/3"}],"replies":[{"embeddable":true,"href":"https:\/\/www.diarioimagen.net\/index.php?rest_route=%2Fwp%2Fv2%2Fcomments&post=381504"}],"version-history":[{"count":0,"href":"https:\/\/www.diarioimagen.net\/index.php?rest_route=\/wp\/v2\/posts\/381504\/revisions"}],"wp:featuredmedia":[{"embeddable":true,"href":"https:\/\/www.diarioimagen.net\/index.php?rest_route=\/wp\/v2\/media\/381586"}],"wp:attachment":[{"href":"https:\/\/www.diarioimagen.net\/index.php?rest_route=%2Fwp%2Fv2%2Fmedia&parent=381504"}],"wp:term":[{"taxonomy":"category","embeddable":true,"href":"https:\/\/www.diarioimagen.net\/index.php?rest_route=%2Fwp%2Fv2%2Fcategories&post=381504"},{"taxonomy":"post_tag","embeddable":true,"href":"https:\/\/www.diarioimagen.net\/index.php?rest_route=%2Fwp%2Fv2%2Ftags&post=381504"}],"curies":[{"name":"wp","href":"https:\/\/api.w.org\/{rel}","templated":true}]}}