{"id":381532,"date":"2018-06-19T00:08:07","date_gmt":"2018-06-19T05:08:07","guid":{"rendered":"http:\/\/www.diarioimagen.net\/?p=381532"},"modified":"2018-06-19T05:41:02","modified_gmt":"2018-06-19T10:41:02","slug":"reitera-martinez-alfaro-que-su-oferta-es-transparencia-en-el-gasto-es-transparencia-y-combate-a-la-corrupcion","status":"publish","type":"post","link":"https:\/\/www.diarioimagen.net\/?p=381532","title":{"rendered":"Reitera Mart\u00ednez Alfaro que su oferta es transparencia en el gasto es transparencia y combate a la corrupci\u00f3n"},"content":{"rendered":"<ul>\n<li><strong><em>Candidato pri\u00edsta a alcald\u00eda de Huixquilucan<\/em><\/strong><\/li>\n<\/ul>\n<p>&nbsp;<\/p>\n<div id=\"attachment_381612\" style=\"width: 470px\" class=\"wp-caption aligncenter\"><a href=\"http:\/\/www.diarioimagen.net\/?attachment_id=381612\" rel=\"attachment wp-att-381612\"><img loading=\"lazy\" decoding=\"async\" aria-describedby=\"caption-attachment-381612\" class=\"size-large wp-image-381612\" src=\"http:\/\/www.diarioimagen.net\/wp-content\/uploads\/2018\/06\/HUIXQUILUCAN-3392-460x259.jpg\" alt=\"\" width=\"460\" height=\"259\" srcset=\"https:\/\/www.diarioimagen.net\/wp-content\/uploads\/2018\/06\/HUIXQUILUCAN-3392-460x259.jpg 460w, https:\/\/www.diarioimagen.net\/wp-content\/uploads\/2018\/06\/HUIXQUILUCAN-3392-240x135.jpg 240w, https:\/\/www.diarioimagen.net\/wp-content\/uploads\/2018\/06\/HUIXQUILUCAN-3392-235x132.jpg 235w, https:\/\/www.diarioimagen.net\/wp-content\/uploads\/2018\/06\/HUIXQUILUCAN-3392-202x114.jpg 202w, https:\/\/www.diarioimagen.net\/wp-content\/uploads\/2018\/06\/HUIXQUILUCAN-3392-350x196.jpg 350w, https:\/\/www.diarioimagen.net\/wp-content\/uploads\/2018\/06\/HUIXQUILUCAN-3392-220x123.jpg 220w, https:\/\/www.diarioimagen.net\/wp-content\/uploads\/2018\/06\/HUIXQUILUCAN-3392-237x132.jpg 237w, https:\/\/www.diarioimagen.net\/wp-content\/uploads\/2018\/06\/HUIXQUILUCAN-3392.jpg 480w\" sizes=\"auto, (max-width: 460px) 100vw, 460px\" \/><\/a><p id=\"caption-attachment-381612\" class=\"wp-caption-text\">Arturo Mart\u00ednez Alfaro visit\u00f3\u00a0 Dos R\u00edos, La Pera,\u00a0 San Jacinto, El Mirador, San Bartolito, Tierra y Libertad, Lomas del Carmen y Allende.<\/p><\/div>\n<p>&nbsp;<\/p>\n<p><strong>Huixquilucan, Estado de M\u00e9xico<\/strong>.- A diez d\u00edas de concluir\u00a0 el proceso electoral el candidato del PRI a la presidencia municipal\u00a0 de Huixquilucan, Arturo Mart\u00ednez Alfaro, apret\u00f3 el paso en sus visitas domiciliarias a todos los rincones del territorio huixquiluquense e insisti\u00f3 en el compromiso de llevar a cabo un gobierno transparente con disminuci\u00f3n en el gasto p\u00fablico, procesos de adquisici\u00f3n preferente para impulsar el desarrollo del municipio.<\/p>\n<p>Adem\u00e1s inform\u00f3 a los habitantes la estrategia de llevar a cabo inversi\u00f3n en obra p\u00fablica y asistencia social para dar respuesta a las demandas m\u00e1s sentidas de la poblaci\u00f3n como es drenaje, movilidad, infraestructura escolar entre otros.<\/p>\n<p>En este domingo y con motivo del \u201cD\u00eda del Padre\u201d, destac\u00f3 la importancia de la instituci\u00f3n familiar para el desarrollo de la comunidad\u201c: inculcar honradez, trabajo y dedicaci\u00f3n, es la mejor herramienta para el triunfo de nuestros hijos ante la vida\u201d, sostuvo.<\/p>\n<p>Ya en redes sociales, Arturo Mart\u00ednez Alfaro, celebr\u00f3 el triunfo de la selecci\u00f3n nacional ante Alemania.<\/p>\n<p>En visita por Dos R\u00edos, La Pera,\u00a0 San Jacinto, El Mirador, San Bartolito, Tierra y Libertad, Lomas del Carmen y Allende; reiter\u00f3 que dentro de su estrategia de gobierno, se contempla el tratamiento de aguas residuales con el uso de la tecnolog\u00eda en la captaci\u00f3n de aguas pluviales adem\u00e1s de trabajo en combate fugas. Asimismo subray\u00f3 estar seguro de devolver al PRI la localidad.<\/p>\n","protected":false},"excerpt":{"rendered":"<p>A diez d\u00edas de concluir  el proceso electoral el candidato del PRI a la presidencia municipal  de Huixquilucan, Arturo Mart\u00ednez Alfaro, apret\u00f3 el paso en sus visitas domiciliarias a todos los rincones del territorio huixquiluquense e insisti\u00f3 en el compromiso de llevar a cabo un gobierno transparente con disminuci\u00f3n en el gasto p\u00fablico, procesos de adquisici\u00f3n preferente para impulsar el desarrollo del municipio.<\/p>\n","protected":false},"author":3,"featured_media":381612,"comment_status":"open","ping_status":"open","sticky":false,"template":"","format":"standard","meta":{"_monsterinsights_skip_tracking":false,"_monsterinsights_sitenote_active":false,"_monsterinsights_sitenote_note":"","_monsterinsights_sitenote_category":0,"footnotes":""},"categories":[35155],"tags":[74088,21533,6665,43675,1097],"class_list":["post-381532","post","type-post","status-publish","format-standard","has-post-thumbnail","hentry","category-estado-de-mexico-estado-de-mexico","tag-arturo-martinez-alfaro","tag-combate","tag-corrupcion","tag-estado-de-mexico","tag-huixquilucan"],"_links":{"self":[{"href":"https:\/\/www.diarioimagen.net\/index.php?rest_route=\/wp\/v2\/posts\/381532","targetHints":{"allow":["GET"]}}],"collection":[{"href":"https:\/\/www.diarioimagen.net\/index.php?rest_route=\/wp\/v2\/posts"}],"about":[{"href":"https:\/\/www.diarioimagen.net\/index.php?rest_route=\/wp\/v2\/types\/post"}],"author":[{"embeddable":true,"href":"https:\/\/www.diarioimagen.net\/index.php?rest_route=\/wp\/v2\/users\/3"}],"replies":[{"embeddable":true,"href":"https:\/\/www.diarioimagen.net\/index.php?rest_route=%2Fwp%2Fv2%2Fcomments&post=381532"}],"version-history":[{"count":0,"href":"https:\/\/www.diarioimagen.net\/index.php?rest_route=\/wp\/v2\/posts\/381532\/revisions"}],"wp:featuredmedia":[{"embeddable":true,"href":"https:\/\/www.diarioimagen.net\/index.php?rest_route=\/wp\/v2\/media\/381612"}],"wp:attachment":[{"href":"https:\/\/www.diarioimagen.net\/index.php?rest_route=%2Fwp%2Fv2%2Fmedia&parent=381532"}],"wp:term":[{"taxonomy":"category","embeddable":true,"href":"https:\/\/www.diarioimagen.net\/index.php?rest_route=%2Fwp%2Fv2%2Fcategories&post=381532"},{"taxonomy":"post_tag","embeddable":true,"href":"https:\/\/www.diarioimagen.net\/index.php?rest_route=%2Fwp%2Fv2%2Ftags&post=381532"}],"curies":[{"name":"wp","href":"https:\/\/api.w.org\/{rel}","templated":true}]}}