{"id":381536,"date":"2018-06-19T00:07:36","date_gmt":"2018-06-19T05:07:36","guid":{"rendered":"http:\/\/www.diarioimagen.net\/?p=381536"},"modified":"2018-06-19T05:44:27","modified_gmt":"2018-06-19T10:44:27","slug":"arrebatar-los-parques-a-la-delincuencia-y-devolverlos-a-naucalpenses-rodrigo-reina","status":"publish","type":"post","link":"https:\/\/www.diarioimagen.net\/?p=381536","title":{"rendered":"Arrebatar los parques a la delincuencia y devolverlos a naucalpenses: Rodrigo Reina"},"content":{"rendered":"<ul>\n<li><strong><em>Abanderado del PRI a la alcald\u00eda<\/em><\/strong><\/li>\n<\/ul>\n<p>&nbsp;<\/p>\n<div id=\"attachment_381618\" style=\"width: 470px\" class=\"wp-caption aligncenter\"><a href=\"http:\/\/www.diarioimagen.net\/?attachment_id=381618\" rel=\"attachment wp-att-381618\"><img loading=\"lazy\" decoding=\"async\" aria-describedby=\"caption-attachment-381618\" class=\"size-large wp-image-381618\" src=\"http:\/\/www.diarioimagen.net\/wp-content\/uploads\/2018\/06\/NAUCALPAN-3392-460x259.jpg\" alt=\"\" width=\"460\" height=\"259\" srcset=\"https:\/\/www.diarioimagen.net\/wp-content\/uploads\/2018\/06\/NAUCALPAN-3392-460x259.jpg 460w, https:\/\/www.diarioimagen.net\/wp-content\/uploads\/2018\/06\/NAUCALPAN-3392-240x135.jpg 240w, https:\/\/www.diarioimagen.net\/wp-content\/uploads\/2018\/06\/NAUCALPAN-3392-235x132.jpg 235w, https:\/\/www.diarioimagen.net\/wp-content\/uploads\/2018\/06\/NAUCALPAN-3392-202x114.jpg 202w, https:\/\/www.diarioimagen.net\/wp-content\/uploads\/2018\/06\/NAUCALPAN-3392-350x196.jpg 350w, https:\/\/www.diarioimagen.net\/wp-content\/uploads\/2018\/06\/NAUCALPAN-3392-220x123.jpg 220w, https:\/\/www.diarioimagen.net\/wp-content\/uploads\/2018\/06\/NAUCALPAN-3392-237x132.jpg 237w, https:\/\/www.diarioimagen.net\/wp-content\/uploads\/2018\/06\/NAUCALPAN-3392.jpg 480w\" sizes=\"auto, (max-width: 460px) 100vw, 460px\" \/><\/a><p id=\"caption-attachment-381618\" class=\"wp-caption-text\">El candidato del PRI se\u00f1al\u00f3 que los espacios p\u00fablicos les pertenecen a los vecinos, no a gente que haga mal uso de ellos.<\/p><\/div>\n<p>&nbsp;<\/p>\n<p><strong>Naucalpan, Estado de M\u00e9xico<\/strong>.-Rodrigo Reina Liceaga, candidato del PRI a la alcald\u00eda de Naucalpan, durante su recorrido en busca del voto ciudadano, dijo que trabajar\u00e1 para que en la entidad haya mayor n\u00famero de zonas recreativas, donde ni\u00f1os, adolescentes y adultos encuentren un lugar de esparcimiento.<\/p>\n<p>\u201cNo dejar\u00e9 un espacio para que los delincuentes se aprovechen de los naucalpenses, habr\u00e1n \u00e1reas verdes donde puedan hacer ejercicio, canchas de f\u00fatbol, basquetbol, gimnasios al aire libre\u201d, declar\u00f3 en su gira Reina Liceaga.<\/p>\n<p>En este caminar que realiz\u00f3 por calles de la colonia Colinas de San Mateo, el candidato del PRI, felicit\u00f3 a los padres de familia en su d\u00eda, y se\u00f1al\u00f3 que los espacios p\u00fablicos les pertenecen a los vecinos, no a gente que haga mal uso de ellos.<\/p>\n<p>Reina Liceaga dijo contar con un proyecto de trabajo para el rescate de espacios recreativos y \u00e1reas verdes.<\/p>\n<p>El pri\u00edsta es el principal defensor de las tradiciones familiares, por ello trabajar\u00e1 de manera conjunta con la sociedad por un Naucalpan seguro, limpio, con oportunidades de trabajo, servicios de salud, movilidad, alumbrado p\u00fablico, agua potable, remodelaci\u00f3n de mercados, entre otras,\u00a0 para que sus habitantes vivan de forma tranquila y segura.<\/p>\n","protected":false},"excerpt":{"rendered":"<p>Rodrigo Reina Liceaga, candidato del PRI a la alcald\u00eda de Naucalpan, durante su recorrido en busca del voto ciudadano, dijo que trabajar\u00e1 para que en la entidad haya mayor n\u00famero de zonas recreativas, donde ni\u00f1os, adolescentes y adultos encuentren un lugar de esparcimiento. <\/p>\n","protected":false},"author":3,"featured_media":381618,"comment_status":"open","ping_status":"open","sticky":false,"template":"","format":"standard","meta":{"_monsterinsights_skip_tracking":false,"_monsterinsights_sitenote_active":false,"_monsterinsights_sitenote_note":"","_monsterinsights_sitenote_category":0,"footnotes":""},"categories":[35155],"tags":[8654,43675,970,70335],"class_list":["post-381536","post","type-post","status-publish","format-standard","has-post-thumbnail","hentry","category-estado-de-mexico-estado-de-mexico","tag-delincuencia","tag-estado-de-mexico","tag-naucalpan","tag-parques"],"_links":{"self":[{"href":"https:\/\/www.diarioimagen.net\/index.php?rest_route=\/wp\/v2\/posts\/381536","targetHints":{"allow":["GET"]}}],"collection":[{"href":"https:\/\/www.diarioimagen.net\/index.php?rest_route=\/wp\/v2\/posts"}],"about":[{"href":"https:\/\/www.diarioimagen.net\/index.php?rest_route=\/wp\/v2\/types\/post"}],"author":[{"embeddable":true,"href":"https:\/\/www.diarioimagen.net\/index.php?rest_route=\/wp\/v2\/users\/3"}],"replies":[{"embeddable":true,"href":"https:\/\/www.diarioimagen.net\/index.php?rest_route=%2Fwp%2Fv2%2Fcomments&post=381536"}],"version-history":[{"count":0,"href":"https:\/\/www.diarioimagen.net\/index.php?rest_route=\/wp\/v2\/posts\/381536\/revisions"}],"wp:featuredmedia":[{"embeddable":true,"href":"https:\/\/www.diarioimagen.net\/index.php?rest_route=\/wp\/v2\/media\/381618"}],"wp:attachment":[{"href":"https:\/\/www.diarioimagen.net\/index.php?rest_route=%2Fwp%2Fv2%2Fmedia&parent=381536"}],"wp:term":[{"taxonomy":"category","embeddable":true,"href":"https:\/\/www.diarioimagen.net\/index.php?rest_route=%2Fwp%2Fv2%2Fcategories&post=381536"},{"taxonomy":"post_tag","embeddable":true,"href":"https:\/\/www.diarioimagen.net\/index.php?rest_route=%2Fwp%2Fv2%2Ftags&post=381536"}],"curies":[{"name":"wp","href":"https:\/\/api.w.org\/{rel}","templated":true}]}}