{"id":381711,"date":"2018-06-20T00:11:53","date_gmt":"2018-06-20T05:11:53","guid":{"rendered":"http:\/\/www.diarioimagen.net\/?p=381711"},"modified":"2018-06-20T03:28:41","modified_gmt":"2018-06-20T08:28:41","slug":"atiende-metepec-contingencias-por-las-lluvias","status":"publish","type":"post","link":"https:\/\/www.diarioimagen.net\/?p=381711","title":{"rendered":"Atiende Metepec contingencias por las lluvias"},"content":{"rendered":"<ul>\n<li><strong><em>Pide a ciudadan\u00eda reportar afectaciones<\/em><\/strong><\/li>\n<\/ul>\n<p>&nbsp;<\/p>\n<div id=\"attachment_381807\" style=\"width: 470px\" class=\"wp-caption aligncenter\"><a href=\"http:\/\/www.diarioimagen.net\/?attachment_id=381807\" rel=\"attachment wp-att-381807\"><img loading=\"lazy\" decoding=\"async\" aria-describedby=\"caption-attachment-381807\" class=\"size-large wp-image-381807\" src=\"http:\/\/www.diarioimagen.net\/wp-content\/uploads\/2018\/06\/METEPEC-3393-460x259.jpg\" alt=\"\" width=\"460\" height=\"259\" srcset=\"https:\/\/www.diarioimagen.net\/wp-content\/uploads\/2018\/06\/METEPEC-3393-460x259.jpg 460w, https:\/\/www.diarioimagen.net\/wp-content\/uploads\/2018\/06\/METEPEC-3393-240x135.jpg 240w, https:\/\/www.diarioimagen.net\/wp-content\/uploads\/2018\/06\/METEPEC-3393-235x132.jpg 235w, https:\/\/www.diarioimagen.net\/wp-content\/uploads\/2018\/06\/METEPEC-3393-202x114.jpg 202w, https:\/\/www.diarioimagen.net\/wp-content\/uploads\/2018\/06\/METEPEC-3393-350x196.jpg 350w, https:\/\/www.diarioimagen.net\/wp-content\/uploads\/2018\/06\/METEPEC-3393-220x123.jpg 220w, https:\/\/www.diarioimagen.net\/wp-content\/uploads\/2018\/06\/METEPEC-3393-237x132.jpg 237w, https:\/\/www.diarioimagen.net\/wp-content\/uploads\/2018\/06\/METEPEC-3393.jpg 480w\" sizes=\"auto, (max-width: 460px) 100vw, 460px\" \/><\/a><p id=\"caption-attachment-381807\" class=\"wp-caption-text\">Se realizan trabajos para evitar inundaciones y se monitorean pozos, r\u00edos y canales a cielo abierto.<\/p><\/div>\n<p>&nbsp;<\/p>\n<p><strong>Metepec, Estado de M\u00e9xico<\/strong>.- La Coordinaci\u00f3n de Protecci\u00f3n Civil y Bomberos de Metepec, as\u00ed como el Organismo P\u00fablico Descentralizado de Agua Potable, Alcantarillado y Saneamiento (OPDAPAS), implementan acciones conjuntas a fin de evitar afectaciones por lluvias\u00a0 en zonas vulnerables del municipio.<\/p>\n<p>De forma permanente e ininterrumpida,\u00a0el OPDAPAS realiza trabajos de mantenimiento en redes de alcantarillado y de desazolve en r\u00edos, caudales, as\u00ed como en canales a cielo abierto que se ubican en la demarcaci\u00f3n, con el objetivo de prevenir desbordamientos que vulneren el patrimonio de los metepequenses.<\/p>\n<p>Adem\u00e1s, con apoyo de la Coordinaci\u00f3n de Protecci\u00f3n Civil municipal se trabaja en una campa\u00f1a de concientizaci\u00f3n dirigida a alumnos de educaci\u00f3n b\u00e1sica en la que se les habla de los graves problemas que causa el tirar basura en la v\u00eda p\u00fablica, ya que se afecta severamente al sistema de alcantarillado provocando encharcamientos e inundaciones.<\/p>\n<p>Mediante la implementaci\u00f3n de un protocolo de prevenci\u00f3n, atenci\u00f3n y respuesta, donde tambi\u00e9n participan las direcciones de Servicios P\u00fablicos, Medio Ambiente, as\u00ed como Seguridad P\u00fablica y Tr\u00e1nsito, se monitorean y recorren 20 puntos de encharcamiento e inundaci\u00f3n, focalizando las acciones en zonas que colindan con el R\u00edo Lerma.<\/p>\n<p>Para reportar cualquier emergencia a causa de las lluvias, el gobierno municipal pone a disposici\u00f3n de la ciudadan\u00eda los n\u00fameros de Protecci\u00f3n Civil y Bomberos que son: 2-08-26-05\/2-16-16-09\/2-08-28-54; OPDAPAS 2-08-89-35 y Seguridad P\u00fablica con el 2-71-23-89 y 2-71-23-90.<\/p>\n","protected":false},"excerpt":{"rendered":"<p>La Coordinaci\u00f3n de Protecci\u00f3n Civil y Bomberos de Metepec, as\u00ed como el Organismo P\u00fablico Descentralizado de Agua Potable, Alcantarillado y Saneamiento (OPDAPAS), implementan acciones conjuntas a fin de evitar afectaciones por lluvias  en zonas vulnerables del municipio.<\/p>\n","protected":false},"author":3,"featured_media":381807,"comment_status":"open","ping_status":"open","sticky":false,"template":"","format":"standard","meta":{"_monsterinsights_skip_tracking":false,"_monsterinsights_sitenote_active":false,"_monsterinsights_sitenote_note":"","_monsterinsights_sitenote_category":0,"footnotes":""},"categories":[5],"tags":[75081,43675,1849,876],"class_list":["post-381711","post","type-post","status-publish","format-standard","has-post-thumbnail","hentry","category-estado-de-mexico","tag-contingencias","tag-estado-de-mexico","tag-lluvias","tag-metepec"],"_links":{"self":[{"href":"https:\/\/www.diarioimagen.net\/index.php?rest_route=\/wp\/v2\/posts\/381711","targetHints":{"allow":["GET"]}}],"collection":[{"href":"https:\/\/www.diarioimagen.net\/index.php?rest_route=\/wp\/v2\/posts"}],"about":[{"href":"https:\/\/www.diarioimagen.net\/index.php?rest_route=\/wp\/v2\/types\/post"}],"author":[{"embeddable":true,"href":"https:\/\/www.diarioimagen.net\/index.php?rest_route=\/wp\/v2\/users\/3"}],"replies":[{"embeddable":true,"href":"https:\/\/www.diarioimagen.net\/index.php?rest_route=%2Fwp%2Fv2%2Fcomments&post=381711"}],"version-history":[{"count":0,"href":"https:\/\/www.diarioimagen.net\/index.php?rest_route=\/wp\/v2\/posts\/381711\/revisions"}],"wp:featuredmedia":[{"embeddable":true,"href":"https:\/\/www.diarioimagen.net\/index.php?rest_route=\/wp\/v2\/media\/381807"}],"wp:attachment":[{"href":"https:\/\/www.diarioimagen.net\/index.php?rest_route=%2Fwp%2Fv2%2Fmedia&parent=381711"}],"wp:term":[{"taxonomy":"category","embeddable":true,"href":"https:\/\/www.diarioimagen.net\/index.php?rest_route=%2Fwp%2Fv2%2Fcategories&post=381711"},{"taxonomy":"post_tag","embeddable":true,"href":"https:\/\/www.diarioimagen.net\/index.php?rest_route=%2Fwp%2Fv2%2Ftags&post=381711"}],"curies":[{"name":"wp","href":"https:\/\/api.w.org\/{rel}","templated":true}]}}