{"id":381713,"date":"2018-06-20T00:10:57","date_gmt":"2018-06-20T05:10:57","guid":{"rendered":"http:\/\/www.diarioimagen.net\/?p=381713"},"modified":"2018-06-20T03:30:47","modified_gmt":"2018-06-20T08:30:47","slug":"supervisa-del-mazo-la-edayo-de-tultepec","status":"publish","type":"post","link":"https:\/\/www.diarioimagen.net\/?p=381713","title":{"rendered":"Supervisa Del Mazo la EDAYO de Tultepec"},"content":{"rendered":"<h2>Arco Norte<\/h2>\n<h5>Jos\u00e9 Luis Monta\u00f1ez Aguilar<\/h5>\n<p>&nbsp;<\/p>\n<p><a href=\"http:\/\/www.diarioimagen.net\/?attachment_id=381810\" rel=\"attachment wp-att-381810\"><img loading=\"lazy\" decoding=\"async\" class=\"aligncenter size-large wp-image-381810\" src=\"http:\/\/www.diarioimagen.net\/wp-content\/uploads\/2018\/06\/arco-3393-460x259.jpg\" alt=\"\" width=\"460\" height=\"259\" srcset=\"https:\/\/www.diarioimagen.net\/wp-content\/uploads\/2018\/06\/arco-3393-460x259.jpg 460w, https:\/\/www.diarioimagen.net\/wp-content\/uploads\/2018\/06\/arco-3393-240x135.jpg 240w, https:\/\/www.diarioimagen.net\/wp-content\/uploads\/2018\/06\/arco-3393-235x132.jpg 235w, https:\/\/www.diarioimagen.net\/wp-content\/uploads\/2018\/06\/arco-3393-202x114.jpg 202w, https:\/\/www.diarioimagen.net\/wp-content\/uploads\/2018\/06\/arco-3393-350x196.jpg 350w, https:\/\/www.diarioimagen.net\/wp-content\/uploads\/2018\/06\/arco-3393-220x123.jpg 220w, https:\/\/www.diarioimagen.net\/wp-content\/uploads\/2018\/06\/arco-3393-237x132.jpg 237w, https:\/\/www.diarioimagen.net\/wp-content\/uploads\/2018\/06\/arco-3393.jpg 480w\" sizes=\"auto, (max-width: 460px) 100vw, 460px\" \/><\/a><\/p>\n<p>&nbsp;<\/p>\n<p>El gobernador del Estado de M\u00e9xico, Alfred Del Mazo, visit\u00f3 el Centro Especializado de Atenci\u00f3n Primaria a la Salud\u00a0 (CEAPS) de este municipio y la Escuela de Artes y Oficios (EDAYO) de Tultepec, para supervisar que los servicios que ah\u00ed reciben los mexiquenses sean de calidad, adem\u00e1s de que cuenten con espacios dignos.<\/p>\n<p>En el inicio de su gira de trabajo, el Gobernador del estado se reuni\u00f3 con estudiantes y maestros de la EDAYO de Tultepec, donde realiz\u00f3 un recorrido por sus instalaciones para conocer de cerca las necesidades y peticiones de la comunidad estudiantil, as\u00ed como las actividades que se desarrollan en el plantel.<\/p>\n<p>Durante su visita, acompa\u00f1ado del Secretario del Trabajo, el mandatario estatal recorri\u00f3 el taller de corte y confecci\u00f3n, donde tuvo la oportunidad de ver el trabajo de los alumnos en la realizaci\u00f3n de prendas de vestir.<\/p>\n<p>Posteriormente, el gobernador visit\u00f3 los consultorios de ginecolog\u00eda, psicolog\u00eda,\u00a0 pediatr\u00eda, dental y de medicina preventiva, as\u00ed como las \u00e1reas de curaciones y\u00a0 estimulaci\u00f3n temprana del CEAPS del municipio de Jaltenco.<\/p>\n<p>Ah\u00ed, el Jefe del Ejecutivo estatal tuvo la oportunidad de dialogar con los pacientes, quienes le explicaron las razones para acudir a esta cl\u00ednica, as\u00ed como las atenciones y los tipos de servicios m\u00e9dicos que se les brindan.<\/p>\n<p>Junto con el secretario de Salud estatal, el gobernador mexiquense tambi\u00e9n platic\u00f3 con personal m\u00e9dico de este centro, de quien escuch\u00f3 cu\u00e1les son los diferentes servicios gratuitos que se ofrecen en este espacio, las necesidades del mismo, adem\u00e1s del proceso para recibir consulta, que incluye una evaluaci\u00f3n general del estado de salud de los pacientes.<\/p>\n<p>Para finalizar su recorrido de supervisi\u00f3n, el jefe del Ejecutivo estatal visit\u00f3 la farmacia de este centro m\u00e9dico, donde constat\u00f3 que se tengan las medicinas suficientes, as\u00ed como el correcto funcionamiento del sistema de inventario, para continuar atendiendo a los pacientes sin contratiempos.<\/p>\n<p><em><a href=\"mailto:montanezaguilar@gmail.com\" target=\"_blank\" rel=\"noopener\">montanezaguilar@gmail.com<\/a><\/em><\/p>\n","protected":false},"excerpt":{"rendered":"<p><span style=\"color: #005497;\">Jos\u00e9 Luis Monta\u00f1ez Aguilar<\/span><br \/>\n<br \/>\nEl gobernador del Estado de M\u00e9xico, Alfred Del Mazo, visit\u00f3 el Centro Especializado de Atenci\u00f3n Primaria a la Salud  (CEAPS) de este municipio y la Escuela de Artes y Oficios (EDAYO) de Tultepec, para supervisar que los servicios que ah\u00ed reciben los mexiquenses sean de calidad, adem\u00e1s de que cuenten con espacios dignos.<\/p>\n","protected":false},"author":3,"featured_media":381810,"comment_status":"open","ping_status":"open","sticky":false,"template":"","format":"standard","meta":{"_monsterinsights_skip_tracking":false,"_monsterinsights_sitenote_active":false,"_monsterinsights_sitenote_note":"","_monsterinsights_sitenote_category":0,"footnotes":""},"categories":[5],"tags":[13284,43704,43674],"class_list":["post-381713","post","type-post","status-publish","format-standard","has-post-thumbnail","hentry","category-estado-de-mexico","tag-arco-norte","tag-jose-luis-montanez-aguilar","tag-opinion"],"_links":{"self":[{"href":"https:\/\/www.diarioimagen.net\/index.php?rest_route=\/wp\/v2\/posts\/381713","targetHints":{"allow":["GET"]}}],"collection":[{"href":"https:\/\/www.diarioimagen.net\/index.php?rest_route=\/wp\/v2\/posts"}],"about":[{"href":"https:\/\/www.diarioimagen.net\/index.php?rest_route=\/wp\/v2\/types\/post"}],"author":[{"embeddable":true,"href":"https:\/\/www.diarioimagen.net\/index.php?rest_route=\/wp\/v2\/users\/3"}],"replies":[{"embeddable":true,"href":"https:\/\/www.diarioimagen.net\/index.php?rest_route=%2Fwp%2Fv2%2Fcomments&post=381713"}],"version-history":[{"count":0,"href":"https:\/\/www.diarioimagen.net\/index.php?rest_route=\/wp\/v2\/posts\/381713\/revisions"}],"wp:featuredmedia":[{"embeddable":true,"href":"https:\/\/www.diarioimagen.net\/index.php?rest_route=\/wp\/v2\/media\/381810"}],"wp:attachment":[{"href":"https:\/\/www.diarioimagen.net\/index.php?rest_route=%2Fwp%2Fv2%2Fmedia&parent=381713"}],"wp:term":[{"taxonomy":"category","embeddable":true,"href":"https:\/\/www.diarioimagen.net\/index.php?rest_route=%2Fwp%2Fv2%2Fcategories&post=381713"},{"taxonomy":"post_tag","embeddable":true,"href":"https:\/\/www.diarioimagen.net\/index.php?rest_route=%2Fwp%2Fv2%2Ftags&post=381713"}],"curies":[{"name":"wp","href":"https:\/\/api.w.org\/{rel}","templated":true}]}}