{"id":381724,"date":"2018-06-20T00:11:27","date_gmt":"2018-06-20T05:11:27","guid":{"rendered":"http:\/\/www.diarioimagen.net\/?p=381724"},"modified":"2018-06-20T23:45:06","modified_gmt":"2018-06-21T04:45:06","slug":"una-cosa-es-apoyar-a-la-seleccion-mexicana-y-otra-ilusionarse","status":"publish","type":"post","link":"https:\/\/www.diarioimagen.net\/?p=381724","title":{"rendered":"Una cosa es apoyar a la Selecci\u00f3n Mexicana, y otra ilusionarse"},"content":{"rendered":"<h2>Otra perspectiva<\/h2>\n<h5>Aar\u00f3n \u00c1valos<\/h5>\n<p>&nbsp;<\/p>\n<p><a href=\"http:\/\/www.diarioimagen.net\/?attachment_id=381792\" rel=\"attachment wp-att-381792\"><img loading=\"lazy\" decoding=\"async\" class=\"aligncenter size-large wp-image-381792\" src=\"http:\/\/www.diarioimagen.net\/wp-content\/uploads\/2018\/06\/Columna-3393-460x259.jpg\" alt=\"\" width=\"460\" height=\"259\" srcset=\"https:\/\/www.diarioimagen.net\/wp-content\/uploads\/2018\/06\/Columna-3393-460x259.jpg 460w, https:\/\/www.diarioimagen.net\/wp-content\/uploads\/2018\/06\/Columna-3393-240x135.jpg 240w, https:\/\/www.diarioimagen.net\/wp-content\/uploads\/2018\/06\/Columna-3393-235x132.jpg 235w, https:\/\/www.diarioimagen.net\/wp-content\/uploads\/2018\/06\/Columna-3393-202x114.jpg 202w, https:\/\/www.diarioimagen.net\/wp-content\/uploads\/2018\/06\/Columna-3393-350x196.jpg 350w, https:\/\/www.diarioimagen.net\/wp-content\/uploads\/2018\/06\/Columna-3393-220x123.jpg 220w, https:\/\/www.diarioimagen.net\/wp-content\/uploads\/2018\/06\/Columna-3393-237x132.jpg 237w, https:\/\/www.diarioimagen.net\/wp-content\/uploads\/2018\/06\/Columna-3393.jpg 480w\" sizes=\"auto, (max-width: 460px) 100vw, 460px\" \/><\/a><\/p>\n<p>&nbsp;<\/p>\n<p>Como cada cuatro a\u00f1os, nos encontramos en tiempos mundialistas. Es esa \u00e9poca donde todo mundo se re\u00fane para ver todos los partidos, nos olvidamos de todos los problemas de los cuales nos quejamos todo el tiempo, pero claro, como cada cuatro a\u00f1os, renovamos la ilusi\u00f3n y expectativa respecto a la Selecci\u00f3n Mexicana.<\/p>\n<p>\u00bfQu\u00e9 pasa? Ya sabemos que el Tri siempre pasa la fase de grupos y se queda en el cuarto partido. No quiero sonar pesimista ni malinchista, mucho menos. Como buen mexicano, me apasiona el futbol y disfruto de este magno evento que es el Mundial, donde no nos perdemos un solo partido. Pero no basta con apasionarse, tambi\u00e9n hay que ser realistas.<\/p>\n<p>En el primer partido se enfrent\u00f3 y venci\u00f3 a Alemania, el campe\u00f3n del mundo, que no es cualquier cosa, pero si nos ponemos a pensar, ya con la cabeza fr\u00eda, \u00bfes para festejar como si hubieran ganado la Copa del Mundo, e incluso, ir a festejar al \u00c1ngel por ganar el primer partido? Lo creer\u00eda si fu\u00e9ramos islandeses o paname\u00f1os, que viven su primer Mundial, pero a ver, hemos disfrutado de varios mundiales donde ha participado M\u00e9xico, por lo que resulta absurdo celebrar con tanta euforia ganar el primer partido, conformista, vaya.<\/p>\n<p>Que hay que apoyar a los jugadores, s\u00ed. Que se le debe aplaudir el trabajo al cuerpo t\u00e9cnico, sin duda. Que hay que esperar m\u00e1s de la selecci\u00f3n en comparaci\u00f3n con el Mundial pasado, y aspirar a m\u00e1s del quinto partido, \u00a1por supuesto que s\u00ed! Pero mexicanos, no hay que adelantarse, para qu\u00e9 festejar como si hubi\u00e9ramos ganado la copa, si apenas va un partido, y si vemos la estad\u00edstica, la selecci\u00f3n no pasa de octavos. Una cosa es apoyar, y otra ilusionarse. Ilusion\u00e9monos cuando se llegue al quinto partido, antes no. Claro, se entiende que lo hagan los aficionados del Cruz Azul, que con su equipo no les queda de otra y se ilusionan torneo tras torneo, a pesar de tantos a\u00f1os sin ser campeones. Vaya directiva&#8230;<\/p>\n<p>Por otro lado, disfruten del Mundial, es algo que ocurre cada cuatro a\u00f1os y desafortunadamente hay quienes se quejan de quienes vemos el Mundial, que porque nos distrae y aleja de la realidad, y peor, ocurre en tiempos de elecciones y es una distracci\u00f3n de cosas importantes, etc. \u00a1Disfruten! Es futbol, no una cortina de humo de la mafia del poder para entretenernos, y si no les gusta el futbol, tambi\u00e9n est\u00e1 bien, no hay que amargarle la vida a quienes lo disfrutan.<\/p>\n<blockquote><p>Para cualquier duda, sugerencia, aclaraci\u00f3n, quejas o contrataciones, les dejo mi twitter <a href=\"https:\/\/twitter.com\/a_avalos9\" target=\"_blank\" rel=\"noopener\"><em>@A_Avalos9<\/em><\/a> y mi correo: <a href=\"mailto:chicharitoesgay@gmail.com\" target=\"_blank\" rel=\"noopener\"><em>chicharitoesgay@gmail.com<\/em><\/a>.<\/p>\n<p>Espero esta primera columna les haya gustado, primera de muchas, y si no les gust\u00f3, ni modo porque se vienen m\u00e1s. \u00a1Hasta la pr\u00f3xima!<\/p><\/blockquote>\n","protected":false},"excerpt":{"rendered":"<p><span style=\"color: #005497;\">Aar\u00f3n \u00c1valos<\/span><br \/>\n<br \/>\nComo cada cuatro a\u00f1os, nos encontramos en tiempos mundialistas. Es esa \u00e9poca donde todo mundo se re\u00fane para ver todos los partidos, nos olvidamos de todos los problemas de los cuales nos quejamos todo el tiempo, pero claro, como cada cuatro a\u00f1os, renovamos la ilusi\u00f3n y expectativa respecto a la Selecci\u00f3n Mexicana.<\/p>\n","protected":false},"author":3,"featured_media":381792,"comment_status":"open","ping_status":"open","sticky":false,"template":"","format":"standard","meta":{"_monsterinsights_skip_tracking":false,"_monsterinsights_sitenote_active":false,"_monsterinsights_sitenote_note":"","_monsterinsights_sitenote_category":0,"footnotes":""},"categories":[75134],"tags":[75085,43680,43674,75084],"class_list":["post-381724","post","type-post","status-publish","format-standard","has-post-thumbnail","hentry","category-opinion-deportes","tag-aaron-avalos","tag-deportes","tag-opinion","tag-otra-perspectiva"],"_links":{"self":[{"href":"https:\/\/www.diarioimagen.net\/index.php?rest_route=\/wp\/v2\/posts\/381724","targetHints":{"allow":["GET"]}}],"collection":[{"href":"https:\/\/www.diarioimagen.net\/index.php?rest_route=\/wp\/v2\/posts"}],"about":[{"href":"https:\/\/www.diarioimagen.net\/index.php?rest_route=\/wp\/v2\/types\/post"}],"author":[{"embeddable":true,"href":"https:\/\/www.diarioimagen.net\/index.php?rest_route=\/wp\/v2\/users\/3"}],"replies":[{"embeddable":true,"href":"https:\/\/www.diarioimagen.net\/index.php?rest_route=%2Fwp%2Fv2%2Fcomments&post=381724"}],"version-history":[{"count":0,"href":"https:\/\/www.diarioimagen.net\/index.php?rest_route=\/wp\/v2\/posts\/381724\/revisions"}],"wp:featuredmedia":[{"embeddable":true,"href":"https:\/\/www.diarioimagen.net\/index.php?rest_route=\/wp\/v2\/media\/381792"}],"wp:attachment":[{"href":"https:\/\/www.diarioimagen.net\/index.php?rest_route=%2Fwp%2Fv2%2Fmedia&parent=381724"}],"wp:term":[{"taxonomy":"category","embeddable":true,"href":"https:\/\/www.diarioimagen.net\/index.php?rest_route=%2Fwp%2Fv2%2Fcategories&post=381724"},{"taxonomy":"post_tag","embeddable":true,"href":"https:\/\/www.diarioimagen.net\/index.php?rest_route=%2Fwp%2Fv2%2Ftags&post=381724"}],"curies":[{"name":"wp","href":"https:\/\/api.w.org\/{rel}","templated":true}]}}