{"id":381727,"date":"2018-06-20T00:10:41","date_gmt":"2018-06-20T05:10:41","guid":{"rendered":"http:\/\/www.diarioimagen.net\/?p=381727"},"modified":"2018-06-20T03:18:54","modified_gmt":"2018-06-20T08:18:54","slug":"todos-los-jugadores-deben-estar-listos-marco-fabian","status":"publish","type":"post","link":"https:\/\/www.diarioimagen.net\/?p=381727","title":{"rendered":"Todos los jugadores deben estar listos: Marco Fabi\u00e1n"},"content":{"rendered":"<ul>\n<li><strong><em>Para ver acci\u00f3n en el Mundial<\/em><\/strong><\/li>\n<\/ul>\n<p>&nbsp;<\/p>\n<div id=\"attachment_381795\" style=\"width: 470px\" class=\"wp-caption aligncenter\"><a href=\"http:\/\/www.diarioimagen.net\/?attachment_id=381795\" rel=\"attachment wp-att-381795\"><img loading=\"lazy\" decoding=\"async\" aria-describedby=\"caption-attachment-381795\" class=\"size-large wp-image-381795\" src=\"http:\/\/www.diarioimagen.net\/wp-content\/uploads\/2018\/06\/MARCO-3393-460x259.jpg\" alt=\"\" width=\"460\" height=\"259\" srcset=\"https:\/\/www.diarioimagen.net\/wp-content\/uploads\/2018\/06\/MARCO-3393-460x259.jpg 460w, https:\/\/www.diarioimagen.net\/wp-content\/uploads\/2018\/06\/MARCO-3393-240x135.jpg 240w, https:\/\/www.diarioimagen.net\/wp-content\/uploads\/2018\/06\/MARCO-3393-235x132.jpg 235w, https:\/\/www.diarioimagen.net\/wp-content\/uploads\/2018\/06\/MARCO-3393-202x114.jpg 202w, https:\/\/www.diarioimagen.net\/wp-content\/uploads\/2018\/06\/MARCO-3393-350x196.jpg 350w, https:\/\/www.diarioimagen.net\/wp-content\/uploads\/2018\/06\/MARCO-3393-220x123.jpg 220w, https:\/\/www.diarioimagen.net\/wp-content\/uploads\/2018\/06\/MARCO-3393-237x132.jpg 237w, https:\/\/www.diarioimagen.net\/wp-content\/uploads\/2018\/06\/MARCO-3393.jpg 480w\" sizes=\"auto, (max-width: 460px) 100vw, 460px\" \/><\/a><p id=\"caption-attachment-381795\" class=\"wp-caption-text\">Marco Fabi\u00e1n de la Mora se\u00f1al\u00f3 que todos los integrantes de la selecci\u00f3n deben estar listos para ver accion.<\/p><\/div>\n<p>&nbsp;<\/p>\n<p>M\u00e1s all\u00e1 de que estuvo en la banca en el debut de la selecci\u00f3n mexicana de futbol en la Copa Mundial Rusia 2018, el volante Marco Fabi\u00e1n de la Mora se\u00f1al\u00f3 que todos los integrantes de la selecci\u00f3n deben estar listos para cuando sean requeridos por el t\u00e9cnico colombiano Juan Carlos Osorio.<\/p>\n<p>\u201cSomos un equipo de 23 jugadores y todos debemos estar listos cuando nos llegue la oportunidad. El que le toque estar adentro lo tenemos que hacer lo mejor posible\u201d, indic\u00f3 en declaraciones que reproduce la Selecci\u00f3n Nacional a trav\u00e9s de su cuenta de Twitter.<\/p>\n<p>Expuso que luego de presentarse en la justa mundialista con un triunfo sobre Alemania, deben mantener la concentraci\u00f3n y ser conscientes que falta mucho camino por recorrer. \u201cPensamos en ir paso a paso. La primer tarea ya se consigui\u00f3, no hay que relajarnos\u201d, apunt\u00f3 el seleccionado.<\/p>\n<p>Destac\u00f3 lo importante que es dejar de lado ya ese primer cotejo y concentrarse por completo en lo que ser\u00e1 su segundo duelo en Rusia 2018 el s\u00e1bado, cuando mida fuerzas con Corea del Sur. \u201cHay que darle la vuelta a la p\u00e1gina. Ya estamos pensando en Corea, es un partido importante. Ser\u00e1 un rival dif\u00edcil, tienen jugadores r\u00e1pidos\u201d, estableci\u00f3.<\/p>\n<p>Asimismo, luego de que la FIFA abri\u00f3 un expediente disciplinario por el grito que consideran homof\u00f3bico y que se escuch\u00f3 el domingo en el estadio Luzhniki por parte de la afici\u00f3n mexicana, Fabi\u00e1n de la Mora le pidi\u00f3 a los seguidores del Tri que se limiten en este aspecto. \u201cEs buen momento para invitar a la gente que no grite. Hay que evitar gritarlo y que nos apoyen de distinta manera, como con el \u2018Cielito Lindo\u2019 y otras porras. Nos afectan si lo hacen\u201d.<\/p>\n","protected":false},"excerpt":{"rendered":"<p>M\u00e1s all\u00e1 de que estuvo en la banca en el debut de la selecci\u00f3n mexicana de futbol en la Copa Mundial Rusia 2018, el volante Marco Fabi\u00e1n de la Mora se\u00f1al\u00f3 que todos los integrantes de la selecci\u00f3n deben estar listos para cuando sean requeridos por el t\u00e9cnico colombiano Juan Carlos Osorio.<\/p>\n","protected":false},"author":3,"featured_media":381795,"comment_status":"open","ping_status":"open","sticky":false,"template":"","format":"standard","meta":{"_monsterinsights_skip_tracking":false,"_monsterinsights_sitenote_active":false,"_monsterinsights_sitenote_note":"","_monsterinsights_sitenote_category":0,"footnotes":""},"categories":[10],"tags":[74743,43680,61703,75086],"class_list":["post-381727","post","type-post","status-publish","format-standard","has-post-thumbnail","hentry","category-deportes","tag-copa-mundial-rusia-2018","tag-deportes","tag-juan-carlos-osorio","tag-marco-fabian-de-la-mora"],"_links":{"self":[{"href":"https:\/\/www.diarioimagen.net\/index.php?rest_route=\/wp\/v2\/posts\/381727","targetHints":{"allow":["GET"]}}],"collection":[{"href":"https:\/\/www.diarioimagen.net\/index.php?rest_route=\/wp\/v2\/posts"}],"about":[{"href":"https:\/\/www.diarioimagen.net\/index.php?rest_route=\/wp\/v2\/types\/post"}],"author":[{"embeddable":true,"href":"https:\/\/www.diarioimagen.net\/index.php?rest_route=\/wp\/v2\/users\/3"}],"replies":[{"embeddable":true,"href":"https:\/\/www.diarioimagen.net\/index.php?rest_route=%2Fwp%2Fv2%2Fcomments&post=381727"}],"version-history":[{"count":0,"href":"https:\/\/www.diarioimagen.net\/index.php?rest_route=\/wp\/v2\/posts\/381727\/revisions"}],"wp:featuredmedia":[{"embeddable":true,"href":"https:\/\/www.diarioimagen.net\/index.php?rest_route=\/wp\/v2\/media\/381795"}],"wp:attachment":[{"href":"https:\/\/www.diarioimagen.net\/index.php?rest_route=%2Fwp%2Fv2%2Fmedia&parent=381727"}],"wp:term":[{"taxonomy":"category","embeddable":true,"href":"https:\/\/www.diarioimagen.net\/index.php?rest_route=%2Fwp%2Fv2%2Fcategories&post=381727"},{"taxonomy":"post_tag","embeddable":true,"href":"https:\/\/www.diarioimagen.net\/index.php?rest_route=%2Fwp%2Fv2%2Ftags&post=381727"}],"curies":[{"name":"wp","href":"https:\/\/api.w.org\/{rel}","templated":true}]}}