{"id":381897,"date":"2018-06-21T00:07:37","date_gmt":"2018-06-21T05:07:37","guid":{"rendered":"http:\/\/www.diarioimagen.net\/?p=381897"},"modified":"2018-06-21T23:05:51","modified_gmt":"2018-06-22T04:05:51","slug":"impulsa-gem-produccion-de-tomate-verde-y-apicultura","status":"publish","type":"post","link":"https:\/\/www.diarioimagen.net\/?p=381897","title":{"rendered":"Impulsa GEM producci\u00f3n de tomate verde y apicultura"},"content":{"rendered":"<ul>\n<li><em><strong>En la regi\u00f3n de Los Volcanes<\/strong><\/em><\/li>\n<li><em><strong>Subsidios y financiamiento para la adquisici\u00f3n de equipamiento<\/strong><\/em><\/li>\n<\/ul>\n<p>&nbsp;<\/p>\n<div id=\"attachment_382012\" style=\"width: 470px\" class=\"wp-caption aligncenter\"><a href=\"http:\/\/www.diarioimagen.net\/?attachment_id=382012\" rel=\"attachment wp-att-382012\"><img loading=\"lazy\" decoding=\"async\" aria-describedby=\"caption-attachment-382012\" class=\"size-large wp-image-382012\" src=\"http:\/\/www.diarioimagen.net\/wp-content\/uploads\/2018\/06\/del-mazo-3394-460x259.jpg\" alt=\"\" width=\"460\" height=\"259\" srcset=\"https:\/\/www.diarioimagen.net\/wp-content\/uploads\/2018\/06\/del-mazo-3394-460x259.jpg 460w, https:\/\/www.diarioimagen.net\/wp-content\/uploads\/2018\/06\/del-mazo-3394-240x135.jpg 240w, https:\/\/www.diarioimagen.net\/wp-content\/uploads\/2018\/06\/del-mazo-3394-235x132.jpg 235w, https:\/\/www.diarioimagen.net\/wp-content\/uploads\/2018\/06\/del-mazo-3394-202x114.jpg 202w, https:\/\/www.diarioimagen.net\/wp-content\/uploads\/2018\/06\/del-mazo-3394-350x196.jpg 350w, https:\/\/www.diarioimagen.net\/wp-content\/uploads\/2018\/06\/del-mazo-3394-220x123.jpg 220w, https:\/\/www.diarioimagen.net\/wp-content\/uploads\/2018\/06\/del-mazo-3394-237x132.jpg 237w, https:\/\/www.diarioimagen.net\/wp-content\/uploads\/2018\/06\/del-mazo-3394.jpg 480w\" sizes=\"auto, (max-width: 460px) 100vw, 460px\" \/><\/a><p id=\"caption-attachment-382012\" class=\"wp-caption-text\">Se re\u00fane el gobernador Alfredo Del Mazo con apicultores de la Regi\u00f3n de Los Volcanes y conoci\u00f3 su proceso de producci\u00f3n.<\/p><\/div>\n<p>&nbsp;<\/p>\n<p><strong>Ozumba, Estado de M\u00e9xico<\/strong>.- El gobernador del Estado de M\u00e9xico, Alfredo Del Mazo, visit\u00f3 campos de producci\u00f3n de tomate verde en esta demarcaci\u00f3n y se reuni\u00f3 con apicultores de nueve municipios de la regi\u00f3n de Los Volcanes, donde reconoci\u00f3 su trabajo y esfuerzo, y refrend\u00f3 el compromiso de su administraci\u00f3n de apoyar a estos sectores para que puedan incrementar su productividad.<\/p>\n<p>\u201cEl campo es una caracter\u00edstica de nuestro estado, tenemos un gran compromiso con el campo para poder ayudar a los productores a que incrementen la productividad, a que tengan las herramientas, el equipo, la capacitaci\u00f3n, la semilla mejorada, que se requiera, la infraestructura, para que ustedes puedan incrementar la producci\u00f3n que tenemos hoy en d\u00eda y eso nos d\u00e9 una mayor productividad al campo mexiquense\u201d.<\/p>\n<p>En el encuentro que sostuvo con 50 productores de este fruto de los municipios de Ozumba, Tepetlixpa y Atlautla, el mandatario estatal se\u00f1al\u00f3 que el tomate verde es un cultivo con grandes oportunidades, ya que se puede sembrar en casi cualquier terreno, es resistente al clima y se cosecha durante gran parte del a\u00f1o.<\/p>\n<p>El gobernador refiri\u00f3 que gracias al esfuerzo de quienes se dedican a esta labor se est\u00e1 impulsando la transformaci\u00f3n del campo mexiquense con programas de alta productividad, los cuales permiten mejorar los rendimientos de la siembra y la cosecha.<\/p>\n<p>\u201cTenemos toda la convicci\u00f3n de apoyo al campo, el campo es una gran actividad en el Estado de M\u00e9xico, yo quiero en lo personal que a nuestros productores les vaya mejor, tengan una capacidad en la producci\u00f3n que ustedes tienen y les demos una mucha mayor fortaleza al campo mexiquense, de la mano del Gobierno del estado, de la mano del Gobierno federal, por supuesto, y del municipal tambi\u00e9n\u201d.<\/p>\n<p>Tras escuchar sus inquietudes y peticiones, el mandaario mexiquense les expres\u00f3 que se les continuar\u00e1 apoyando con el acolchado, maquinaria, equipamiento, semilla y fertilizaci\u00f3n, as\u00ed como con asistencia t\u00e9cnica para que los productores aprovechen mejor el rendimiento de sus tierras y puedan optimizar los tiempos de cultivo y, con ello, obtener mejores resultados.<\/p>\n","protected":false},"excerpt":{"rendered":"<p>El gobernador del Estado de M\u00e9xico, Alfredo Del Mazo, visit\u00f3 campos de producci\u00f3n de tomate verde en esta demarcaci\u00f3n y se reuni\u00f3 con apicultores de nueve municipios de la regi\u00f3n de Los Volcanes, donde reconoci\u00f3 su trabajo y esfuerzo, y refrend\u00f3 el compromiso de su administraci\u00f3n de apoyar a estos sectores para que puedan incrementar su productividad.<\/p>\n","protected":false},"author":3,"featured_media":382012,"comment_status":"open","ping_status":"open","sticky":false,"template":"","format":"standard","meta":{"_monsterinsights_skip_tracking":false,"_monsterinsights_sitenote_active":false,"_monsterinsights_sitenote_note":"","_monsterinsights_sitenote_category":0,"footnotes":""},"categories":[5],"tags":[75133,43675,11757,26011,75132],"class_list":["post-381897","post","type-post","status-publish","format-standard","has-post-thumbnail","hentry","category-estado-de-mexico","tag-apicultura","tag-estado-de-mexico","tag-ozumba","tag-tomate","tag-verde"],"_links":{"self":[{"href":"https:\/\/www.diarioimagen.net\/index.php?rest_route=\/wp\/v2\/posts\/381897","targetHints":{"allow":["GET"]}}],"collection":[{"href":"https:\/\/www.diarioimagen.net\/index.php?rest_route=\/wp\/v2\/posts"}],"about":[{"href":"https:\/\/www.diarioimagen.net\/index.php?rest_route=\/wp\/v2\/types\/post"}],"author":[{"embeddable":true,"href":"https:\/\/www.diarioimagen.net\/index.php?rest_route=\/wp\/v2\/users\/3"}],"replies":[{"embeddable":true,"href":"https:\/\/www.diarioimagen.net\/index.php?rest_route=%2Fwp%2Fv2%2Fcomments&post=381897"}],"version-history":[{"count":0,"href":"https:\/\/www.diarioimagen.net\/index.php?rest_route=\/wp\/v2\/posts\/381897\/revisions"}],"wp:featuredmedia":[{"embeddable":true,"href":"https:\/\/www.diarioimagen.net\/index.php?rest_route=\/wp\/v2\/media\/382012"}],"wp:attachment":[{"href":"https:\/\/www.diarioimagen.net\/index.php?rest_route=%2Fwp%2Fv2%2Fmedia&parent=381897"}],"wp:term":[{"taxonomy":"category","embeddable":true,"href":"https:\/\/www.diarioimagen.net\/index.php?rest_route=%2Fwp%2Fv2%2Fcategories&post=381897"},{"taxonomy":"post_tag","embeddable":true,"href":"https:\/\/www.diarioimagen.net\/index.php?rest_route=%2Fwp%2Fv2%2Ftags&post=381897"}],"curies":[{"name":"wp","href":"https:\/\/api.w.org\/{rel}","templated":true}]}}