{"id":381899,"date":"2018-06-21T00:11:55","date_gmt":"2018-06-21T05:11:55","guid":{"rendered":"http:\/\/www.diarioimagen.net\/?p=381899"},"modified":"2018-06-21T05:19:05","modified_gmt":"2018-06-21T10:19:05","slug":"reconocimiento-a-programa-educativo-de-uaem","status":"publish","type":"post","link":"https:\/\/www.diarioimagen.net\/?p=381899","title":{"rendered":"Reconocimiento a programa educativo de UAEM"},"content":{"rendered":"<ul>\n<li><strong><em>Ingenier\u00eda en Sistema Energ\u00e9ticos Sustentable<\/em><\/strong><\/li>\n<\/ul>\n<p>&nbsp;<\/p>\n<div id=\"attachment_382027\" style=\"width: 470px\" class=\"wp-caption aligncenter\"><a href=\"http:\/\/www.diarioimagen.net\/?attachment_id=382027\" rel=\"attachment wp-att-382027\"><img loading=\"lazy\" decoding=\"async\" aria-describedby=\"caption-attachment-382027\" class=\"size-large wp-image-382027\" src=\"http:\/\/www.diarioimagen.net\/wp-content\/uploads\/2018\/06\/UAEM-3394-460x259.jpg\" alt=\"\" width=\"460\" height=\"259\" srcset=\"https:\/\/www.diarioimagen.net\/wp-content\/uploads\/2018\/06\/UAEM-3394-460x259.jpg 460w, https:\/\/www.diarioimagen.net\/wp-content\/uploads\/2018\/06\/UAEM-3394-240x135.jpg 240w, https:\/\/www.diarioimagen.net\/wp-content\/uploads\/2018\/06\/UAEM-3394-235x132.jpg 235w, https:\/\/www.diarioimagen.net\/wp-content\/uploads\/2018\/06\/UAEM-3394-202x114.jpg 202w, https:\/\/www.diarioimagen.net\/wp-content\/uploads\/2018\/06\/UAEM-3394-350x196.jpg 350w, https:\/\/www.diarioimagen.net\/wp-content\/uploads\/2018\/06\/UAEM-3394-220x123.jpg 220w, https:\/\/www.diarioimagen.net\/wp-content\/uploads\/2018\/06\/UAEM-3394-237x132.jpg 237w, https:\/\/www.diarioimagen.net\/wp-content\/uploads\/2018\/06\/UAEM-3394.jpg 480w\" sizes=\"auto, (max-width: 460px) 100vw, 460px\" \/><\/a><p id=\"caption-attachment-382027\" class=\"wp-caption-text\">Todos los programas de nivel superior que ofrece la Facultad de Ingenier\u00eda de esta casa de estudios cuentan con reconocimiento a su calidad por parte de organismos nacionales.<\/p><\/div>\n<p>&nbsp;<\/p>\n<p><strong>Toluca, Estado de M\u00e9xico<\/strong>.\u2013 El programa educativo de Ingenier\u00eda en Sistema Energ\u00e9ticos Sustentables de la Universidad Aut\u00f3noma del Estado de M\u00e9xico se someti\u00f3 a evaluaci\u00f3n por parte de los Comit\u00e9s Interinstitucionales para la Evaluaci\u00f3n de la Educaci\u00f3n Superior (CIEES) y obtuvo el Nivel 1, que lo reconoce como de calidad.<\/p>\n<p>De esta manera, todos los programas de nivel superior que ofrece la Facultad de Ingenier\u00eda de esta casa de estudios cuentan con reconocimiento a su calidad por parte de organismos nacionales.<\/p>\n<p>La coordinadora de esta carrera, Liliana \u00c1vila C\u00f3rdoba, destac\u00f3 que esta licenciatura obtuvo \u201cel Nivel 1, el m\u00e1ximo que otorgan los CIEES y que avala una calidad acad\u00e9mica \u00f3ptima y adecuada, que asegura que los estudiantes cuentan con la infraestructura y los profesores con la preparaci\u00f3n acad\u00e9mica necesaria para un alto nivel de excelencia\u201d.<\/p>\n<p>Indic\u00f3 que por primera ocasi\u00f3n, Ingenier\u00eda en Sistema Energ\u00e9ticos Sustentables, creada en 2010, se someti\u00f3 a un proceso de evaluaci\u00f3n y consigui\u00f3 el reconocimiento Nivel 1 por un periodo de tres a\u00f1os.<\/p>\n<p>\u201cLa consecuci\u00f3n de este reconocimiento pone de relevancia el trabajo acad\u00e9mico y administrativo que lleva a cabo la Facultad de Ingenier\u00eda\u201d, dijo la acad\u00e9mica.<\/p>\n<p>Resalt\u00f3 que la pertinencia de este plan de estudios radica en que se enfoca en resolver problemas coyunturales actuales, en mejorar las condiciones del medio ambiente, al optar por energ\u00edas que no sean derivadas del petr\u00f3leo.<\/p>\n<p>Liliana \u00c1vila C\u00f3rdoba manifest\u00f3 que en Ingenier\u00eda en Sistema Energ\u00e9ticos Sustentables se trabaja en \u00e1mbitos como mejorar la calidad del aire y del ambiente en general, para lo cual es necesario optar por energ\u00edas alternativas, como la solar y e\u00f3lica, las cuales son de bajo costo y renovables.<\/p>\n","protected":false},"excerpt":{"rendered":"<p>El programa educativo de Ingenier\u00eda en Sistema Energ\u00e9ticos Sustentables de la Universidad Aut\u00f3noma del Estado de M\u00e9xico se someti\u00f3 a evaluaci\u00f3n por parte de los Comit\u00e9s Interinstitucionales para la Evaluaci\u00f3n de la Educaci\u00f3n Superior (CIEES) y obtuvo el Nivel 1, que lo reconoce como de calidad.<\/p>\n","protected":false},"author":3,"featured_media":382027,"comment_status":"open","ping_status":"open","sticky":false,"template":"","format":"standard","meta":{"_monsterinsights_skip_tracking":false,"_monsterinsights_sitenote_active":false,"_monsterinsights_sitenote_note":"","_monsterinsights_sitenote_category":0,"footnotes":""},"categories":[5],"tags":[43675,48533,452,1491],"class_list":["post-381899","post","type-post","status-publish","format-standard","has-post-thumbnail","hentry","category-estado-de-mexico","tag-estado-de-mexico","tag-programa","tag-toluca","tag-uaem"],"_links":{"self":[{"href":"https:\/\/www.diarioimagen.net\/index.php?rest_route=\/wp\/v2\/posts\/381899","targetHints":{"allow":["GET"]}}],"collection":[{"href":"https:\/\/www.diarioimagen.net\/index.php?rest_route=\/wp\/v2\/posts"}],"about":[{"href":"https:\/\/www.diarioimagen.net\/index.php?rest_route=\/wp\/v2\/types\/post"}],"author":[{"embeddable":true,"href":"https:\/\/www.diarioimagen.net\/index.php?rest_route=\/wp\/v2\/users\/3"}],"replies":[{"embeddable":true,"href":"https:\/\/www.diarioimagen.net\/index.php?rest_route=%2Fwp%2Fv2%2Fcomments&post=381899"}],"version-history":[{"count":0,"href":"https:\/\/www.diarioimagen.net\/index.php?rest_route=\/wp\/v2\/posts\/381899\/revisions"}],"wp:featuredmedia":[{"embeddable":true,"href":"https:\/\/www.diarioimagen.net\/index.php?rest_route=\/wp\/v2\/media\/382027"}],"wp:attachment":[{"href":"https:\/\/www.diarioimagen.net\/index.php?rest_route=%2Fwp%2Fv2%2Fmedia&parent=381899"}],"wp:term":[{"taxonomy":"category","embeddable":true,"href":"https:\/\/www.diarioimagen.net\/index.php?rest_route=%2Fwp%2Fv2%2Fcategories&post=381899"},{"taxonomy":"post_tag","embeddable":true,"href":"https:\/\/www.diarioimagen.net\/index.php?rest_route=%2Fwp%2Fv2%2Ftags&post=381899"}],"curies":[{"name":"wp","href":"https:\/\/api.w.org\/{rel}","templated":true}]}}