{"id":381901,"date":"2018-06-21T00:10:20","date_gmt":"2018-06-21T05:10:20","guid":{"rendered":"http:\/\/www.diarioimagen.net\/?p=381901"},"modified":"2018-06-21T05:04:21","modified_gmt":"2018-06-21T10:04:21","slug":"asesoria-a-migrantes-ante-medidas-de-trump","status":"publish","type":"post","link":"https:\/\/www.diarioimagen.net\/?p=381901","title":{"rendered":"Asesor\u00eda a migrantes ante medidas de Trump"},"content":{"rendered":"<h2>Arco Norte<\/h2>\n<h5>Jos\u00e9 Luis Monta\u00f1ez Aguilar<\/h5>\n<p>&nbsp;<\/p>\n<p><a href=\"http:\/\/www.diarioimagen.net\/?attachment_id=382015\" rel=\"attachment wp-att-382015\"><img loading=\"lazy\" decoding=\"async\" class=\"aligncenter size-large wp-image-382015\" src=\"http:\/\/www.diarioimagen.net\/wp-content\/uploads\/2018\/06\/migrantes-3394-460x259.jpg\" alt=\"\" width=\"460\" height=\"259\" srcset=\"https:\/\/www.diarioimagen.net\/wp-content\/uploads\/2018\/06\/migrantes-3394-460x259.jpg 460w, https:\/\/www.diarioimagen.net\/wp-content\/uploads\/2018\/06\/migrantes-3394-240x135.jpg 240w, https:\/\/www.diarioimagen.net\/wp-content\/uploads\/2018\/06\/migrantes-3394-235x132.jpg 235w, https:\/\/www.diarioimagen.net\/wp-content\/uploads\/2018\/06\/migrantes-3394-202x114.jpg 202w, https:\/\/www.diarioimagen.net\/wp-content\/uploads\/2018\/06\/migrantes-3394-350x196.jpg 350w, https:\/\/www.diarioimagen.net\/wp-content\/uploads\/2018\/06\/migrantes-3394-220x123.jpg 220w, https:\/\/www.diarioimagen.net\/wp-content\/uploads\/2018\/06\/migrantes-3394-237x132.jpg 237w, https:\/\/www.diarioimagen.net\/wp-content\/uploads\/2018\/06\/migrantes-3394.jpg 480w\" sizes=\"auto, (max-width: 460px) 100vw, 460px\" \/><\/a><\/p>\n<p>&nbsp;<\/p>\n<p>La Coordinaci\u00f3n de Asuntos Internacionales del gobierno del Estado de M\u00e9xico informa que hasta el momento no se tiene registro de casos de familias mexiquenses que hayan sido detenidas al intentar cruzar la frontera de Estados Unidos de manera ilegal y, por consecuencia, sufrir por su separaci\u00f3n.<\/p>\n<p>Asimismo, ha puesto a disposici\u00f3n las oficinas que se encuentran en Toluca y la Ciudad de M\u00e9xico, en las cuales se brinda apoyo a los migrantes que han sido deportados o que han regresado de manera voluntaria, a trav\u00e9s de programas que fomentan el autoempleo o la creaci\u00f3n de proyectos productivos en sus comunidades de origen.<\/p>\n<p>Tambi\u00e9n est\u00e1n a disposici\u00f3n de la comunidad migrante, tanto en Estados Unidos como en sus comunidades de origen, los medios de contacto que existen en las oficinas de representaci\u00f3n del Estado de M\u00e9xico en Estados Unidos, localizadas en las ciudades de Chicago, Illinois, Los \u00c1ngeles, California y en Houston, Texas, por medio de las cuales se brindan los servicios de apoyo, orientaci\u00f3n, asistencia y vinculaci\u00f3n a los Consulados mexicanos correspondientes.<\/p>\n<p>Los n\u00fameros telef\u00f3nicos a donde pueden comunicarse son: Oficina Toluca: 01 7221 6783 18\u00a0 y 19.<\/p>\n<p>Oficina Ciudad de M\u00e9xico: 015555113293 y 01 55 5207 8451.<\/p>\n<p>Oficina de Representaci\u00f3n Houston: 001 713 952 4260 y 001 713 952 9528.<\/p>\n<p>Oficina de Representaci\u00f3n Chicago: 001 312 226 5232.<\/p>\n<p>Oficina de Representaci\u00f3n Los \u00c1ngeles: 001 213 788 3319.<\/p>\n<p>La pol\u00edtica migratoria \u201ccero tolerancia\u201d que se anunci\u00f3 en abril pasado, tiene como fin enjuiciar penalmente a todos los adultos que cruzan de manera ilegal la frontera hacia Estados Unidos.<\/p>\n<p>Mientras que los adultos son llevados a centros de detenci\u00f3n, donde permanecen en el sitio por alrededor de 72 horas antes de ser trasladados a centros de mayor estancia, los menores pasan a manos del Departamento de Salud y Servicios\u00a0 Humanos.<\/p>\n<p>Esta situaci\u00f3n ha llevado a la separaci\u00f3n de sus familias, especialmente de sus hijos, y ni\u00f1os que viajaban con ellos.<\/p>\n<p>La Coordinaci\u00f3n de Asuntos Internacionales del gobierno estatal hace un llamado a los mexiquenses a evitar su traslado de manera ilegal hac\u00eda el pa\u00eds vecino, con la finalidad de salvaguardar su integridad y, principalmente, la de los menores.<\/p>\n<p><em><a href=\"mailto:montanezaguilar@gmail.com\" target=\"_blank\" rel=\"noopener\">montanezaguilar@gmail.com<\/a><\/em><\/p>\n","protected":false},"excerpt":{"rendered":"<p><span style=\"color: #005497;\">Jos\u00e9 Luis Monta\u00f1ez Aguilar<\/span><br \/>\n<br \/>\nLa Coordinaci\u00f3n de Asuntos Internacionales del gobierno del Estado de M\u00e9xico informa que hasta el momento no se tiene registro de casos de familias mexiquenses que hayan sido detenidas al intentar cruzar la frontera de Estados Unidos de manera ilegal y, por consecuencia, sufrir por su separaci\u00f3n.<\/p>\n","protected":false},"author":3,"featured_media":382015,"comment_status":"open","ping_status":"open","sticky":false,"template":"","format":"standard","meta":{"_monsterinsights_skip_tracking":false,"_monsterinsights_sitenote_active":false,"_monsterinsights_sitenote_note":"","_monsterinsights_sitenote_category":0,"footnotes":""},"categories":[5],"tags":[13284,43704,43674],"class_list":["post-381901","post","type-post","status-publish","format-standard","has-post-thumbnail","hentry","category-estado-de-mexico","tag-arco-norte","tag-jose-luis-montanez-aguilar","tag-opinion"],"_links":{"self":[{"href":"https:\/\/www.diarioimagen.net\/index.php?rest_route=\/wp\/v2\/posts\/381901","targetHints":{"allow":["GET"]}}],"collection":[{"href":"https:\/\/www.diarioimagen.net\/index.php?rest_route=\/wp\/v2\/posts"}],"about":[{"href":"https:\/\/www.diarioimagen.net\/index.php?rest_route=\/wp\/v2\/types\/post"}],"author":[{"embeddable":true,"href":"https:\/\/www.diarioimagen.net\/index.php?rest_route=\/wp\/v2\/users\/3"}],"replies":[{"embeddable":true,"href":"https:\/\/www.diarioimagen.net\/index.php?rest_route=%2Fwp%2Fv2%2Fcomments&post=381901"}],"version-history":[{"count":0,"href":"https:\/\/www.diarioimagen.net\/index.php?rest_route=\/wp\/v2\/posts\/381901\/revisions"}],"wp:featuredmedia":[{"embeddable":true,"href":"https:\/\/www.diarioimagen.net\/index.php?rest_route=\/wp\/v2\/media\/382015"}],"wp:attachment":[{"href":"https:\/\/www.diarioimagen.net\/index.php?rest_route=%2Fwp%2Fv2%2Fmedia&parent=381901"}],"wp:term":[{"taxonomy":"category","embeddable":true,"href":"https:\/\/www.diarioimagen.net\/index.php?rest_route=%2Fwp%2Fv2%2Fcategories&post=381901"},{"taxonomy":"post_tag","embeddable":true,"href":"https:\/\/www.diarioimagen.net\/index.php?rest_route=%2Fwp%2Fv2%2Ftags&post=381901"}],"curies":[{"name":"wp","href":"https:\/\/api.w.org\/{rel}","templated":true}]}}