{"id":381905,"date":"2018-06-21T00:11:51","date_gmt":"2018-06-21T05:11:51","guid":{"rendered":"http:\/\/www.diarioimagen.net\/?p=381905"},"modified":"2018-06-21T05:05:25","modified_gmt":"2018-06-21T10:05:25","slug":"miguel-layun-debe-aprender-a-jugar-en-equipo-y-no-ser-individualista","status":"publish","type":"post","link":"https:\/\/www.diarioimagen.net\/?p=381905","title":{"rendered":"Miguel Lay\u00fan debe aprender a jugar en equipo y no ser individualista"},"content":{"rendered":"<h2>Otra perspectiva<\/h2>\n<h5>Aar\u00f3n \u00c1valos<\/h5>\n<p>&nbsp;<\/p>\n<ul>\n<li><em><strong>El domingo pasado cada pelota que tocaba la mandaba al arco<\/strong><\/em><\/li>\n<li><em><strong>Si la Selecci\u00f3n Mexicana no llega al quinto partido, todos los que hoy lo aman, van a pedir la cabeza de Osorio, de m\u00ed se acuerdan<\/strong><\/em><\/li>\n<\/ul>\n<p>&nbsp;<\/p>\n<p><a href=\"http:\/\/www.diarioimagen.net\/?attachment_id=382018\" rel=\"attachment wp-att-382018\"><img loading=\"lazy\" decoding=\"async\" class=\"aligncenter size-large wp-image-382018\" src=\"http:\/\/www.diarioimagen.net\/wp-content\/uploads\/2018\/06\/LAYUN-3394-460x307.jpg\" alt=\"\" width=\"460\" height=\"307\" srcset=\"https:\/\/www.diarioimagen.net\/wp-content\/uploads\/2018\/06\/LAYUN-3394-460x307.jpg 460w, https:\/\/www.diarioimagen.net\/wp-content\/uploads\/2018\/06\/LAYUN-3394-240x160.jpg 240w, https:\/\/www.diarioimagen.net\/wp-content\/uploads\/2018\/06\/LAYUN-3394.jpg 700w\" sizes=\"auto, (max-width: 460px) 100vw, 460px\" \/><\/a><\/p>\n<p>&nbsp;<\/p>\n<p>Mis queridos lectores, me encuentro una vez m\u00e1s con ustedes para compartirles mi reflexi\u00f3n del d\u00eda respecto a lo que ocurre con nuestra querid\u00edsima Selecci\u00f3n Nacional en el Mundial de Rusia. Esta vez nos adentraremos un poco m\u00e1s, es decir, esta vez les toca a los jugadores y cuerpo t\u00e9cnico.<\/p>\n<p>Ustedes miran la lista de convocados y encontrar\u00e1n un grupo de profesionales que lucharon por obtener un lugar dentro de la lista del profe Osorio. Algunos cumplieron su sue\u00f1o de jugar en Europa, otros que juegan en ligas europeas, pero se la viven en la banca, y otros que destacan en nuestro balompi\u00e9 nacional. Los reflectores se enfocan, como suele pasar, en determinados jugadores, de los cuales se espera que mantengan ese nivel, o en quienes confiamos para que nos lleven al ansiado quinto partido.<\/p>\n<p>Si analizamos el pasado juego contra Alemania, vemos que el \u201cChucky\u201d Lozano ser\u00e1 determinante para los pr\u00f3ximos juegos, y que seguramente muchos de los grandes equipos europeos lo pretender\u00e1n. Es un chico con un nivel excepcional, que dar\u00e1 de qu\u00e9 hablar en los siguientes duelos, pero lo m\u00e1s importante, es que no pierda el piso y que no se le suba la fama. Hemos visto, desafortunadamente, jugadores que llegan a Europa, y bajan su nivel de forma dr\u00e1stica. Pasan sin pena ni gloria durante su estancia en el otro lado del mundo y al final vuelven a la Liga MX, donde no vuelven al nivel que alguna vez tuvieron, y bueno\u2026 culminan su carrera en la liga de ascenso.<\/p>\n<p>De verdad, espero que Lozano siga en ascenso y tenga una carrera exitosa, porque calidad tiene y vaya que lo ha demostrado. Ahora bien, tenemos otro jugadorazo, como lo es H\u00e9ctor Herrera, quien ha dado de qu\u00e9 hablar \u00faltimamente, pero no por su nivel de juego o su preparaci\u00f3n para la Copa del Mundo, ya sabr\u00e1n de qu\u00e9 hablo. A este muchacho s\u00ed que le gusta divertirse, sin temor a las consecuencias, y hasta logr\u00f3 que en casa lo perdonaran. Si en los juegos pr\u00f3ximos juega con esa determinaci\u00f3n, ag\u00e1rrense, porque no habr\u00e1 equipo que pueda con M\u00e9xico.<\/p>\n<p>El que s\u00ed tiene que saber lo que es el juego en equipo es Miguel Lay\u00fan, que en el juego contra Alemania quer\u00eda a fuerza meter su gol, y no es para menos, porque no siempre tienes oportunidad de marcar contra el campe\u00f3n del mundo. Pero Miguel\u2026 tambi\u00e9n puedes jugar sin ser individualista, sin duda ha marcado varios golazos desde fuera del \u00e1rea, pero el domingo pasado cada pelota que tocaba la mandaba al arco. En fin, el ex americanista es un jugadorazo, y mientras no eliminen a la selecci\u00f3n por culpa de Lay\u00fan, todo en orden.<\/p>\n<p>Ya para despedirme. Creo que se acordar\u00e1n que hasta antes de que iniciara el Mundial, todos quer\u00edan fuera al profe Osorio por sus experimentos en la alineaci\u00f3n y casi casi pon\u00eda de delantero a <em>Memo<\/em> Ochoa. Bueno, ahora todo mundo lo adora y lo ven como el salvador, y no es para menos, porque logr\u00f3 lo que todos ve\u00edamos imposible. Como mencion\u00e9, por ahora todos lo aman, pero quiero ver si cuando (esperemos que no) eliminen a la selecci\u00f3n siguen con ese cari\u00f1o hacia Osorio. Si no llegan al quinto partido, todo mundo va a pedir su cabeza, de m\u00ed se acuerdan.<\/p>\n<blockquote><p>Recuerden, pueden seguirme en twitter <a href=\"https:\/\/twitter.com\/a_avalos9\" target=\"_blank\" rel=\"noopener\"><em>@A_Avalos9<\/em><\/a>, para comentarios en vivo al momento de cada partido, y mi correo: <a href=\"mailto:chicharitoesgay@gmail.com\" target=\"_blank\" rel=\"noopener\"><em>chicharitoesgay@gmail.com<\/em><\/a>, para dudas, quejas, aclaraciones, sugerencias, contrataciones, etc. Hasta la pr\u00f3xima.<\/p><\/blockquote>\n","protected":false},"excerpt":{"rendered":"<p><span style=\"color: #005497;\">Aar\u00f3n \u00c1valos<\/span><br \/>\n<br \/>\nMis queridos lectores, me encuentro una vez m\u00e1s con ustedes para compartirles mi reflexi\u00f3n del d\u00eda respecto a lo que ocurre con nuestra querid\u00edsima Selecci\u00f3n Nacional en el Mundial de Rusia. Esta vez nos adentraremos un poco m\u00e1s, es decir, esta vez les toca a los jugadores y cuerpo t\u00e9cnico.<\/p>\n","protected":false},"author":3,"featured_media":382018,"comment_status":"open","ping_status":"open","sticky":false,"template":"","format":"standard","meta":{"_monsterinsights_skip_tracking":false,"_monsterinsights_sitenote_active":false,"_monsterinsights_sitenote_note":"","_monsterinsights_sitenote_category":0,"footnotes":""},"categories":[75134],"tags":[75085,43674,75084],"class_list":["post-381905","post","type-post","status-publish","format-standard","has-post-thumbnail","hentry","category-opinion-deportes","tag-aaron-avalos","tag-opinion","tag-otra-perspectiva"],"_links":{"self":[{"href":"https:\/\/www.diarioimagen.net\/index.php?rest_route=\/wp\/v2\/posts\/381905","targetHints":{"allow":["GET"]}}],"collection":[{"href":"https:\/\/www.diarioimagen.net\/index.php?rest_route=\/wp\/v2\/posts"}],"about":[{"href":"https:\/\/www.diarioimagen.net\/index.php?rest_route=\/wp\/v2\/types\/post"}],"author":[{"embeddable":true,"href":"https:\/\/www.diarioimagen.net\/index.php?rest_route=\/wp\/v2\/users\/3"}],"replies":[{"embeddable":true,"href":"https:\/\/www.diarioimagen.net\/index.php?rest_route=%2Fwp%2Fv2%2Fcomments&post=381905"}],"version-history":[{"count":0,"href":"https:\/\/www.diarioimagen.net\/index.php?rest_route=\/wp\/v2\/posts\/381905\/revisions"}],"wp:featuredmedia":[{"embeddable":true,"href":"https:\/\/www.diarioimagen.net\/index.php?rest_route=\/wp\/v2\/media\/382018"}],"wp:attachment":[{"href":"https:\/\/www.diarioimagen.net\/index.php?rest_route=%2Fwp%2Fv2%2Fmedia&parent=381905"}],"wp:term":[{"taxonomy":"category","embeddable":true,"href":"https:\/\/www.diarioimagen.net\/index.php?rest_route=%2Fwp%2Fv2%2Fcategories&post=381905"},{"taxonomy":"post_tag","embeddable":true,"href":"https:\/\/www.diarioimagen.net\/index.php?rest_route=%2Fwp%2Fv2%2Ftags&post=381905"}],"curies":[{"name":"wp","href":"https:\/\/api.w.org\/{rel}","templated":true}]}}