{"id":381918,"date":"2018-06-21T00:11:57","date_gmt":"2018-06-21T05:11:57","guid":{"rendered":"http:\/\/www.diarioimagen.net\/?p=381918"},"modified":"2018-06-21T05:13:48","modified_gmt":"2018-06-21T10:13:48","slug":"apostar-por-experiencia-y-la-unidad-pide-meade","status":"publish","type":"post","link":"https:\/\/www.diarioimagen.net\/?p=381918","title":{"rendered":"Apostar por experiencia y la unidad, pide Meade"},"content":{"rendered":"<ul>\n<li><strong><em>Gira por Veracruz<\/em><\/strong><\/li>\n<\/ul>\n<p>&nbsp;<\/p>\n<p><a href=\"http:\/\/www.diarioimagen.net\/?attachment_id=382021\" rel=\"attachment wp-att-382021\"><img loading=\"lazy\" decoding=\"async\" class=\"aligncenter size-large wp-image-382021\" src=\"http:\/\/www.diarioimagen.net\/wp-content\/uploads\/2018\/06\/meade-3394-460x259.jpg\" alt=\"\" width=\"460\" height=\"259\" srcset=\"https:\/\/www.diarioimagen.net\/wp-content\/uploads\/2018\/06\/meade-3394-460x259.jpg 460w, https:\/\/www.diarioimagen.net\/wp-content\/uploads\/2018\/06\/meade-3394-240x135.jpg 240w, https:\/\/www.diarioimagen.net\/wp-content\/uploads\/2018\/06\/meade-3394-235x132.jpg 235w, https:\/\/www.diarioimagen.net\/wp-content\/uploads\/2018\/06\/meade-3394-202x114.jpg 202w, https:\/\/www.diarioimagen.net\/wp-content\/uploads\/2018\/06\/meade-3394-350x196.jpg 350w, https:\/\/www.diarioimagen.net\/wp-content\/uploads\/2018\/06\/meade-3394-220x123.jpg 220w, https:\/\/www.diarioimagen.net\/wp-content\/uploads\/2018\/06\/meade-3394-237x132.jpg 237w, https:\/\/www.diarioimagen.net\/wp-content\/uploads\/2018\/06\/meade-3394.jpg 480w\" sizes=\"auto, (max-width: 460px) 100vw, 460px\" \/><\/a><\/p>\n<p>&nbsp;<\/p>\n<p>A una semana de que concluyan las campa\u00f1as electorales, el candidato presidencial Jos\u00e9 Antonio Meade, llam\u00f3 apostar por el trabajo honesto, experiencia, unidad y por quien se puede encargar con certeza del presente y el futuro del pa\u00eds, que es lo que representa su proyecto.<\/p>\n<p>Durante su encuentro con militancia, simpatizantes y ciudadan\u00eda en Zongolica, Veracruz, reafirm\u00f3 que su proyecto garantiza a las familias que sus hijos \u201cvan a tener una mejor oportunidad, que van a recibir un mejor pa\u00eds que el que nosotros tuvimos, les pedimos que nos ayuden\u201d.<\/p>\n<p>\u201cApost\u00e9mosle, en Veracruz, a la experiencia, apost\u00e9mosle al trabajo honesto, apost\u00e9mosle a la unidad, apost\u00e9mosle a quien podemos encargarle con certeza el presente del pa\u00eds, su futuro\u201d, expres\u00f3 el abanderado de la coalici\u00f3n Todos por M\u00e9xico a la Presidencia de la Rep\u00fablica.<\/p>\n<p>Arropado por simpatizantes, Meade Kuribre\u00f1a afirm\u00f3 que \u201cjuntos, en equipo, Antorcha, los Verdes, la FETSE, los petroleros, maestros, comunidades ind\u00edgenas y candidatos, van a ganar el 1 de julio a fin de trabajar hasta hacer realidad lo que han comprometido en las campa\u00f1as\u201d.<\/p>\n<p>Por ello, pidi\u00f3 apoyar al candidato del Partido Revolucionario Institucional (PRI) a la gubernatura de Veracruz, Jos\u00e9 Yunes Zorrilla, y admiti\u00f3 que \u201cesta es una elecci\u00f3n dif\u00edcil, pero tambi\u00e9n es una oportunidad hist\u00f3rica, la oportunidad de acompa\u00f1ar a quien m\u00e1s conoce, a quien m\u00e1s quiere Veracruz\u201d.<\/p>\n<p>Ofreci\u00f3 que de ganar la elecci\u00f3n el 1 de julio echar\u00e1 a andar el programa m\u00e1s ambicioso de caminos en Zongolica. \u201cTenemos absolutamente claro: educaci\u00f3n s\u00ed, salud tambi\u00e9n, oportunidades de empleo, pero necesitamos mejor comunicaci\u00f3n, ocupamos m\u00e1s caminos y con Pepe Yunes, lo vamos a hacer realidad\u201d.<\/p>\n","protected":false},"excerpt":{"rendered":"<p>A una semana de que concluyan las campa\u00f1as electorales, el candidato presidencial Jos\u00e9 Antonio Meade, llam\u00f3 apostar por el trabajo honesto, experiencia, unidad y por quien se puede encargar con certeza del presente y el futuro del pa\u00eds, que es lo que representa su proyecto.<\/p>\n","protected":false},"author":3,"featured_media":382021,"comment_status":"open","ping_status":"open","sticky":false,"template":"","format":"standard","meta":{"_monsterinsights_skip_tracking":false,"_monsterinsights_sitenote_active":false,"_monsterinsights_sitenote_note":"","_monsterinsights_sitenote_category":0,"footnotes":""},"categories":[3],"tags":[68591,26429,43673,2996],"class_list":["post-381918","post","type-post","status-publish","format-standard","has-post-thumbnail","hentry","category-nacional","tag-experiencia","tag-jose-antonio-meade-kuribrena","tag-nacional","tag-unidad"],"_links":{"self":[{"href":"https:\/\/www.diarioimagen.net\/index.php?rest_route=\/wp\/v2\/posts\/381918","targetHints":{"allow":["GET"]}}],"collection":[{"href":"https:\/\/www.diarioimagen.net\/index.php?rest_route=\/wp\/v2\/posts"}],"about":[{"href":"https:\/\/www.diarioimagen.net\/index.php?rest_route=\/wp\/v2\/types\/post"}],"author":[{"embeddable":true,"href":"https:\/\/www.diarioimagen.net\/index.php?rest_route=\/wp\/v2\/users\/3"}],"replies":[{"embeddable":true,"href":"https:\/\/www.diarioimagen.net\/index.php?rest_route=%2Fwp%2Fv2%2Fcomments&post=381918"}],"version-history":[{"count":0,"href":"https:\/\/www.diarioimagen.net\/index.php?rest_route=\/wp\/v2\/posts\/381918\/revisions"}],"wp:featuredmedia":[{"embeddable":true,"href":"https:\/\/www.diarioimagen.net\/index.php?rest_route=\/wp\/v2\/media\/382021"}],"wp:attachment":[{"href":"https:\/\/www.diarioimagen.net\/index.php?rest_route=%2Fwp%2Fv2%2Fmedia&parent=381918"}],"wp:term":[{"taxonomy":"category","embeddable":true,"href":"https:\/\/www.diarioimagen.net\/index.php?rest_route=%2Fwp%2Fv2%2Fcategories&post=381918"},{"taxonomy":"post_tag","embeddable":true,"href":"https:\/\/www.diarioimagen.net\/index.php?rest_route=%2Fwp%2Fv2%2Ftags&post=381918"}],"curies":[{"name":"wp","href":"https:\/\/api.w.org\/{rel}","templated":true}]}}