{"id":381929,"date":"2018-06-21T00:09:13","date_gmt":"2018-06-21T05:09:13","guid":{"rendered":"http:\/\/www.diarioimagen.net\/?p=381929"},"modified":"2018-06-21T05:20:01","modified_gmt":"2018-06-21T10:20:01","slug":"hay-que-voltear-a-ver-a-personas-con-enfermedades-terminales-david-parra","status":"publish","type":"post","link":"https:\/\/www.diarioimagen.net\/?p=381929","title":{"rendered":"Hay que voltear a ver a personas con enfermedades terminales: David Parra"},"content":{"rendered":"<ul>\n<li><strong><em>Entrega sillas de ruedas en Naucalpan<\/em><\/strong><\/li>\n<\/ul>\n<p>&nbsp;<\/p>\n<div id=\"attachment_382030\" style=\"width: 470px\" class=\"wp-caption aligncenter\"><a href=\"http:\/\/www.diarioimagen.net\/?attachment_id=382030\" rel=\"attachment wp-att-382030\"><img loading=\"lazy\" decoding=\"async\" aria-describedby=\"caption-attachment-382030\" class=\"size-large wp-image-382030\" src=\"http:\/\/www.diarioimagen.net\/wp-content\/uploads\/2018\/06\/NAUCALPAN-3394-460x259.jpg\" alt=\"\" width=\"460\" height=\"259\" srcset=\"https:\/\/www.diarioimagen.net\/wp-content\/uploads\/2018\/06\/NAUCALPAN-3394-460x259.jpg 460w, https:\/\/www.diarioimagen.net\/wp-content\/uploads\/2018\/06\/NAUCALPAN-3394-240x135.jpg 240w, https:\/\/www.diarioimagen.net\/wp-content\/uploads\/2018\/06\/NAUCALPAN-3394-235x132.jpg 235w, https:\/\/www.diarioimagen.net\/wp-content\/uploads\/2018\/06\/NAUCALPAN-3394-202x114.jpg 202w, https:\/\/www.diarioimagen.net\/wp-content\/uploads\/2018\/06\/NAUCALPAN-3394-350x196.jpg 350w, https:\/\/www.diarioimagen.net\/wp-content\/uploads\/2018\/06\/NAUCALPAN-3394-220x123.jpg 220w, https:\/\/www.diarioimagen.net\/wp-content\/uploads\/2018\/06\/NAUCALPAN-3394-237x132.jpg 237w, https:\/\/www.diarioimagen.net\/wp-content\/uploads\/2018\/06\/NAUCALPAN-3394.jpg 480w\" sizes=\"auto, (max-width: 460px) 100vw, 460px\" \/><\/a><p id=\"caption-attachment-382030\" class=\"wp-caption-text\">Tras entregar sillas de ruedas, muletas y otros aparatos auxiliares, David Parra recrimin\u00f3 tambi\u00e9n que haya naucalpenses en extrema pobreza.<\/p><\/div>\n<p>&nbsp;<\/p>\n<p><strong>Naucalpan, Estado de M\u00e9xico<\/strong>.- Las autoridades de esta localidad, hay que decirlo claramente, se han olvidado de atender y brindar apoyo a las familias m\u00e1s necesitadas.<\/p>\n<p>Hoy es necesario y urgente\u00a0\u00a0implementar distintos programas de salud, sobre todo en personas con enfermedades terminales<\/p>\n<p>As\u00ed lo dio a conocer David Parra S\u00e1nchez, l\u00edder social y\u00a0\u00a0moral del Sindicato \u00danico de Trabajadores del Estado y sus Municipios (SUTEyM), quien\u00a0\u00a0lament\u00f3 que en pleno siglo XXI se tengan casos extraordinarios de gente que sobrevive en p\u00e9simas condiciones y sin ning\u00fan tipo de ayuda.<\/p>\n<p>Admiti\u00f3 que prevalezcan seres humanos que, todav\u00eda carecen de recursos econ\u00f3micos para solventar el padecimiento, se encuentren en el abandono, muchas veces de la propia familia.<\/p>\n<p>Reiter\u00f3 que incluso, en diversos casos cuesta bastante dinero el atenderlos con los alimentos b\u00e1sicos y controlar la enfermedad.<\/p>\n<p>En ese sentido, llam\u00f3 a los distintos \u00f3rdenes de gobierno a coordinar acciones para apoyar a este sector que demanda una mejor calidad de vida.<\/p>\n<p>Parra, reproch\u00f3 en ese orden de ideas, que los \u00faltimos gobiernos en la demarcaci\u00f3n no han sido tan humanos y misericordiosos como para atender a su gente.<\/p>\n<p>Tras entregar sillas de ruedas, muletas y otros aparatos auxiliares, recrimin\u00f3 tambi\u00e9n que se tengan naucalpenses que duerman en un petate o en plena tierra, pudiendo invertir recursos p\u00fablicos mensuales para estos enfermos terminales.<\/p>\n","protected":false},"excerpt":{"rendered":"<p>Las autoridades de esta localidad, hay que decirlo claramente, se han olvidado de atender y brindar apoyo a las familias m\u00e1s necesitadas.<\/p>\n","protected":false},"author":3,"featured_media":382030,"comment_status":"open","ping_status":"open","sticky":false,"template":"","format":"standard","meta":{"_monsterinsights_skip_tracking":false,"_monsterinsights_sitenote_active":false,"_monsterinsights_sitenote_note":"","_monsterinsights_sitenote_category":0,"footnotes":""},"categories":[35155],"tags":[29035,43675,970],"class_list":["post-381929","post","type-post","status-publish","format-standard","has-post-thumbnail","hentry","category-estado-de-mexico-estado-de-mexico","tag-david-parra-sanchez","tag-estado-de-mexico","tag-naucalpan"],"_links":{"self":[{"href":"https:\/\/www.diarioimagen.net\/index.php?rest_route=\/wp\/v2\/posts\/381929","targetHints":{"allow":["GET"]}}],"collection":[{"href":"https:\/\/www.diarioimagen.net\/index.php?rest_route=\/wp\/v2\/posts"}],"about":[{"href":"https:\/\/www.diarioimagen.net\/index.php?rest_route=\/wp\/v2\/types\/post"}],"author":[{"embeddable":true,"href":"https:\/\/www.diarioimagen.net\/index.php?rest_route=\/wp\/v2\/users\/3"}],"replies":[{"embeddable":true,"href":"https:\/\/www.diarioimagen.net\/index.php?rest_route=%2Fwp%2Fv2%2Fcomments&post=381929"}],"version-history":[{"count":0,"href":"https:\/\/www.diarioimagen.net\/index.php?rest_route=\/wp\/v2\/posts\/381929\/revisions"}],"wp:featuredmedia":[{"embeddable":true,"href":"https:\/\/www.diarioimagen.net\/index.php?rest_route=\/wp\/v2\/media\/382030"}],"wp:attachment":[{"href":"https:\/\/www.diarioimagen.net\/index.php?rest_route=%2Fwp%2Fv2%2Fmedia&parent=381929"}],"wp:term":[{"taxonomy":"category","embeddable":true,"href":"https:\/\/www.diarioimagen.net\/index.php?rest_route=%2Fwp%2Fv2%2Fcategories&post=381929"},{"taxonomy":"post_tag","embeddable":true,"href":"https:\/\/www.diarioimagen.net\/index.php?rest_route=%2Fwp%2Fv2%2Ftags&post=381929"}],"curies":[{"name":"wp","href":"https:\/\/api.w.org\/{rel}","templated":true}]}}